{"id":3243,"date":"2025-08-04T16:23:19","date_gmt":"2025-08-04T19:23:19","guid":{"rendered":"https:\/\/elliberador.com\/?p=3243"},"modified":"2025-08-04T16:28:09","modified_gmt":"2025-08-04T19:28:09","slug":"basta-de-castigar-al-que-produce-brian-tello-sacudio-la-convencion-constituyente-con-dos-discursos-que-desnudaron-los-vicios-del-sistema-santafesino","status":"publish","type":"post","link":"https:\/\/elliberador.com\/index.php\/2025\/08\/04\/basta-de-castigar-al-que-produce-brian-tello-sacudio-la-convencion-constituyente-con-dos-discursos-que-desnudaron-los-vicios-del-sistema-santafesino\/","title":{"rendered":"\u201cBasta de castigar al que produce\u201d: Brian Tello sacudi\u00f3 la Convenci\u00f3n Constituyente con dos discursos que desnudaron los vicios del sistema santafesino"},"content":{"rendered":"\n<p><strong>El referente de La Libertad Avanza en Zavalla, Brian Tello, protagoniz\u00f3 uno de los momentos m\u00e1s potentes de la Convenci\u00f3n Constituyente de Santa Fe<\/strong>, al exponer dos discursos que dejaron en evidencia las contradicciones del Estado provincial. Uno, con eje en la defensa de los contribuyentes y el freno al abuso fiscal; el otro, en la necesidad de jerarquizar y proteger a los bomberos voluntarios como verdaderos h\u00e9roes de la seguridad p\u00fablica.<\/p>\n\n\n\n<h4 class=\"wp-block-heading\">\ud83d\udcb0 <em>\u201cLa plata no nace en el Estado, nace del esfuerzo de los contribuyentes\u201d<\/em><\/h4>\n\n\n\n<p>En su intervenci\u00f3n sobre el <strong>Art\u00edculo 5 de la Constituci\u00f3n<\/strong>, Tello fue tajante: \u201c<em>Esta reforma no es para ustedes. Es para la provincia<\/em>\u201d, advirti\u00f3 a los convencionales, mientras denunciaba que la Carta Magna no puede seguir siendo una herramienta al servicio del despilfarro y los privilegios pol\u00edticos.<\/p>\n\n\n\n<p>Reclam\u00f3 que se establezcan <strong>l\u00edmites claros al aumento de impuestos<\/strong>, que no pueda subirse la carga impositiva sin necesidad real y sin aprobaci\u00f3n legislativa, y apunt\u00f3 contra el uso del discurso de la \u201csolidaridad\u201d como excusa para empobrecer a los que trabajan:<\/p>\n\n\n\n<blockquote class=\"wp-block-quote is-layout-flow wp-block-quote-is-layout-flow\">\n<p><em>\u201cNo vengo a defender a los ricos ni a atacar a los pobres. Vengo a defender una idea que est\u00e1 siendo olvidada: que la plata no nace en el Estado, nace en el esfuerzo de quienes lo sostienen\u201d<\/em>.<\/p>\n<\/blockquote>\n\n\n\n<p>Adem\u00e1s, arremeti\u00f3 contra el \u201camiguismo\u201d y la concentraci\u00f3n de poder:<\/p>\n\n\n\n<blockquote class=\"wp-block-quote is-layout-flow wp-block-quote-is-layout-flow\">\n<p><em>\u201cNo tenemos rey, ni emperador, ni se\u00f1ores feudales. Tenemos representantes. Y la raz\u00f3n por la que existen es para administrar plata que es nuestra, no para apropiarse de lo ajeno\u201d<\/em>.<\/p>\n<\/blockquote>\n\n\n\n<h4 class=\"wp-block-heading\">\ud83d\ude92 <em>\u201cNo es un problema de n\u00fameros. Es de prioridades\u201d<\/em><\/h4>\n\n\n\n<p>En un segundo discurso, Tello propuso dar <strong>rango constitucional a los bomberos voluntarios<\/strong> de la provincia, a quienes defini\u00f3 como \u201cun s\u00edmbolo de vocaci\u00f3n, valent\u00eda y entrega silenciosa\u201d. Desde su experiencia personal como ex bombero, puso en primer plano una realidad ignorada por la pol\u00edtica:<\/p>\n\n\n\n<blockquote class=\"wp-block-quote is-layout-flow wp-block-quote-is-layout-flow\">\n<p><em>\u201cSalen sin preguntar a qui\u00e9n ayudan, sin garant\u00edas de volver, y lo hacen sin cobrar un peso. Lo hacen porque lo sienten. \u00bfD\u00f3nde m\u00e1s se encuentra eso hoy?\u201d<\/em><\/p>\n<\/blockquote>\n\n\n\n<p>Critic\u00f3 que se destinen <strong>miles de millones en propaganda oficial<\/strong> mientras los cuarteles carecen de lo b\u00e1sico, y expuso n\u00fameros concretos:<\/p>\n\n\n\n<ul class=\"wp-block-list\">\n<li>Con lo que hoy se gasta en publicidad, podr\u00edan comprarse 150 camiones de bomberos por a\u00f1o.<\/li>\n\n\n\n<li>En Rosario, un solo cami\u00f3n cuesta 120 millones.<\/li>\n\n\n\n<li>En Santa Fe hay m\u00e1s de 110 asociaciones, lo que permitir\u00eda renovar uno por cuartel anualmente.<\/li>\n\n\n\n<li><em>\u201cHay plata. Lo que falta es voluntad pol\u00edtica\u201d<\/em>, sentenci\u00f3.<\/li>\n<\/ul>\n\n\n\n<h4 class=\"wp-block-heading\">\ud83d\udce2 La voz de los que no viven del Estado<\/h4>\n\n\n\n<p>Tello cerr\u00f3 con un mensaje dirigido a todos los ciudadanos de a pie, esos que \u201cno forman parte del poder\u201d pero a\u00fan creen que se puede cambiar el rumbo de Santa Fe:<\/p>\n\n\n\n<blockquote class=\"wp-block-quote is-layout-flow wp-block-quote-is-layout-flow\">\n<p><em>\u201cVamos a seguir luchando por una provincia m\u00e1s libre y justa. Porque lo que hoy parece una mina de oro, es una bomba de tiempo\u201d<\/em>.<\/p>\n<\/blockquote>\n\n\n\n<figure class=\"wp-block-image size-large is-resized\"><img fetchpriority=\"high\" decoding=\"async\" width=\"768\" height=\"1024\" src=\"https:\/\/elliberador.com\/wp-content\/uploads\/2025\/08\/Imagen-de-WhatsApp-2025-08-04-a-las-15.54.44_e62f6a78-768x1024.jpg\" alt=\"\" class=\"wp-image-3245\" style=\"width:380px;height:auto\" srcset=\"https:\/\/elliberador.com\/wp-content\/uploads\/2025\/08\/Imagen-de-WhatsApp-2025-08-04-a-las-15.54.44_e62f6a78-768x1024.jpg 768w, https:\/\/elliberador.com\/wp-content\/uploads\/2025\/08\/Imagen-de-WhatsApp-2025-08-04-a-las-15.54.44_e62f6a78-225x300.jpg 225w, https:\/\/elliberador.com\/wp-content\/uploads\/2025\/08\/Imagen-de-WhatsApp-2025-08-04-a-las-15.54.44_e62f6a78-1152x1536.jpg 1152w, https:\/\/elliberador.com\/wp-content\/uploads\/2025\/08\/Imagen-de-WhatsApp-2025-08-04-a-las-15.54.44_e62f6a78-1536x2048.jpg 1536w, https:\/\/elliberador.com\/wp-content\/uploads\/2025\/08\/Imagen-de-WhatsApp-2025-08-04-a-las-15.54.44_e62f6a78-1024x1365.jpg 1024w, https:\/\/elliberador.com\/wp-content\/uploads\/2025\/08\/Imagen-de-WhatsApp-2025-08-04-a-las-15.54.44_e62f6a78-scaled.jpg 1920w\" sizes=\"(max-width: 768px) 100vw, 768px\" \/><\/figure>\n\n\n\n<h3 class=\"wp-block-heading\"><em>\u201cNo es un gasto. Es justicia\u201d: Tello pidi\u00f3 rango constitucional para los bomberos voluntarios<\/em><\/h3>\n\n\n\n<p>En un segundo discurso, <strong>Brian Tello propuso incluir en la Constituci\u00f3n Provincial a los bomberos voluntarios<\/strong> como parte formal del sistema de seguridad p\u00fablica. Y lo hizo con conocimiento de causa: \u00e9l mismo fue parte de un cuartel.<\/p>\n\n\n\n<blockquote class=\"wp-block-quote is-layout-flow wp-block-quote-is-layout-flow\">\n<p><em>\u201cQuien se puso ese uniforme sabe lo que significa: salir corriendo sin preguntar a qui\u00e9n vas a ayudar, y sin garant\u00edas de volver. Y todo eso, a cambio de nada\u201d<\/em>, expres\u00f3 con emoci\u00f3n.<\/p>\n<\/blockquote>\n\n\n\n<p>Tello denunci\u00f3 que mientras el Estado gasta miles de millones en pauta oficial, los cuarteles <strong>carecen de insumos b\u00e1sicos, camiones, cascos y mangueras<\/strong>.<\/p>\n\n\n\n<ul class=\"wp-block-list\">\n<li>Con lo que se gasta por a\u00f1o en propaganda se podr\u00edan comprar <strong>m\u00e1s de 150 camiones nuevos<\/strong>, uno por cada cuartel.<\/li>\n\n\n\n<li>Hay solo <strong>4.000 bomberos voluntarios en toda la provincia<\/strong>, pero se podr\u00edan capacitar gratuitamente a <strong>20.000 por a\u00f1o<\/strong> con el presupuesto actual de publicidad.<\/li>\n<\/ul>\n\n\n\n<blockquote class=\"wp-block-quote is-layout-flow wp-block-quote-is-layout-flow\">\n<p><em>\u201cNo es un problema de n\u00fameros. Es de prioridades. En Santa Fe hay plata. Lo que falta es voluntad pol\u00edtica\u201d<\/em>.<\/p>\n<\/blockquote>\n\n\n\n<p>Cerr\u00f3 con un llamado a la conciencia de los convencionales:<\/p>\n\n\n\n<blockquote class=\"wp-block-quote is-layout-flow wp-block-quote-is-layout-flow\">\n<p><em>\u201cTodos alguna vez los necesitaremos, y ojal\u00e1 sea solo para bajar un gato de un \u00e1rbol. Pero incluso ah\u00ed\u2026 van a estar. Arriesgando su vida por la nuestra. Reconozc\u00e1moslos como se merecen\u201d<\/em>.<\/p>\n<\/blockquote>\n","protected":false},"excerpt":{"rendered":"<p>n una intervenci\u00f3n doble que combin\u00f3 firmeza t\u00e9cnica y emoci\u00f3n personal, el libertario Brian Tello \u2014representante de La Libertad Avanza en Zavalla\u2014 dej\u00f3 su marca en la Convenci\u00f3n Constituyente de Santa Fe. Denunci\u00f3 el saqueo fiscal que castiga al que trabaja y propuso jerarquizar a los bomberos voluntarios como parte esencial del sistema de seguridad p\u00fablica. Dos discursos que incomodaron al oficialismo y pusieron el foco donde nadie quer\u00eda mirar: en la plata de la gente y en los h\u00e9roes olvidados.<\/p>\n","protected":false},"author":2,"featured_media":3244,"comment_status":"open","ping_status":"open","sticky":false,"template":"","format":"standard","meta":{"_acf_changed":false,"advanced_seo_description":"","jetpack_seo_html_title":"","jetpack_seo_noindex":false,"_jetpack_memberships_contains_paid_content":false,"footnotes":""},"categories":[4],"tags":[20],"class_list":["post-3243","post","type-post","status-publish","format-standard","has-post-thumbnail","hentry","category-politica","tag-destacados"],"acf":[],"jetpack_featured_media_url":"https:\/\/elliberador.com\/wp-content\/uploads\/2025\/08\/Brian-Tello-reforma-convencional.jpg","jetpack_sharing_enabled":true,"_links":{"self":[{"href":"https:\/\/elliberador.com\/index.php\/wp-json\/wp\/v2\/posts\/3243","targetHints":{"allow":["GET"]}}],"collection":[{"href":"https:\/\/elliberador.com\/index.php\/wp-json\/wp\/v2\/posts"}],"about":[{"href":"https:\/\/elliberador.com\/index.php\/wp-json\/wp\/v2\/types\/post"}],"author":[{"embeddable":true,"href":"https:\/\/elliberador.com\/index.php\/wp-json\/wp\/v2\/users\/2"}],"replies":[{"embeddable":true,"href":"https:\/\/elliberador.com\/index.php\/wp-json\/wp\/v2\/comments?post=3243"}],"version-history":[{"count":2,"href":"https:\/\/elliberador.com\/index.php\/wp-json\/wp\/v2\/posts\/3243\/revisions"}],"predecessor-version":[{"id":3247,"href":"https:\/\/elliberador.com\/index.php\/wp-json\/wp\/v2\/posts\/3243\/revisions\/3247"}],"wp:featuredmedia":[{"embeddable":true,"href":"https:\/\/elliberador.com\/index.php\/wp-json\/wp\/v2\/media\/3244"}],"wp:attachment":[{"href":"https:\/\/elliberador.com\/index.php\/wp-json\/wp\/v2\/media?parent=3243"}],"wp:term":[{"taxonomy":"category","embeddable":true,"href":"https:\/\/elliberador.com\/index.php\/wp-json\/wp\/v2\/categories?post=3243"},{"taxonomy":"post_tag","embeddable":true,"href":"https:\/\/elliberador.com\/index.php\/wp-json\/wp\/v2\/tags?post=3243"}],"curies":[{"name":"wp","href":"https:\/\/api.w.org\/{rel}","templated":true}]}}