{"id":3248,"date":"2025-08-04T22:20:56","date_gmt":"2025-08-05T01:20:56","guid":{"rendered":"https:\/\/elliberador.com\/?p=3248"},"modified":"2025-08-04T22:21:47","modified_gmt":"2025-08-05T01:21:47","slug":"lavacoches-o-cuida-coches-incongruencia-conceptual","status":"publish","type":"post","link":"https:\/\/elliberador.com\/index.php\/2025\/08\/04\/lavacoches-o-cuida-coches-incongruencia-conceptual\/","title":{"rendered":"Lavacoches o cuida coches \u00bfIncongruencia conceptual?"},"content":{"rendered":"\n<h2 class=\"wp-block-heading\">\ud83d\udeab Elementos b\u00e1sicos a tener en cuenta en esta \u201cactividad\u201d<\/h2>\n\n\n\n<ol class=\"wp-block-list\">\n<li><strong>La actividad no es productiva.<\/strong><br>No genera ning\u00fan tipo de valor agregado.<\/li>\n\n\n\n<li><strong>Genera ingresos no documentados.<\/strong><br>Por lo tanto, no pagan impuestos.<\/li>\n\n\n\n<li><strong>Implica egresos por extorsi\u00f3n.<\/strong><br>No se paga por un servicio real prestado, sino por presi\u00f3n.<\/li>\n\n\n\n<li><strong>Tiene una relaci\u00f3n costo-beneficio que desalienta cualquier cambio.<\/strong><br>Cuando se instala, es pr\u00e1cticamente imposible de reemplazar por otra actividad legal, ya que <strong>ninguna ayuda estatal ni trabajo real puede competir con la rentabilidad de lo ilegal<\/strong>.<\/li>\n\n\n\n<li><strong>Ning\u00fan contribuyente legal puede hacer lo mismo sin ser sancionado.<\/strong><br>En actividades reguladas, esto generar\u00eda multas o sanciones.<\/li>\n\n\n\n<li><strong>Aumenta los problemas de inseguridad.<\/strong><br>Se suma a los ya existentes en la v\u00eda p\u00fablica.<\/li>\n\n\n\n<li><strong>Es una forma de delegar por omisi\u00f3n el rol del Estado.<\/strong><br>El poder p\u00fablico se lava las manos, y deja que <strong>los privados paguen extorsiones para mantener personajes no productivos<\/strong>.<\/li>\n\n\n\n<li><strong>Molesta al entorno.<\/strong><br>Es una actividad <strong>visiblemente invasiva<\/strong> donde se realiza.<\/li>\n\n\n\n<li><strong>Afecta la facturaci\u00f3n legal.<\/strong><br>Disminuye la actividad econ\u00f3mica de quienes s\u00ed pagan impuestos y operan dentro del marco legal.<\/li>\n\n\n\n<li><strong>Genera basura y residuos.<\/strong><br>Se ensucian espacios p\u00fablicos que no est\u00e1n preparados para esa tarea.<\/li>\n\n\n\n<li><strong>Produce una injusticia estructural.<\/strong><br>Hay una <strong>absoluta inequidad entre quienes trabajan realmente y quienes bordean la ilegalidad, benefici\u00e1ndose de ello<\/strong>.<\/li>\n\n\n\n<li><strong>El lavado de autos puede hacerse de forma privada y legal.<\/strong><br>Si alguien quiere lavar su auto, puede hacerlo frente a su casa, y <strong>pagarle a alguien formalmente para realizar la tarea<\/strong>, usando su propia canilla.<\/li>\n<\/ol>\n\n\n\n<hr class=\"wp-block-separator has-alpha-channel-opacity\"\/>\n\n\n\n<h2 class=\"wp-block-heading\">\ud83d\udcc9 En s\u00edntesis:<\/h2>\n\n\n\n<p>Es una actividad que <strong>no debe existir<\/strong>.<br>Cualquier decisi\u00f3n que se tome <strong>debe apuntar a su eliminaci\u00f3n definitiva<\/strong>:<\/p>\n\n\n\n<ul class=\"wp-block-list\">\n<li>Ni lava coches.<\/li>\n\n\n\n<li>Ni cuida coches.<\/li>\n<\/ul>\n\n\n\n<p>\ud83d\udc49 <strong>Institucionalizarla ser\u00eda legitimar una actividad delictiva.<\/strong><br>Eso distorsionar\u00eda completamente los valores de convivencia.<\/p>\n\n\n\n<hr class=\"wp-block-separator has-alpha-channel-opacity\"\/>\n\n\n\n<h2 class=\"wp-block-heading\">\ud83e\udde0 Ejemplo ilustrativo:<\/h2>\n\n\n\n<p><strong>Imaginemos dos hermanos:<\/strong><\/p>\n\n\n\n<ul class=\"wp-block-list\">\n<li>Uno lavacoches, informal y sin impuestos.<\/li>\n\n\n\n<li>Otro empleado formal en un lavadero de autos.<\/li>\n<\/ul>\n\n\n\n<p><strong>\u00bfCu\u00e1l de los dos se beneficia m\u00e1s del dinero de todos?<\/strong><br>\u00bfVale la pena esforzarse por trabajar legalmente?<\/p>\n\n\n\n<hr class=\"wp-block-separator has-alpha-channel-opacity\"\/>\n\n\n\n<h2 class=\"wp-block-heading\">\ud83d\udccd Caso Rafaela<\/h2>\n\n\n\n<p>Alguna vez se realiz\u00f3 una encuesta que, adem\u00e1s de mal dise\u00f1ada, <strong>buscaba \u00fanicamente justificar la aceptaci\u00f3n de esta actividad para institucionalizarla<\/strong>.<br>Fue una iniciativa sin sustento t\u00e9cnico, sin diagn\u00f3stico serio, y cuyo resultado fue <strong>una p\u00e9rdida de tiempo y recursos p\u00fablicos.<\/strong><\/p>\n\n\n\n<hr class=\"wp-block-separator has-alpha-channel-opacity\"\/>\n\n\n\n<h2 class=\"wp-block-heading\">\u2714\ufe0f Propuesta<\/h2>\n\n\n\n<p><strong>\ud83c\udfaf Objetivo:<\/strong> Que no exista m\u00e1s la actividad de lava coches ni cuida coches.<\/p>\n\n\n\n<p><strong>\ud83d\udcdc Legislaci\u00f3n:<\/strong><\/p>\n\n\n\n<ul class=\"wp-block-list\">\n<li>Prohibir expresamente ambas actividades.<\/li>\n\n\n\n<li>Autorizar a las autoridades a <strong>confiscar los elementos<\/strong> utilizados para estas tareas.<\/li>\n<\/ul>\n\n\n\n<p><strong>\ud83d\udcb8 Multas:<\/strong><\/p>\n\n\n\n<ul class=\"wp-block-list\">\n<li>A propietarios de veh\u00edculos que se laven en la v\u00eda p\u00fablica.<\/li>\n\n\n\n<li>A personas que cedan agua para ello, salvo frente a su casa y para su propio auto.<\/li>\n<\/ul>\n\n\n\n<p><strong>\ud83d\udce2 Campa\u00f1a de concientizaci\u00f3n:<\/strong><br>Carteles y mensajes en medios advirtiendo que:<\/p>\n\n\n\n<blockquote class=\"wp-block-quote is-layout-flow wp-block-quote-is-layout-flow\">\n<p><em>\u201cNo es bueno pagar para que cuiden su veh\u00edculo. Eso le corresponde al Estado. Pagar es aceptar una extorsi\u00f3n al estilo mafioso.\u201d<\/em><\/p>\n<\/blockquote>\n\n\n\n<hr class=\"wp-block-separator has-alpha-channel-opacity\"\/>\n\n\n\n<h2 class=\"wp-block-heading\">\ud83e\uddf1 Reflexi\u00f3n final<\/h2>\n\n\n\n<p>No enfrentar este problema es <strong>transferirle a la sociedad una tarea que debe cumplir el sector p\u00fablico<\/strong>, cuyos funcionarios <strong>cobran excelentes sueldos para hacerse cargo<\/strong>.<\/p>\n\n\n\n<p>Las organizaciones e instituciones intermedias deben <strong>defender conceptos claros<\/strong>, no parches ni paliativos.<br>Este es un llamado a las entidades que a\u00fan creen en los <strong>verdaderos valores de una sociedad organizada<\/strong>, y en un Estado que se limite a <strong>garantizar vida, libertad y propiedad<\/strong>, respetando el principio de no agresi\u00f3n.<\/p>\n\n\n\n<p>Este \u00abtrabajo\u00bb no cumple con ninguno de esos principios.<\/p>\n","protected":false},"excerpt":{"rendered":"<p>En un an\u00e1lisis claro y sin eufemismos, esta columna expone por qu\u00e9 la actividad de los lavacoches y cuidacoches en la v\u00eda p\u00fablica no solo es ilegal, sino profundamente injusta. No genera valor, evade impuestos, fomenta la extorsi\u00f3n y castiga al que trabaja dentro de la ley. Institucionalizarla ser\u00eda avalar una distorsi\u00f3n \u00e9tica y econ\u00f3mica que perjudica a toda la sociedad.<\/p>\n","protected":false},"author":2,"featured_media":3249,"comment_status":"open","ping_status":"open","sticky":false,"template":"","format":"standard","meta":{"_acf_changed":false,"advanced_seo_description":"","jetpack_seo_html_title":"","jetpack_seo_noindex":false,"_jetpack_memberships_contains_paid_content":false,"footnotes":""},"categories":[35],"tags":[20],"class_list":["post-3248","post","type-post","status-publish","format-standard","has-post-thumbnail","hentry","category-opinion","tag-destacados"],"acf":[],"jetpack_featured_media_url":"https:\/\/elliberador.com\/wp-content\/uploads\/2025\/08\/Captura-de-pantalla-2025-08-04-221727.png","jetpack_sharing_enabled":true,"_links":{"self":[{"href":"https:\/\/elliberador.com\/index.php\/wp-json\/wp\/v2\/posts\/3248","targetHints":{"allow":["GET"]}}],"collection":[{"href":"https:\/\/elliberador.com\/index.php\/wp-json\/wp\/v2\/posts"}],"about":[{"href":"https:\/\/elliberador.com\/index.php\/wp-json\/wp\/v2\/types\/post"}],"author":[{"embeddable":true,"href":"https:\/\/elliberador.com\/index.php\/wp-json\/wp\/v2\/users\/2"}],"replies":[{"embeddable":true,"href":"https:\/\/elliberador.com\/index.php\/wp-json\/wp\/v2\/comments?post=3248"}],"version-history":[{"count":1,"href":"https:\/\/elliberador.com\/index.php\/wp-json\/wp\/v2\/posts\/3248\/revisions"}],"predecessor-version":[{"id":3250,"href":"https:\/\/elliberador.com\/index.php\/wp-json\/wp\/v2\/posts\/3248\/revisions\/3250"}],"wp:featuredmedia":[{"embeddable":true,"href":"https:\/\/elliberador.com\/index.php\/wp-json\/wp\/v2\/media\/3249"}],"wp:attachment":[{"href":"https:\/\/elliberador.com\/index.php\/wp-json\/wp\/v2\/media?parent=3248"}],"wp:term":[{"taxonomy":"category","embeddable":true,"href":"https:\/\/elliberador.com\/index.php\/wp-json\/wp\/v2\/categories?post=3248"},{"taxonomy":"post_tag","embeddable":true,"href":"https:\/\/elliberador.com\/index.php\/wp-json\/wp\/v2\/tags?post=3248"}],"curies":[{"name":"wp","href":"https:\/\/api.w.org\/{rel}","templated":true}]}}