{"id":3251,"date":"2025-08-05T22:45:17","date_gmt":"2025-08-06T01:45:17","guid":{"rendered":"https:\/\/elliberador.com\/?p=3251"},"modified":"2025-08-05T23:07:11","modified_gmt":"2025-08-06T02:07:11","slug":"la-industria-de-la-discapacidad-el-clientelismo-que-el-kirchnerismo-uso-como-caja-y-milei-empezo-a-desmantelar","status":"publish","type":"post","link":"https:\/\/elliberador.com\/index.php\/2025\/08\/05\/la-industria-de-la-discapacidad-el-clientelismo-que-el-kirchnerismo-uso-como-caja-y-milei-empezo-a-desmantelar\/","title":{"rendered":"La industria de la discapacidad: el clientelismo que el kirchnerismo us\u00f3 como caja y Milei empez\u00f3 a desmantelar"},"content":{"rendered":"\n<p>Desde 2003 hasta hoy, Argentina protagoniz\u00f3 un fen\u00f3meno tan ins\u00f3lito como escandaloso: el crecimiento descomunal de las pensiones por invalidez laboral no contributivas. Lo que en teor\u00eda deber\u00eda ser un derecho exclusivo de quienes no pueden valerse por sus propios medios, se convirti\u00f3 en la pr\u00e1ctica en una de las herramientas m\u00e1s grandes de clientelismo pol\u00edtico de la historia reciente.<\/p>\n\n\n\n<p>Cuando N\u00e9stor Kirchner asumi\u00f3 en 2003, hab\u00eda <strong>79.000 pensiones por invalidez<\/strong>. Para el 2023, la cifra superaba <strong>1.220.000<\/strong>. Un aumento de m\u00e1s del <strong>1.400%<\/strong> en 20 a\u00f1os, en un pa\u00eds sin guerras, terremotos ni pandemias cr\u00f3nicas. Pasamos de tener <strong>1 pensi\u00f3n cada 450 habitantes<\/strong> a <strong>1 cada 37 argentinos<\/strong>.<\/p>\n\n\n\n<hr class=\"wp-block-separator has-alpha-channel-opacity\"\/>\n\n\n\n<h2 class=\"wp-block-heading\">\ud83d\udcca El \u201cmilagro\u201d kirchnerista: c\u00f3mo se multiplicaron los discapacitados<\/h2>\n\n\n\n<p>Durante los gobiernos de N\u00e9stor, Cristina y Alberto, las pensiones por invalidez pasaron del 0,22% de la poblaci\u00f3n al 2,7%. La \u00fanica pausa fue entre 2015 y 2019. Pero con Alberto Fern\u00e1ndez, el crecimiento volvi\u00f3 a acelerarse. Para 2023, la cifra superaba el mill\u00f3n doscientos mil beneficiarios.<\/p>\n\n\n\n<p>El vocero presidencial lo dijo sin vueltas: <em>\u201cni en pa\u00edses que atravesaron guerras se vio semejante cifra\u201d<\/em>.<\/p>\n\n\n\n<hr class=\"wp-block-separator has-alpha-channel-opacity\"\/>\n\n\n\n<h2 class=\"wp-block-heading\">\ud83c\udf0e Comparaci\u00f3n internacional: Argentina lidera un ranking vergonzosos<\/h2>\n\n\n\n<p>Argentina lidera un ranking que deber\u00eda avergonzarnos.<\/p>\n\n\n\n<hr class=\"wp-block-separator has-alpha-channel-opacity\"\/>\n\n\n\n<h2 class=\"wp-block-heading\">\ud83e\uddd1\u200d\u2695\ufe0f El caso Tostado: clientelismo y salud p\u00fablica como negocio pol\u00edtico<\/h2>\n\n\n\n<p>Uno de los casos m\u00e1s alarmantes se da en <strong>Tostado<\/strong>, norte de Santa Fe. All\u00ed, un reconocido m\u00e9dico cl\u00ednico vinculado a la pol\u00edtica (ampliaremos) firmaba certificados de <strong>discapacidad neurol\u00f3gica<\/strong> sin intervenci\u00f3n de especialistas ni evaluaciones serias. Literalmente firmaba como cl\u00ednico certificados psiqui\u00e1tricos.<\/p>\n\n\n\n<p>Aunque a\u00fan no hay fallo judicial, el esquema podr\u00eda constituir un <strong>fraude masivo por clientelismo<\/strong>, en una localidad que, <strong>junto a Chaco, tiene el promedio m\u00e1s alto del pa\u00eds de pensiones por discapacidad<\/strong>. En un pa\u00eds ya inflado de \u201cdiscapacitados\u201d, Tostado sobresale. \u00bfCasualidad?<\/p>\n\n\n\n<p>Adem\u00e1s, el senador pullarista <strong>Joaqu\u00edn Gramajo<\/strong> presion\u00f3 para que las auditor\u00edas no se hicieran en Rafaela \u2013donde eran independientes\u2013 sino en Tostado, donde pod\u00eda influir. El argumento fue la \u201ccomodidad\u201d de los beneficiarios. El resultado: <strong>los controles se hagan en territorio de los punteros<\/strong>. Lo que evidencia que este negocio clientelar no fue solo kirchnerista.<\/p>\n\n\n\n<hr class=\"wp-block-separator has-alpha-channel-opacity\"\/>\n\n\n\n<h2 class=\"wp-block-heading\">\ud83e\ude7b El esc\u00e1ndalo de las radiograf\u00edas truchas<\/h2>\n\n\n\n<p>El vocero presidencial <strong>Manuel Adorni<\/strong> lo mostr\u00f3 en conferencia:<\/p>\n\n\n\n<ul class=\"wp-block-list\">\n<li>Una <strong>radiograf\u00eda de un perro<\/strong> fue usada como prueba m\u00e9dica.<\/li>\n\n\n\n<li>En Chaco, se us\u00f3 <strong>el mismo estudio de rayos X en 250 tr\u00e1mites<\/strong> distintos.<\/li>\n<\/ul>\n\n\n\n<p>Esto no es un problema administrativo. Es una <strong>estafa al Estado<\/strong>, orquestada y sistem\u00e1tica. Una maquinaria de curros disfrazada de asistencia social.<\/p>\n\n\n\n<hr class=\"wp-block-separator has-alpha-channel-opacity\"\/>\n\n\n\n<h2 class=\"wp-block-heading\">\ud83d\udcc9 \u00bfAjuste? El verdadero fue con Alberto<\/h2>\n\n\n\n<p>Mientras hoy protestan por los aranceles y los recortes, conviene recordar lo siguiente:<\/p>\n\n\n\n<h3 class=\"wp-block-heading\">Cuadro comparativo: Aranceles vs Inflaci\u00f3n<\/h3>\n\n\n\n<figure class=\"wp-block-table\"><table class=\"has-fixed-layout mtr-table mtr-thead-th\"><thead><tr><th data-mtr-content=\"A\u00f1o\" class=\"mtr-th-tag\"><div class=\"mtr-cell-content\">A\u00f1o<\/div><\/th><th data-mtr-content=\"Aumento a prestadores\" class=\"mtr-th-tag\"><div class=\"mtr-cell-content\">Aumento a prestadores<\/div><\/th><th data-mtr-content=\"Inflaci\u00f3n anual\" class=\"mtr-th-tag\"><div class=\"mtr-cell-content\">Inflaci\u00f3n anual<\/div><\/th><th data-mtr-content=\"Diferencia real (p.p.)\" class=\"mtr-th-tag\"><div class=\"mtr-cell-content\">Diferencia real (p.p.)<\/div><\/th><\/tr><\/thead><tbody><tr><td data-mtr-content=\"A\u00f1o\" class=\"mtr-td-tag\"><div class=\"mtr-cell-content\">2023 (Alberto F.)<\/div><\/td><td data-mtr-content=\"Aumento a prestadores\" class=\"mtr-td-tag\"><div class=\"mtr-cell-content\">+93%<\/div><\/td><td data-mtr-content=\"Inflaci\u00f3n anual\" class=\"mtr-td-tag\"><div class=\"mtr-cell-content\">211%<\/div><\/td><td data-mtr-content=\"Diferencia real (p.p.)\" class=\"mtr-td-tag\"><div class=\"mtr-cell-content\">-118 puntos<\/div><\/td><\/tr><tr><td data-mtr-content=\"A\u00f1o\" class=\"mtr-td-tag\"><div class=\"mtr-cell-content\">2024 (Milei)<\/div><\/td><td data-mtr-content=\"Aumento a prestadores\" class=\"mtr-td-tag\"><div class=\"mtr-cell-content\">+99%<\/div><\/td><td data-mtr-content=\"Inflaci\u00f3n anual\" class=\"mtr-td-tag\"><div class=\"mtr-cell-content\">~117%<\/div><\/td><td data-mtr-content=\"Diferencia real (p.p.)\" class=\"mtr-td-tag\"><div class=\"mtr-cell-content\">-18 puntos<\/div><\/td><\/tr><tr><td data-mtr-content=\"A\u00f1o\" class=\"mtr-td-tag\"><div class=\"mtr-cell-content\">2025 (proyectado)<\/div><\/td><td data-mtr-content=\"Aumento a prestadores\" class=\"mtr-td-tag\"><div class=\"mtr-cell-content\">+0%<\/div><\/td><td data-mtr-content=\"Inflaci\u00f3n anual\" class=\"mtr-td-tag\"><div class=\"mtr-cell-content\">~80%<\/div><\/td><td data-mtr-content=\"Diferencia real (p.p.)\" class=\"mtr-td-tag\"><div class=\"mtr-cell-content\">-80 puntos<\/div><\/td><\/tr><\/tbody><\/table><\/figure>\n\n\n\n<p>Durante 2023, bajo Alberto, los prestadores perdieron m\u00e1s de <strong>la mitad del poder adquisitivo<\/strong>. Nadie march\u00f3. Nadie levant\u00f3 la voz. Ahora que se audita a los truchos, aparecen los indignados de ocasi\u00f3n.<\/p>\n\n\n\n<hr class=\"wp-block-separator has-alpha-channel-opacity\"\/>\n\n\n\n<h2 class=\"wp-block-heading\">\ud83d\udde3\ufe0f Francos: \u201cEsto es para romper el equilibrio fiscal\u201d<\/h2>\n\n\n\n<p>El jefe de Gabinete, <strong>Guillermo Francos<\/strong>, fue tajante:<\/p>\n\n\n\n<blockquote class=\"wp-block-quote is-layout-flow wp-block-quote-is-layout-flow\">\n<p>\u201cUna auditor\u00eda de la ANDIS sobre 3.000 pensiones al azar demostr\u00f3 que el 80% no reun\u00eda los requisitos m\u00ednimos.\u201d<br>\u201cEsto implica un gasto de USD 2.400 millones anuales sin justificaci\u00f3n. As\u00ed de irresponsable fue el gobierno de quienes esta madrugada votaron un aumento que representa medio punto del PBI.\u201d<\/p>\n<\/blockquote>\n\n\n\n<hr class=\"wp-block-separator has-alpha-channel-opacity\"\/>\n\n\n\n<h2 class=\"wp-block-heading\">\ud83d\udcdc Una ley que nunca existi\u00f3&#8230; hasta que perdieron el poder<\/h2>\n\n\n\n<p>Los mismos diputados y senadores que <strong>nunca presentaron una ley seria para personas con discapacidad<\/strong> durante 20 a\u00f1os, ahora est\u00e1n desesperados por impulsar una norma nueva. <strong>\u00bfPor qu\u00e9 ahora?<\/strong> Porque est\u00e1n fuera del poder y lo \u00fanico que buscan es <strong>desestabilizar al gobierno atacando su punto fuerte: el equilibrio fiscal<\/strong>.<\/p>\n\n\n\n<p>\ud83d\udd0d El plan es evidente: como no pudieron voltear al gobierno por otros medios, intentan <strong>romperle la caja<\/strong>, justo <strong>antes de una elecci\u00f3n legislativa clave<\/strong>, donde Milei probablemente aumente su poder parlamentario. Y con eso, <strong>se les termina el negocio<\/strong>.<\/p>\n\n\n\n<p>En un <strong>\u00faltimo acto de desesperaci\u00f3n<\/strong>, usan una causa noble como bandera, manipulan a personas con necesidades reales \u2014que ellos mismos abandonaron\u2014 y <strong>prenden fuego el debate p\u00fablico con cinismo y oportunismo<\/strong>. Pero no pueden ocultar la verdad: <strong>jam\u00e1s se preocuparon por el sistema. Solo lo usaron<\/strong>.<\/p>\n\n\n\n<hr class=\"wp-block-separator has-alpha-channel-opacity\"\/>\n\n\n\n<h2 class=\"wp-block-heading\">\ud83c\udfaf No es por el ajuste, es por las cajas<\/h2>\n\n\n\n<blockquote class=\"wp-block-quote is-layout-flow wp-block-quote-is-layout-flow\">\n<p><strong>Lo que estamos viendo es como si el pintor que arruin\u00f3 tu casa, rompi\u00f3 las paredes, te rob\u00f3 los electrodom\u00e9sticos y adem\u00e1s te cobr\u00f3 por adelantado\u2026 hoy vuelve a tocar el timbre para criticar al nuevo pintor que est\u00e1 tratando de arreglar el desastre que \u00e9l mismo dej\u00f3.<\/strong><\/p>\n<\/blockquote>\n\n\n\n<p>Los que hoy gritan no defienden derechos. <strong>Defienden curros, negocios, contratos, estructuras parasitarias y votos cautivos<\/strong>. Se les termin\u00f3 la joda.<\/p>\n\n\n\n<p>Argentina no necesita m\u00e1s \u201cderechos\u201d vaciados por la corrupci\u00f3n. <strong>Necesita justicia, equidad y dignidad.<\/strong><\/p>\n\n\n\n<p><\/p>\n","protected":false},"excerpt":{"rendered":"<p>El kirchnerismo convirti\u00f3 las pensiones por invalidez en una m\u00e1quina clientelar de $3.000 millones de d\u00f3lares anuales. Hoy, el gobierno de Javier Milei audita un sistema plagado de truchadas, con casos escandalosos como el de Tostado, donde la salud p\u00fablica habr\u00eda sido usada para fabricar discapacitados con fines pol\u00edticos. Mientras se rasgan las vestiduras por el \u201cajuste\u201d, se expone una de las estafas sociales m\u00e1s perversas del populismo estatal.<\/p>\n","protected":false},"author":2,"featured_media":3252,"comment_status":"open","ping_status":"open","sticky":false,"template":"","format":"standard","meta":{"_acf_changed":false,"advanced_seo_description":"","jetpack_seo_html_title":"","jetpack_seo_noindex":false,"_jetpack_memberships_contains_paid_content":false,"footnotes":""},"categories":[4],"tags":[20],"class_list":["post-3251","post","type-post","status-publish","format-standard","has-post-thumbnail","hentry","category-politica","tag-destacados"],"acf":[],"jetpack_featured_media_url":"https:\/\/elliberador.com\/wp-content\/uploads\/2025\/08\/Captura-de-pantalla-2025-08-05-222728.png","jetpack_sharing_enabled":true,"_links":{"self":[{"href":"https:\/\/elliberador.com\/index.php\/wp-json\/wp\/v2\/posts\/3251","targetHints":{"allow":["GET"]}}],"collection":[{"href":"https:\/\/elliberador.com\/index.php\/wp-json\/wp\/v2\/posts"}],"about":[{"href":"https:\/\/elliberador.com\/index.php\/wp-json\/wp\/v2\/types\/post"}],"author":[{"embeddable":true,"href":"https:\/\/elliberador.com\/index.php\/wp-json\/wp\/v2\/users\/2"}],"replies":[{"embeddable":true,"href":"https:\/\/elliberador.com\/index.php\/wp-json\/wp\/v2\/comments?post=3251"}],"version-history":[{"count":6,"href":"https:\/\/elliberador.com\/index.php\/wp-json\/wp\/v2\/posts\/3251\/revisions"}],"predecessor-version":[{"id":3262,"href":"https:\/\/elliberador.com\/index.php\/wp-json\/wp\/v2\/posts\/3251\/revisions\/3262"}],"wp:featuredmedia":[{"embeddable":true,"href":"https:\/\/elliberador.com\/index.php\/wp-json\/wp\/v2\/media\/3252"}],"wp:attachment":[{"href":"https:\/\/elliberador.com\/index.php\/wp-json\/wp\/v2\/media?parent=3251"}],"wp:term":[{"taxonomy":"category","embeddable":true,"href":"https:\/\/elliberador.com\/index.php\/wp-json\/wp\/v2\/categories?post=3251"},{"taxonomy":"post_tag","embeddable":true,"href":"https:\/\/elliberador.com\/index.php\/wp-json\/wp\/v2\/tags?post=3251"}],"curies":[{"name":"wp","href":"https:\/\/api.w.org\/{rel}","templated":true}]}}