{"id":3313,"date":"2025-08-10T20:12:00","date_gmt":"2025-08-10T23:12:00","guid":{"rendered":"https:\/\/elliberador.com\/?p=3313"},"modified":"2025-08-10T20:42:41","modified_gmt":"2025-08-10T23:42:41","slug":"la-pobreza-urbana-en-argentina-cae-a-su-nivel-mas-bajo-desde-2018","status":"publish","type":"post","link":"https:\/\/elliberador.com\/index.php\/2025\/08\/10\/la-pobreza-urbana-en-argentina-cae-a-su-nivel-mas-bajo-desde-2018\/","title":{"rendered":"La pobreza urbana en Argentina cae a su nivel m\u00e1s bajo desde 2018 tras el mayor ajuste de la historia"},"content":{"rendered":"\n<p>El \u00faltimo dato oficial revela que la <strong>pobreza urbana en Argentina cay\u00f3 al 31,6% en el primer semestre de 2025<\/strong>, marcando el nivel m\u00e1s bajo desde 2018.<br>Este descenso se produce luego de un per\u00edodo de extrema volatilidad en los indicadores sociales: tras el cambio de gobierno a fines de 2023, la eliminaci\u00f3n de subsidios, el sinceramiento de tarifas y la correcci\u00f3n de precios relativos generaron un impacto inmediato que llev\u00f3 la pobreza a niveles r\u00e9cord en el <strong>primer semestre de 2024<\/strong>.<\/p>\n\n\n\n<h3 class=\"wp-block-heading\">\ud83d\udcc8 Del pico hist\u00f3rico al piso de 7 a\u00f1os<\/h3>\n\n\n\n<p>La secuencia que muestra el gr\u00e1fico es clara:<\/p>\n\n\n\n<ul class=\"wp-block-list\">\n<li><strong>Primer semestre 2024 (52,9%):<\/strong> El inicio del mandato libertario vino acompa\u00f1ado de un sinceramiento que expuso la magnitud del deterioro heredado. La medici\u00f3n, bajo la misma metodolog\u00eda oficial, marc\u00f3 el valor m\u00e1s alto de toda la serie desde que se mide con la actual base estad\u00edstica. Este salto no respondi\u00f3 a un \u201cempeoramiento\u201d en pocos meses, sino a la eliminaci\u00f3n de precios artificialmente reprimidos y tarifas congeladas que el gobierno anterior hab\u00eda usado como maquillaje estad\u00edstico.<\/li>\n\n\n\n<li><strong>Segundo semestre 2024 (38,1%):<\/strong> La baja inflaci\u00f3n intermensual, producto del ajuste fiscal y la disciplina monetaria, comenz\u00f3 a revertir el deterioro de los ingresos reales. El indicador social reaccion\u00f3 m\u00e1s r\u00e1pido de lo que muchos analistas anticipaban, recuperando m\u00e1s de 14 puntos en apenas seis meses.<\/li>\n\n\n\n<li><strong>Primer semestre 2025 (31,6%):<\/strong> Con inflaci\u00f3n anualizada en un d\u00edgito y un super\u00e1vit fiscal r\u00e9cord \u2014el m\u00e1s alto en la historia contempor\u00e1nea del pa\u00eds\u2014, la pobreza continu\u00f3 cayendo hasta alcanzar el m\u00ednimo desde el segundo semestre de 2018.<\/li>\n<\/ul>\n\n\n\n<figure class=\"wp-block-image size-large\"><img fetchpriority=\"high\" decoding=\"async\" width=\"1020\" height=\"1024\" src=\"https:\/\/elliberador.com\/wp-content\/uploads\/2025\/08\/output-5-1020x1024.png\" alt=\"\" class=\"wp-image-3318\" srcset=\"https:\/\/elliberador.com\/wp-content\/uploads\/2025\/08\/output-5-1020x1024.png 1020w, https:\/\/elliberador.com\/wp-content\/uploads\/2025\/08\/output-5-300x300.png 300w, https:\/\/elliberador.com\/wp-content\/uploads\/2025\/08\/output-5-150x150.png 150w, https:\/\/elliberador.com\/wp-content\/uploads\/2025\/08\/output-5-768x771.png 768w, https:\/\/elliberador.com\/wp-content\/uploads\/2025\/08\/output-5-70x70.png 70w, https:\/\/elliberador.com\/wp-content\/uploads\/2025\/08\/output-5-1024x1028.png 1024w, https:\/\/elliberador.com\/wp-content\/uploads\/2025\/08\/output-5.png 1175w\" sizes=\"(max-width: 1020px) 100vw, 1020px\" \/><\/figure>\n\n\n\n<hr class=\"wp-block-separator has-alpha-channel-opacity\"\/>\n\n\n\n<h3 class=\"wp-block-heading\">\ud83d\udcca Evoluci\u00f3n de la pobreza urbana en Argentina (2018\u20131S2025)<\/h3>\n\n\n\n<p>La serie hist\u00f3rica muestra dos momentos clave:<\/p>\n\n\n\n<ol class=\"wp-block-list\">\n<li><strong>Etapa 2018\u20132023:<\/strong> Oscilaciones moderadas dentro de un rango del 32% al 42%, con picos por crisis econ\u00f3micas puntuales, como la de 2020.<\/li>\n\n\n\n<li><strong>Etapa 2024\u20132025:<\/strong> Una disparada inicial por el sinceramiento, seguida de una baja acelerada hasta niveles no vistos en siete a\u00f1os.<\/li>\n<\/ol>\n\n\n\n<hr class=\"wp-block-separator has-alpha-channel-opacity\"\/>\n\n\n\n<h3 class=\"wp-block-heading\">\ud83d\udd0d Lectura pol\u00edtica y econ\u00f3mica del gr\u00e1fico<\/h3>\n\n\n\n<p>La lectura del gr\u00e1fico confirma que el impacto inicial del ajuste no fue estructuralmente negativo:<\/p>\n\n\n\n<ul class=\"wp-block-list\">\n<li>El pico de 2024 fue un efecto estad\u00edstico de corto plazo, inevitable cuando se transparenta la inflaci\u00f3n real y se actualizan tarifas y precios atrasados.<\/li>\n\n\n\n<li>Una vez estabilizada la macroeconom\u00eda, los ingresos comenzaron a recomponerse y la pobreza descendi\u00f3 incluso m\u00e1s r\u00e1pido de lo que subi\u00f3.<\/li>\n\n\n\n<li>El patr\u00f3n descendente sostenido en los \u00faltimos dos semestres no es casual: responde a la combinaci\u00f3n de <strong>inflaci\u00f3n en baja, super\u00e1vit fiscal sostenido y estabilidad cambiaria<\/strong>.<\/li>\n<\/ul>\n\n\n\n<hr class=\"wp-block-separator has-alpha-channel-opacity\"\/>\n\n\n\n<h3 class=\"wp-block-heading\">\ud83c\udd9a El mito populista, puesto en evidencia<\/h3>\n\n\n\n<p>Durante d\u00e9cadas, el relato populista de izquierda instal\u00f3 la idea de que \u201cajustar al Estado\u201d significa empobrecer a la gente.<br>La evidencia de los \u00faltimos 18 meses demuestra lo contrario:<\/p>\n\n\n\n<ul class=\"wp-block-list\">\n<li><strong>Quienes tienen menos dinero despu\u00e9s del ajuste no son los trabajadores, sino la pol\u00edtica.<\/strong><\/li>\n\n\n\n<li>La reducci\u00f3n del gasto p\u00fablico liber\u00f3 recursos que volvieron al sector privado, mejorando la capacidad de consumo y de inversi\u00f3n.<\/li>\n\n\n\n<li>Un Estado m\u00e1s chico y austero no es enemigo del bienestar: es condici\u00f3n necesaria para sostenerlo.<\/li>\n<\/ul>\n\n\n\n<hr class=\"wp-block-separator has-alpha-channel-opacity\"\/>\n\n\n\n<h3 class=\"wp-block-heading\">\ud83d\udccc Conclusi\u00f3n<\/h3>\n\n\n\n<p>La trayectoria de la pobreza urbana desde el 1S-2024 al 1S-2025 ilustra un proceso que combina costos iniciales con beneficios de mediano plazo.<br>En apenas un a\u00f1o, la Argentina pas\u00f3 de registrar el peor dato de pobreza de su historia reciente a alcanzar el mejor en siete a\u00f1os, sin apelar a recetas inflacionarias ni asistencialismo cr\u00f3nico.<br>El camino elegido \u2014orden fiscal, estabilidad monetaria y baja de la inflaci\u00f3n\u2014 confirma que, con reglas claras y disciplina, el crecimiento y la mejora social son posibles.<\/p>\n","protected":false},"excerpt":{"rendered":"<p>La pobreza urbana cay\u00f3 al nivel m\u00e1s bajo desde 2018 gracias a la baja de la inflaci\u00f3n y el super\u00e1vit r\u00e9cord del gobierno que aplic\u00f3 el ajuste fiscal m\u00e1s grande de la historia argentina. Un resultado que derriba el relato populista de izquierda: ajustar al Estado no empobrece a la gente, empobrece a los pol\u00edticos, y esos recursos vuelven al sector privado, es decir, a la gente.<\/p>\n","protected":false},"author":2,"featured_media":3314,"comment_status":"open","ping_status":"open","sticky":false,"template":"","format":"standard","meta":{"_acf_changed":false,"advanced_seo_description":"","jetpack_seo_html_title":"","jetpack_seo_noindex":false,"_jetpack_memberships_contains_paid_content":false,"footnotes":""},"categories":[2],"tags":[20],"class_list":["post-3313","post","type-post","status-publish","format-standard","has-post-thumbnail","hentry","category-economia","tag-destacados"],"acf":[],"jetpack_featured_media_url":"https:\/\/elliberador.com\/wp-content\/uploads\/2025\/08\/pobreza-en-argentina-indec-768x433.jpg.webp","jetpack_sharing_enabled":true,"_links":{"self":[{"href":"https:\/\/elliberador.com\/index.php\/wp-json\/wp\/v2\/posts\/3313","targetHints":{"allow":["GET"]}}],"collection":[{"href":"https:\/\/elliberador.com\/index.php\/wp-json\/wp\/v2\/posts"}],"about":[{"href":"https:\/\/elliberador.com\/index.php\/wp-json\/wp\/v2\/types\/post"}],"author":[{"embeddable":true,"href":"https:\/\/elliberador.com\/index.php\/wp-json\/wp\/v2\/users\/2"}],"replies":[{"embeddable":true,"href":"https:\/\/elliberador.com\/index.php\/wp-json\/wp\/v2\/comments?post=3313"}],"version-history":[{"count":3,"href":"https:\/\/elliberador.com\/index.php\/wp-json\/wp\/v2\/posts\/3313\/revisions"}],"predecessor-version":[{"id":3320,"href":"https:\/\/elliberador.com\/index.php\/wp-json\/wp\/v2\/posts\/3313\/revisions\/3320"}],"wp:featuredmedia":[{"embeddable":true,"href":"https:\/\/elliberador.com\/index.php\/wp-json\/wp\/v2\/media\/3314"}],"wp:attachment":[{"href":"https:\/\/elliberador.com\/index.php\/wp-json\/wp\/v2\/media?parent=3313"}],"wp:term":[{"taxonomy":"category","embeddable":true,"href":"https:\/\/elliberador.com\/index.php\/wp-json\/wp\/v2\/categories?post=3313"},{"taxonomy":"post_tag","embeddable":true,"href":"https:\/\/elliberador.com\/index.php\/wp-json\/wp\/v2\/tags?post=3313"}],"curies":[{"name":"wp","href":"https:\/\/api.w.org\/{rel}","templated":true}]}}