{"id":3335,"date":"2025-08-11T16:59:21","date_gmt":"2025-08-11T19:59:21","guid":{"rendered":"https:\/\/elliberador.com\/?p=3335"},"modified":"2025-08-12T12:03:16","modified_gmt":"2025-08-12T15:03:16","slug":"el-magnicidio-de-miguel-uribe-turbay-violencia-izquierdista-en-auge","status":"publish","type":"post","link":"https:\/\/elliberador.com\/index.php\/2025\/08\/11\/el-magnicidio-de-miguel-uribe-turbay-violencia-izquierdista-en-auge\/","title":{"rendered":"Fallece Miguel Uribe en Colombia asesinado por la extrema izquierda, tras dos meses de pelear por su vida"},"content":{"rendered":"\n<p>Colombia es, desde hace d\u00e9cadas, <strong>una de las capitales del narcotr\u00e1fico sudamericano<\/strong>, superada en la \u00faltima d\u00e9cada solo por Venezuela, convertida en una verdadera narcodictadura. La infiltraci\u00f3n del crimen organizado en todos los niveles del Estado colombiano no es un secret: guerrillas, bandas y carteles han moldeado el mapa pol\u00edtico y social del pa\u00eds.<\/p>\n\n\n\n<p>Pero el dato que incomoda \u2014y que muchos medios internacionales prefieren pasar por alto\u2014 es que hoy Colombia est\u00e1 gobernada por un <strong>exguerrillero del M-19<\/strong>, Gustavo Petro. El M-19 fue una organizaci\u00f3n armada de extrema izquierda que, entre los a\u00f1os 70 y 80, protagoniz\u00f3 secuestros, asesinatos, asaltos y el asalto sangriento al Palacio de Justicia en 1985, hecho que termin\u00f3 con m\u00e1s de un centenar de muertos. Petro, detenido en esa \u00e9poca por porte ilegal de armas, formaba parte de esa estructura cuando estos cr\u00edmenes ocurrieron.<\/p>\n\n\n\n<p>En su biograf\u00eda pol\u00edtica, Petro ha intentado reescribir su paso por el M-19 como una \u201cjuventud de lucha\u201d que culmin\u00f3 con el acuerdo de paz de 1990. Sin embargo, su nombre vuelve a aparecer asociado a controversias, como las que se\u00f1alan medios de investigaci\u00f3n \u2014por ejemplo, <em>El Expediente<\/em>\u2014 sobre supuestos v\u00ednculos indirectos con el asesinato del candidato ecuatoriano Fernando Villavicencio, perpetrado por sicarios colombianos. Aunque no existen pruebas judiciales que lo incriminen, la sombra de la sospecha se alimenta de su pasado y del actual clima de impunidad en la regi\u00f3n.<\/p>\n\n\n\n<p>La muerte de Uribe no solo es una tragedia pol\u00edtica: es tambi\u00e9n un s\u00edntoma de un pa\u00eds donde <strong>el narcotr\u00e1fico sigue dictando las reglas<\/strong>, la violencia socialista cobra vidas, y la presidencia est\u00e1 en manos de un hombre cuya trayectoria se forj\u00f3 en una agrupaci\u00f3n que no dud\u00f3 en utilizar la violencia armada para alcanzar sus fines.<\/p>\n\n\n\n<p><\/p>\n","protected":false},"excerpt":{"rendered":"<p>El asesinato de Miguel Uribe Turbay en Colombia, bajo un gobierno encabezado por un exguerrillero de extrema izquierda como Gustavo Petro, expone el preocupante avance de la violencia pol\u00edtica en Am\u00e9rica Latina.<\/p>\n","protected":false},"author":2,"featured_media":3336,"comment_status":"open","ping_status":"open","sticky":false,"template":"","format":"standard","meta":{"_acf_changed":false,"advanced_seo_description":"","jetpack_seo_html_title":"","jetpack_seo_noindex":false,"_jetpack_memberships_contains_paid_content":false,"footnotes":""},"categories":[10],"tags":[20],"class_list":["post-3335","post","type-post","status-publish","format-standard","has-post-thumbnail","hentry","category-internacionales","tag-destacados"],"acf":[],"jetpack_featured_media_url":"https:\/\/elliberador.com\/wp-content\/uploads\/2025\/08\/JN72H4K5KJBXHA7P5WW6SBASYY.avif","jetpack_sharing_enabled":true,"_links":{"self":[{"href":"https:\/\/elliberador.com\/index.php\/wp-json\/wp\/v2\/posts\/3335","targetHints":{"allow":["GET"]}}],"collection":[{"href":"https:\/\/elliberador.com\/index.php\/wp-json\/wp\/v2\/posts"}],"about":[{"href":"https:\/\/elliberador.com\/index.php\/wp-json\/wp\/v2\/types\/post"}],"author":[{"embeddable":true,"href":"https:\/\/elliberador.com\/index.php\/wp-json\/wp\/v2\/users\/2"}],"replies":[{"embeddable":true,"href":"https:\/\/elliberador.com\/index.php\/wp-json\/wp\/v2\/comments?post=3335"}],"version-history":[{"count":5,"href":"https:\/\/elliberador.com\/index.php\/wp-json\/wp\/v2\/posts\/3335\/revisions"}],"predecessor-version":[{"id":3350,"href":"https:\/\/elliberador.com\/index.php\/wp-json\/wp\/v2\/posts\/3335\/revisions\/3350"}],"wp:featuredmedia":[{"embeddable":true,"href":"https:\/\/elliberador.com\/index.php\/wp-json\/wp\/v2\/media\/3336"}],"wp:attachment":[{"href":"https:\/\/elliberador.com\/index.php\/wp-json\/wp\/v2\/media?parent=3335"}],"wp:term":[{"taxonomy":"category","embeddable":true,"href":"https:\/\/elliberador.com\/index.php\/wp-json\/wp\/v2\/categories?post=3335"},{"taxonomy":"post_tag","embeddable":true,"href":"https:\/\/elliberador.com\/index.php\/wp-json\/wp\/v2\/tags?post=3335"}],"curies":[{"name":"wp","href":"https:\/\/api.w.org\/{rel}","templated":true}]}}