{"id":3354,"date":"2025-08-12T17:19:55","date_gmt":"2025-08-12T20:19:55","guid":{"rendered":"https:\/\/elliberador.com\/?p=3354"},"modified":"2025-08-12T21:13:51","modified_gmt":"2025-08-13T00:13:51","slug":"causa-vialidad-el-13-de-agosto-vence-el-plazo-para-que-cristina-kirchner-y-compania-devuelvan-los-684-mil-millones-de-pesos-robados-a-todos-los-argentinos","status":"publish","type":"post","link":"https:\/\/elliberador.com\/index.php\/2025\/08\/12\/causa-vialidad-el-13-de-agosto-vence-el-plazo-para-que-cristina-kirchner-y-compania-devuelvan-los-684-mil-millones-de-pesos-robados-a-todos-los-argentinos\/","title":{"rendered":"Causa Vialidad: el 13 de agosto vence el plazo para que Cristina Kirchner y compa\u00f1\u00eda devuelvan los 684 mil millones de pesos robados a todos los argentinos."},"content":{"rendered":"\n<figure class=\"wp-block-gallery has-nested-images columns-default is-cropped wp-block-gallery-1 is-layout-flex wp-block-gallery-is-layout-flex\"><\/figure>\n\n\n\n<h2 class=\"wp-block-heading\">Plazo final: 13 de agosto.<\/h2>\n\n\n\n<p>El Tribunal Oral Federal N\u00b02 estableci\u00f3 que el <strong>mi\u00e9rcoles 13 de agosto de 2025<\/strong> vence el plazo para que los condenados en la <strong>causa Vialidad<\/strong> \u2014entre ellos Cristina Fern\u00e1ndez de Kirchner, L\u00e1zaro B\u00e1ez y Jos\u00e9 L\u00f3pez\u2014 depositen <strong>$684.990 millones<\/strong> en una cuenta del Banco Naci\u00f3n. Este monto corresponde al perjuicio econ\u00f3mico al Estado por fraude con licitaciones de obra p\u00fablica en Santa Cruz durante los gobiernos kirchneristas.<\/p>\n\n\n\n<p>De no cumplir con el pago, <strong>la Justicia comenzar\u00e1 a ejecutar el decomiso<\/strong> de bienes embargados. Entre las alternativas que analiza la Corte Suprema, se contempla tambi\u00e9n <strong>destinar algunos inmuebles a uso institucional<\/strong>, ya sea por el Poder Judicial o el Consejo de la Magistratura.<\/p>\n\n\n\n<h2 class=\"wp-block-heading\">El patrimonio actual de Cristina Kirchner<\/h2>\n\n\n\n<p>Seg\u00fan su declaraci\u00f3n jurada ante la Oficina Anticorrupci\u00f3n al finalizar su mandato como vicepresidenta (2023), Cristina Kirchner declar\u00f3 un patrimonio total de <strong>$249.400.000<\/strong>, con la siguiente composici\u00f3n:<\/p>\n\n\n\n<ul class=\"wp-block-list\">\n<li><strong>Participaciones en sociedades<\/strong>: $169.944.919<\/li>\n\n\n\n<li><strong>Inmuebles (derechos reales)<\/strong>: $60.554.732<\/li>\n\n\n\n<li><strong>Veh\u00edculos<\/strong>: $15.333.801<\/li>\n\n\n\n<li><strong>Bienes del hogar<\/strong>: $1.843.497<\/li>\n<\/ul>\n\n\n\n<p>La mayor parte de sus activos est\u00e1 invertida en acciones de empresas extranjeras que cotizan en la Bolsa de Nueva York como <strong>Apple, Visa, Microsoft, Coca-Cola, Mercado Libre, Vista Energy, Berkshire Hathaway e Invesco<\/strong>.<\/p>\n\n\n\n<p>El patrimonio de la ex presidenta tuvo su punto m\u00e1s alto en <strong>2010 con $67.720.419<\/strong>. Sin embargo, en <strong>2016 declar\u00f3 una abrupta ca\u00edda<\/strong>, pasando a solo <strong>$3.499.043<\/strong>, luego de <strong>donar la mayor\u00eda de sus bienes a sus hijos, M\u00e1ximo y Florencia Kirchner<\/strong>.<\/p>\n\n\n\n<p>Esta cesi\u00f3n anticipada de herencia incluy\u00f3 propiedades, hoteles, terrenos y sociedades. A pesar de ello, esos activos contin\u00faan <strong>bajo investigaci\u00f3n y embargados<\/strong> en otras causas, como <strong>Hotesur y Los Sauces<\/strong>.<\/p>\n\n\n\n<figure class=\"wp-block-gallery has-nested-images columns-default is-cropped wp-block-gallery-2 is-layout-flex wp-block-gallery-is-layout-flex\">\n<figure class=\"wp-block-image size-large\"><img fetchpriority=\"high\" decoding=\"async\" width=\"300\" height=\"190\" data-id=\"3357\" src=\"https:\/\/elliberador.com\/wp-content\/uploads\/2025\/08\/cfk-joyas.jpg\" alt=\"\" class=\"wp-image-3357\"\/><\/figure>\n<\/figure>\n\n\n\n<h2 class=\"wp-block-heading\">\ud83e\uddfe \u00bfQu\u00e9 bienes pueden rematarle a Cristina Kirchner<\/h2>\n\n\n\n<p>A pesar de haber transferido gran parte de su patrimonio, los fiscales Diego Luciani y Sergio Mola incluyeron en el listado de bienes embargables a nombre de la ex mandataria:<\/p>\n\n\n\n<ul class=\"wp-block-list\">\n<li><strong>24 propiedades en Santa Cruz<\/strong>, incluyendo:\n<ul class=\"wp-block-list\">\n<li>La <strong>residencia en El Calafate<\/strong><\/li>\n\n\n\n<li>La <strong>casa familiar de R\u00edo Gallegos<\/strong><\/li>\n\n\n\n<li>El <strong>hotel Los Sauces<\/strong><\/li>\n<\/ul>\n<\/li>\n\n\n\n<li><strong>Dos departamentos en Madero Center<\/strong>, Ciudad de Buenos Aires<\/li>\n\n\n\n<li><strong>Un departamento sobre la calle Juncal<\/strong>, de 77 m\u00b2<\/li>\n\n\n\n<li><strong>Tres sociedades<\/strong>: Hotesur S.A., Los Sauces S.A., y COMASA<\/li>\n\n\n\n<li><strong>Cajas de ahorro, cuentas comitentes y cajas de seguridad<\/strong> en Banco Naci\u00f3n, Banco Galicia y Banco de Santa Cruz<\/li>\n\n\n\n<li><strong>Acciones y plazos fijos<\/strong> en bancos y en el Registro de Tenedores de Bonos del Gobierno Nacional<\/li>\n<\/ul>\n\n\n\n<p>Aunque todos estos bienes est\u00e1n <strong>a nombre de sus hijos<\/strong>, los fiscales sostienen que, al estar cautelados judicialmente, <strong>pueden ser utilizados para cumplir con el decomiso<\/strong>.<\/p>\n\n\n\n<h2 class=\"wp-block-heading\">El caso B\u00e1ez: bienes decomisados y millones repatriados<\/h2>\n\n\n\n<p>L\u00e1zaro B\u00e1ez, otro de los condenados, ya enfrenta el decomiso de:<\/p>\n\n\n\n<ul class=\"wp-block-list\">\n<li><strong>56 propiedades<\/strong> en distintas provincias<\/li>\n\n\n\n<li><strong>M\u00e1s de 3 millones de euros<\/strong> repatriados desde cuentas en Bahamas<\/li>\n\n\n\n<li><strong>1 mill\u00f3n de d\u00f3lares<\/strong> desde una cuenta en Suiza<\/li>\n\n\n\n<li><strong>Dos aviones<\/strong> rematados (Learjet y Rockwell Commander)<\/li>\n<\/ul>\n\n\n\n<p>Adem\u00e1s, posee <strong>m\u00e1s de 250.000 hect\u00e1reas en Santa Cruz<\/strong>, y una flota de <strong>937 veh\u00edculos<\/strong>, entre maquinaria vial y autos de alta gama como Porsche, Audi y BMW.<\/p>\n\n\n\n<h2 class=\"wp-block-heading\"> Condenas firmes y embargos millonarios<\/h2>\n\n\n\n<p>Adem\u00e1s de Cristina Kirchner, la Justicia conden\u00f3 y embarg\u00f3 a:<\/p>\n\n\n\n<ul class=\"wp-block-list\">\n<li><strong>L\u00e1zaro B\u00e1ez<\/strong>: 6 a\u00f1os de prisi\u00f3n (lavado de dinero)<\/li>\n\n\n\n<li><strong>Jos\u00e9 L\u00f3pez<\/strong>: 6 a\u00f1os de prisi\u00f3n<\/li>\n\n\n\n<li><strong>Nelson Periotti<\/strong> (ex titular de Vialidad): 6 a\u00f1os<\/li>\n\n\n\n<li><strong>Otros exfuncionarios<\/strong>: entre 3 y 5 a\u00f1os de prisi\u00f3n<\/li>\n\n\n\n<li>El monto total a pagar entre todos los condenados es de <strong>$684.000 millones <\/strong><\/li>\n<\/ul>\n\n\n\n<figure class=\"wp-block-image size-full\"><img decoding=\"async\" width=\"880\" height=\"586\" src=\"https:\/\/elliberador.com\/wp-content\/uploads\/2025\/08\/cristina-k-1.avif\" alt=\"\" class=\"wp-image-3361\" srcset=\"https:\/\/elliberador.com\/wp-content\/uploads\/2025\/08\/cristina-k-1.avif 880w, https:\/\/elliberador.com\/wp-content\/uploads\/2025\/08\/cristina-k-1-300x200.avif 300w, https:\/\/elliberador.com\/wp-content\/uploads\/2025\/08\/cristina-k-1-768x511.avif 768w\" sizes=\"(max-width: 880px) 100vw, 880px\" \/><\/figure>\n\n\n\n<p>Cristina Kirchner, L\u00e1zaro Baez y Maximo Kirchner.<\/p>\n\n\n\n<h2 class=\"wp-block-heading\">\u26a0\ufe0f Escenario legal: \u00bfpueden anular la donaci\u00f3n a sus hijos?<\/h2>\n\n\n\n<p>Una de las posibilidades que eval\u00faan los fiscales es <strong>impugnar la donaci\u00f3n de bienes a sus hijos<\/strong>, argumentando que fue una maniobra para eludir un posible decomiso judicial. Sin embargo, esta alternativa es <strong>dif\u00edcil de concretar jur\u00eddicamente<\/strong>, aunque no est\u00e1 descartada.<\/p>\n\n\n\n<p>La Causa Vialidad avanza hacia un momento clave. Si los condenados no cumplen con el pago fijado para el 13 de agosto, la Justicia proceder\u00e1 al <strong>remate de bienes embargados<\/strong>, entre ellos propiedades, acciones y cuentas a nombre de Cristina Kirchner y sus hijos.<\/p>\n\n\n\n<p>A la espera de una definici\u00f3n judicial, el proceso pone nuevamente en primer plano <strong>el debate sobre corrupci\u00f3n, impunidad y restituci\u00f3n de fondos al Estado argentino<\/strong>.<\/p>\n\n\n\n<p><\/p>\n","protected":false},"excerpt":{"rendered":"<p>Plazo final: 13 de agosto. El Tribunal Oral Federal N&deg;2 estableci&oacute; que el mi&eacute;rcoles 13&#8230;<\/p>\n","protected":false},"author":2,"featured_media":3358,"comment_status":"open","ping_status":"open","sticky":false,"template":"","format":"standard","meta":{"_acf_changed":false,"advanced_seo_description":"","jetpack_seo_html_title":"","jetpack_seo_noindex":false,"_jetpack_memberships_contains_paid_content":false,"footnotes":""},"categories":[59],"tags":[20],"class_list":["post-3354","post","type-post","status-publish","format-standard","has-post-thumbnail","hentry","category-justicia","tag-destacados"],"acf":[],"jetpack_featured_media_url":"https:\/\/elliberador.com\/wp-content\/uploads\/2025\/08\/multimedia.normal.8a3cf1f5b2a2c3bc.bm9ybWFsLndlYnA.webp","jetpack_sharing_enabled":true,"_links":{"self":[{"href":"https:\/\/elliberador.com\/index.php\/wp-json\/wp\/v2\/posts\/3354","targetHints":{"allow":["GET"]}}],"collection":[{"href":"https:\/\/elliberador.com\/index.php\/wp-json\/wp\/v2\/posts"}],"about":[{"href":"https:\/\/elliberador.com\/index.php\/wp-json\/wp\/v2\/types\/post"}],"author":[{"embeddable":true,"href":"https:\/\/elliberador.com\/index.php\/wp-json\/wp\/v2\/users\/2"}],"replies":[{"embeddable":true,"href":"https:\/\/elliberador.com\/index.php\/wp-json\/wp\/v2\/comments?post=3354"}],"version-history":[{"count":2,"href":"https:\/\/elliberador.com\/index.php\/wp-json\/wp\/v2\/posts\/3354\/revisions"}],"predecessor-version":[{"id":3362,"href":"https:\/\/elliberador.com\/index.php\/wp-json\/wp\/v2\/posts\/3354\/revisions\/3362"}],"wp:featuredmedia":[{"embeddable":true,"href":"https:\/\/elliberador.com\/index.php\/wp-json\/wp\/v2\/media\/3358"}],"wp:attachment":[{"href":"https:\/\/elliberador.com\/index.php\/wp-json\/wp\/v2\/media?parent=3354"}],"wp:term":[{"taxonomy":"category","embeddable":true,"href":"https:\/\/elliberador.com\/index.php\/wp-json\/wp\/v2\/categories?post=3354"},{"taxonomy":"post_tag","embeddable":true,"href":"https:\/\/elliberador.com\/index.php\/wp-json\/wp\/v2\/tags?post=3354"}],"curies":[{"name":"wp","href":"https:\/\/api.w.org\/{rel}","templated":true}]}}