{"id":3374,"date":"2025-08-13T17:19:25","date_gmt":"2025-08-13T20:19:25","guid":{"rendered":"https:\/\/elliberador.com\/?p=3374"},"modified":"2025-08-14T08:37:05","modified_gmt":"2025-08-14T11:37:05","slug":"cristina-kirchner-pidio-frenar-el-remate-de-sus-bienes-su-fortuna-y-las-25-propiedades-bajo-la-lupa-judicial","status":"publish","type":"post","link":"https:\/\/elliberador.com\/index.php\/2025\/08\/13\/cristina-kirchner-pidio-frenar-el-remate-de-sus-bienes-su-fortuna-y-las-25-propiedades-bajo-la-lupa-judicial\/","title":{"rendered":"Cristina Kirchner pidi\u00f3 frenar el remate de sus bienes: su fortuna y las 25 propiedades bajo la lupa judicial"},"content":{"rendered":"\n<h3 class=\"wp-block-heading\"><\/h3>\n\n\n\n<p>Este mi\u00e9rcoles venci\u00f3 el plazo judicial otorgado por el Tribunal Oral Federal N\u00b02 (TOF 2) para que Cristina Fern\u00e1ndez de Kirchner y los dem\u00e1s condenados por la causa Vialidad paguen el monto actualizado del perjuicio al Estado: <strong>$684.000 millones<\/strong>, una cifra avalada por peritos de la Corte Suprema y que expone una de las maniobras de corrupci\u00f3n m\u00e1s graves en la historia democr\u00e1tica argentina.<\/p>\n\n\n\n<p>Pero Cristina no pag\u00f3. En su lugar, <strong>solicit\u00f3 la suspensi\u00f3n de la ejecuci\u00f3n patrimonial<\/strong> y cuestion\u00f3 la base del c\u00e1lculo del da\u00f1o econ\u00f3mico, al que tild\u00f3 de \u201cdisparate jur\u00eddico\u201d. Seg\u00fan su presentaci\u00f3n, sus bienes no provienen del delito y, por ende, <strong>no podr\u00edan ser objeto de decomiso<\/strong>. Pese a su condena a seis a\u00f1os de prisi\u00f3n, que cumple en su domicilio, la expresidenta insiste en que no tiene \u00abbienes producto del delito\u00bb.<\/p>\n\n\n\n<h3 class=\"wp-block-heading\">Las cifras que desmienten a Cristina: 25 propiedades, 4 hoteles y una fortuna que se multiplic\u00f3 con el poder<\/h3>\n\n\n\n<p>Los datos p\u00fablicos muestran otra realidad. En 2003, cuando N\u00e9stor Kirchner lleg\u00f3 a la Presidencia, el matrimonio ten\u00eda un patrimonio neto de <strong>$7 millones<\/strong>. Para 2007, al dejar la presidencia, ese n\u00famero ya hab\u00eda subido a m\u00e1s de <strong>$47 millones<\/strong>, y en 2008 se dispar\u00f3 a <strong>$50 millones<\/strong>.<\/p>\n\n\n\n<p>En 2009, el patrimonio declarado era de <strong>$67 millones<\/strong> y al cierre de 2015 alcanzaba los <strong>$72.189.470<\/strong>, seg\u00fan sus propias declaraciones juradas. En esa fecha, seg\u00fan el gr\u00e1fico elaborado por <em>Infobae<\/em>, los Kirchner pose\u00edan:<\/p>\n\n\n\n<ul class=\"wp-block-list\">\n<li><strong>5 casas<\/strong><\/li>\n\n\n\n<li><strong>12 departamentos<\/strong><\/li>\n\n\n\n<li><strong>5 terrenos<\/strong><\/li>\n\n\n\n<li><strong>4 locales comerciales<\/strong><\/li>\n\n\n\n<li><strong>4 hoteles<\/strong> (Los Sauces, Alto Calafate, Las Dunas y La Aldea del Chalt\u00e9n)<\/li>\n\n\n\n<li><strong>3 sociedades comerciales<\/strong> (Hotesur S.A., Los Sauces S.A. y CO.MA S.A.)<\/li>\n<\/ul>\n\n\n\n<p>En total, al menos <strong>26 propiedades<\/strong> y un entramado societario clave para los negocios familiares. Todo esto fue <strong>donado en 2016 a sus hijos<\/strong>, M\u00e1ximo y Florencia Kirchner, una maniobra legal interpretada por muchos como un intento de <strong>sortear futuros embargos judiciales<\/strong>.<\/p>\n\n\n\n<p>A pesar de esa cesi\u00f3n, la Justicia a\u00fan mantiene cautelados esos bienes porque considera que <strong>el traspaso no elimina su conexi\u00f3n con el delito investigado<\/strong>. Las tres sociedades tambi\u00e9n est\u00e1n embargadas dentro de la causa Hotesur-Los Sauces.<\/p>\n\n\n\n<div class=\"wp-block-jetpack-slideshow aligncenter\" data-effect=\"slide\" style=\"--aspect-ratio:calc(406 \/ 450)\"><div class=\"wp-block-jetpack-slideshow_container swiper-container\"><ul class=\"wp-block-jetpack-slideshow_swiper-wrapper swiper-wrapper\"><li class=\"wp-block-jetpack-slideshow_slide swiper-slide\"><figure><img fetchpriority=\"high\" decoding=\"async\" width=\"406\" height=\"450\" alt=\"\" class=\"wp-block-jetpack-slideshow_image wp-image-3376\" data-id=\"3376\" data-aspect-ratio=\"406 \/ 450\" src=\"https:\/\/elliberador.com\/wp-content\/uploads\/2025\/08\/cfk.jpg\" srcset=\"https:\/\/elliberador.com\/wp-content\/uploads\/2025\/08\/cfk.jpg 406w, https:\/\/elliberador.com\/wp-content\/uploads\/2025\/08\/cfk-271x300.jpg 271w\" sizes=\"(max-width: 406px) 100vw, 406px\" \/><figcaption class=\"wp-block-jetpack-slideshow_caption gallery-caption\">CFK posee dos departamentos en el Hotel Madero Center<\/figcaption><\/figure><\/li><li class=\"wp-block-jetpack-slideshow_slide swiper-slide\"><figure><img decoding=\"async\" width=\"992\" height=\"558\" alt=\"\" class=\"wp-block-jetpack-slideshow_image wp-image-3377\" data-id=\"3377\" data-aspect-ratio=\"992 \/ 558\" src=\"https:\/\/elliberador.com\/wp-content\/uploads\/2025\/08\/casa-cfk.avif\" srcset=\"https:\/\/elliberador.com\/wp-content\/uploads\/2025\/08\/casa-cfk.avif 992w, https:\/\/elliberador.com\/wp-content\/uploads\/2025\/08\/casa-cfk-300x169.avif 300w, https:\/\/elliberador.com\/wp-content\/uploads\/2025\/08\/casa-cfk-768x432.avif 768w\" sizes=\"(max-width: 992px) 100vw, 992px\" \/><figcaption class=\"wp-block-jetpack-slideshow_caption gallery-caption\">Hotel boutique Los Sauces &#8211; El Calafate<\/figcaption><\/figure><\/li><li class=\"wp-block-jetpack-slideshow_slide swiper-slide\"><figure><img decoding=\"async\" width=\"992\" height=\"666\" alt=\"\" class=\"wp-block-jetpack-slideshow_image wp-image-3378\" data-id=\"3378\" data-aspect-ratio=\"992 \/ 666\" src=\"https:\/\/elliberador.com\/wp-content\/uploads\/2025\/08\/TOKQLITZC5ACLKODVYWBTLAKTY.avif\" srcset=\"https:\/\/elliberador.com\/wp-content\/uploads\/2025\/08\/TOKQLITZC5ACLKODVYWBTLAKTY.avif 992w, https:\/\/elliberador.com\/wp-content\/uploads\/2025\/08\/TOKQLITZC5ACLKODVYWBTLAKTY-300x201.avif 300w, https:\/\/elliberador.com\/wp-content\/uploads\/2025\/08\/TOKQLITZC5ACLKODVYWBTLAKTY-768x516.avif 768w\" sizes=\"(max-width: 992px) 100vw, 992px\" \/><figcaption class=\"wp-block-jetpack-slideshow_caption gallery-caption\">Casa de Cristina Kirchner en el Calafate<\/figcaption><\/figure><\/li><li class=\"wp-block-jetpack-slideshow_slide swiper-slide\"><figure><img loading=\"lazy\" decoding=\"async\" width=\"992\" height=\"558\" alt=\"\" class=\"wp-block-jetpack-slideshow_image wp-image-3379\" data-id=\"3379\" data-aspect-ratio=\"992 \/ 558\" src=\"https:\/\/elliberador.com\/wp-content\/uploads\/2025\/08\/KSUR7RF3JVHDPIDIEXM6AAJIGY.avif\" srcset=\"https:\/\/elliberador.com\/wp-content\/uploads\/2025\/08\/KSUR7RF3JVHDPIDIEXM6AAJIGY.avif 992w, https:\/\/elliberador.com\/wp-content\/uploads\/2025\/08\/KSUR7RF3JVHDPIDIEXM6AAJIGY-300x169.avif 300w, https:\/\/elliberador.com\/wp-content\/uploads\/2025\/08\/KSUR7RF3JVHDPIDIEXM6AAJIGY-768x432.avif 768w\" sizes=\"(max-width: 992px) 100vw, 992px\" \/><figcaption class=\"wp-block-jetpack-slideshow_caption gallery-caption\">Hotel Alto Calafate, propiedad de Hotesur SA, la firma de los Kirchner (NA)<\/figcaption><\/figure><\/li><\/ul><a class=\"wp-block-jetpack-slideshow_button-prev swiper-button-prev swiper-button-white\" role=\"button\"><\/a><a class=\"wp-block-jetpack-slideshow_button-next swiper-button-next swiper-button-white\" role=\"button\"><\/a><a aria-label=\"Pause Slideshow\" class=\"wp-block-jetpack-slideshow_button-pause\" role=\"button\"><\/a><div class=\"wp-block-jetpack-slideshow_pagination swiper-pagination swiper-pagination-white\"><\/div><\/div><\/div>\n\n\n\n<h3 class=\"wp-block-heading\">Un patrimonio que se duplic\u00f3 tras la presidencia y volvi\u00f3 a dispararse<\/h3>\n\n\n\n<p>Tras una ca\u00edda en 2016, coincidiendo con la donaci\u00f3n a sus hijos, el patrimonio neto de Cristina Kirchner volvi\u00f3 a crecer. En su \u00faltima declaraci\u00f3n como funcionaria p\u00fablica, en 2023, registr\u00f3 bienes y activos por <strong>$249,4 millones<\/strong>. Aunque formalmente no posee inmuebles, s\u00ed declar\u00f3 <strong>el usufructo de dos propiedades<\/strong> hist\u00f3ricas: su departamento en Recoleta (160 m\u00b2) y su casa de El Calafate (520 m\u00b2).<\/p>\n\n\n\n<p>El grueso de su patrimonio actual \u2014unos <strong>$170 millones<\/strong>\u2014 est\u00e1 invertido en acciones de empresas extranjeras que cotizan en la Bolsa de Nueva York: <strong>Apple, Mercado Libre, Microsoft, Coca-Cola, Berkshire Hathaway, Visa y otras<\/strong>. Tambi\u00e9n mantiene plazos fijos heredados de N\u00e9stor Kirchner.<\/p>\n\n\n\n<p>En 2023, el patrimonio que hab\u00eda ca\u00eddo a $118 millones en 2022, <strong>se duplic\u00f3<\/strong> en un solo a\u00f1o, trepando a los actuales <strong>$249.421.220<\/strong>.<\/p>\n\n\n\n<h3 class=\"wp-block-heading\">\u00bf$684.000 millones es todo lo que se rob\u00f3?<\/h3>\n\n\n\n<p>La cifra establecida como perjuicio comprobable en la causa Vialidad \u2014$684.000 millones\u2014 corresponde exclusivamente a <strong>51 contratos direccionados en favor del empresario L\u00e1zaro B\u00e1ez<\/strong> en la provincia de Santa Cruz. Pero los negocios paralelos del matrimonio Kirchner, que incluyen alquileres, hoteles, operaciones inmobiliarias y movimientos financieros personales, <strong>permiten sospechar que lo comprobado judicialmente podr\u00eda ser solo una parte menor del total saqueado al Estado argentino<\/strong>.<\/p>\n\n\n\n<p>Una operaci\u00f3n emblem\u00e1tica fue la venta de una casa en R\u00edo Gallegos a L\u00e1zaro B\u00e1ez: comprada por los Kirchner en 2003 por <strong>USD 170.000<\/strong>, fue revendida al empresario por <strong>m\u00e1s de USD 900.000<\/strong>. La Justicia considera que esta transacci\u00f3n pudo haber sido un mecanismo para devolver dinero de la obra p\u00fablica a trav\u00e9s de maniobras de lavado.<\/p>\n\n\n\n<figure class=\"wp-block-image size-full\"><img loading=\"lazy\" decoding=\"async\" width=\"992\" height=\"555\" src=\"https:\/\/elliberador.com\/wp-content\/uploads\/2025\/08\/JKKFCPDUVBCE5B6OAX4ZWH6MHM.avif\" alt=\"\" class=\"wp-image-3381\" srcset=\"https:\/\/elliberador.com\/wp-content\/uploads\/2025\/08\/JKKFCPDUVBCE5B6OAX4ZWH6MHM.avif 992w, https:\/\/elliberador.com\/wp-content\/uploads\/2025\/08\/JKKFCPDUVBCE5B6OAX4ZWH6MHM-300x168.avif 300w, https:\/\/elliberador.com\/wp-content\/uploads\/2025\/08\/JKKFCPDUVBCE5B6OAX4ZWH6MHM-768x430.avif 768w\" sizes=\"(max-width: 992px) 100vw, 992px\" \/><figcaption class=\"wp-element-caption\">Casa que los Kirchner compraron por $170mil d\u00f3lares y le vendieron a L\u00e1zaro Baez por $900mil d\u00f3lares<\/figcaption><\/figure>\n\n\n\n<h3 class=\"wp-block-heading\">\u00bfQu\u00e9 viene ahora?<\/h3>\n\n\n\n<p>Cristina Kirchner solicit\u00f3 al Tribunal Oral Federal 2 que suspenda toda actividad patrimonial ejecutiva hasta que haya una sentencia firme sobre el monto a devolver. Sin embargo, con el plazo vencido y sin el pago realizado, el tribunal podr\u00eda <strong>avanzar con el remate de los bienes embargados<\/strong>.<\/p>\n\n\n\n<p>El caso podr\u00eda llegar a la Corte Suprema, pero m\u00e1s all\u00e1 del recorrido judicial, los datos ya est\u00e1n sobre la mesa: <strong>una fortuna descomunal construida durante 20 a\u00f1os de poder pol\u00edtico<\/strong>, con operaciones que hoy enfrentan la lupa de la Justicia y la condena social.<\/p>\n","protected":false},"excerpt":{"rendered":"<p>Tras el vencimiento del plazo para pagar $684.000 millones por el caso Vialidad, la expresidenta insiste en que su patrimonio no es fruto del delito. Sin embargo, los n\u00fameros muestran una fortuna monumental construida a lo largo de dos d\u00e9cadas de poder.<\/p>\n","protected":false},"author":2,"featured_media":3375,"comment_status":"open","ping_status":"open","sticky":false,"template":"","format":"standard","meta":{"_acf_changed":false,"advanced_seo_description":"","jetpack_seo_html_title":"","jetpack_seo_noindex":false,"_jetpack_memberships_contains_paid_content":false,"footnotes":""},"categories":[59],"tags":[20],"class_list":["post-3374","post","type-post","status-publish","format-standard","has-post-thumbnail","hentry","category-justicia","tag-destacados"],"acf":[],"jetpack_featured_media_url":"https:\/\/elliberador.com\/wp-content\/uploads\/2025\/08\/k.webp","jetpack_sharing_enabled":true,"_links":{"self":[{"href":"https:\/\/elliberador.com\/index.php\/wp-json\/wp\/v2\/posts\/3374","targetHints":{"allow":["GET"]}}],"collection":[{"href":"https:\/\/elliberador.com\/index.php\/wp-json\/wp\/v2\/posts"}],"about":[{"href":"https:\/\/elliberador.com\/index.php\/wp-json\/wp\/v2\/types\/post"}],"author":[{"embeddable":true,"href":"https:\/\/elliberador.com\/index.php\/wp-json\/wp\/v2\/users\/2"}],"replies":[{"embeddable":true,"href":"https:\/\/elliberador.com\/index.php\/wp-json\/wp\/v2\/comments?post=3374"}],"version-history":[{"count":2,"href":"https:\/\/elliberador.com\/index.php\/wp-json\/wp\/v2\/posts\/3374\/revisions"}],"predecessor-version":[{"id":3383,"href":"https:\/\/elliberador.com\/index.php\/wp-json\/wp\/v2\/posts\/3374\/revisions\/3383"}],"wp:featuredmedia":[{"embeddable":true,"href":"https:\/\/elliberador.com\/index.php\/wp-json\/wp\/v2\/media\/3375"}],"wp:attachment":[{"href":"https:\/\/elliberador.com\/index.php\/wp-json\/wp\/v2\/media?parent=3374"}],"wp:term":[{"taxonomy":"category","embeddable":true,"href":"https:\/\/elliberador.com\/index.php\/wp-json\/wp\/v2\/categories?post=3374"},{"taxonomy":"post_tag","embeddable":true,"href":"https:\/\/elliberador.com\/index.php\/wp-json\/wp\/v2\/tags?post=3374"}],"curies":[{"name":"wp","href":"https:\/\/api.w.org\/{rel}","templated":true}]}}