{"id":3413,"date":"2025-08-16T12:27:34","date_gmt":"2025-08-16T15:27:34","guid":{"rendered":"https:\/\/elliberador.com\/?p=3413"},"modified":"2025-08-16T12:29:06","modified_gmt":"2025-08-16T15:29:06","slug":"el-encuentro-en-alaska-promesas-sin-resultado","status":"publish","type":"post","link":"https:\/\/elliberador.com\/index.php\/2025\/08\/16\/el-encuentro-en-alaska-promesas-sin-resultado\/","title":{"rendered":"Cumbre Trump-Putin en Alaska: promesas de paz mientras Rusia volvi\u00f3 a bombardear Ucrania"},"content":{"rendered":"\n<p>El 15 de agosto de 2025, en la base militar de Elmendorf-Richardson (Alaska), se llev\u00f3 a cabo una cumbre hist\u00f3rica entre Donald Trump y Vladimir Putin: la primera en territorio estadounidense desde 1988. Ambos dirigentes la describieron como \u00abconstructiva\u00bb y \u00abextremadamente productiva\u00bb, aunque no se alcanz\u00f3 ning\u00fan acuerdo de alto al fuego.<\/p>\n\n\n\n<h3 class=\"wp-block-heading\"><strong>\u00bfPaz directa o pausa temporal?<\/strong><\/h3>\n\n\n\n<p>Trump sorprendi\u00f3 al apostar por un <strong>acuerdo de paz integral<\/strong>, en lugar de detenerse en un alto al fuego tradicional. Considera que buscar \u00abdirectamente\u00bb una paz completa es m\u00e1s eficaz. Sin embargo, los avances no se materializaron en la cumbre, generando incertidumbre en el frente diplom\u00e1tico.<\/p>\n\n\n\n<h3 class=\"wp-block-heading\"><strong>Movimientos posteriores y respaldo europeo<\/strong><\/h3>\n\n\n\n<ul class=\"wp-block-list\">\n<li>Tras la cumbre, Trump sostuvo una extensa llamada con l\u00edderes europeos y el presidente ucraniano Volod\u00edmir Zelenski, quien insisti\u00f3 en su presencia en futuras discusiones.<\/li>\n\n\n\n<li>Zelenski confirm\u00f3 que se reunir\u00e1 en Washington con Trump el pr\u00f3ximo lunes para analizar el conflicto y explorar oportunidades de paz.<\/li>\n\n\n\n<li>Tanto \u00e9l como diversos l\u00edderes europeos promueven un <strong>formato trilateral<\/strong> (EE.UU., Rusia, Ucrania) como mecanismo viable para alcanzar un acuerdo duradero.<\/li>\n\n\n\n<li>La Uni\u00f3n Europea aplaudi\u00f3 las intenciones de Trump y demand\u00f3 garant\u00edas fuertes para proteger la soberan\u00eda ucraniana, rechazando cualquier soluci\u00f3n que excluya a Ucrania.<\/li>\n<\/ul>\n\n\n\n<h3 class=\"wp-block-heading\"><strong>El campo de batalla no calla<\/strong><\/h3>\n\n\n\n<p>Mientras tanto, Rusia continu\u00f3 su ofensiva: lanzando <strong>85 drones y un misil<\/strong> contra varias regiones ucranianas, incluyendo Donetsk, Chernihiv y Dnipropetrovsk. Ucrania derrib\u00f3 61 drones.<\/p>\n\n\n\n<hr class=\"wp-block-separator has-alpha-channel-opacity\"\/>\n\n\n\n<h3 class=\"wp-block-heading\">En resumen: \u00bfhacia d\u00f3nde va el conflicto?<\/h3>\n\n\n\n<figure class=\"wp-block-table\"><table class=\"has-fixed-layout mtr-table mtr-thead-th\"><thead><tr><th data-mtr-content=\"Elemento clave\" class=\"mtr-th-tag\"><div class=\"mtr-cell-content\">Elemento clave<\/div><\/th><th data-mtr-content=\"Detalles destacados\" class=\"mtr-th-tag\"><div class=\"mtr-cell-content\">Detalles destacados<\/div><\/th><\/tr><\/thead><tbody><tr><td data-mtr-content=\"Elemento clave\" class=\"mtr-td-tag\"><div class=\"mtr-cell-content\"><strong>Cumbre Trump\u2013Putin<\/strong><\/div><\/td><td data-mtr-content=\"Detalles destacados\" class=\"mtr-td-tag\"><div class=\"mtr-cell-content\">Sin alto al fuego; promesas de \u201cpaz directa\u201d.<\/div><\/td><\/tr><tr><td data-mtr-content=\"Elemento clave\" class=\"mtr-td-tag\"><div class=\"mtr-cell-content\"><strong>Reuni\u00f3n Trump\u2013Zelenski<\/strong><\/div><\/td><td data-mtr-content=\"Detalles destacados\" class=\"mtr-td-tag\"><div class=\"mtr-cell-content\">Programada para Washington; exploraci\u00f3n trilateral.<\/div><\/td><\/tr><tr><td data-mtr-content=\"Elemento clave\" class=\"mtr-td-tag\"><div class=\"mtr-cell-content\"><strong>Europa<\/strong><\/div><\/td><td data-mtr-content=\"Detalles destacados\" class=\"mtr-td-tag\"><div class=\"mtr-cell-content\">Apoyo claro a Ucrania; exige participaci\u00f3n ucraniana y garant\u00edas.<\/div><\/td><\/tr><tr><td data-mtr-content=\"Elemento clave\" class=\"mtr-td-tag\"><div class=\"mtr-cell-content\"><strong>Acci\u00f3n militar<\/strong><\/div><\/td><td data-mtr-content=\"Detalles destacados\" class=\"mtr-td-tag\"><div class=\"mtr-cell-content\">Continuaci\u00f3n de ataques rusos pese al di\u00e1logo.<\/div><\/td><\/tr><\/tbody><\/table><\/figure>\n\n\n\n<p>La diplomacia sigue su curso, pero el terreno sigue caliente: el Cese de Hostilidades no lleg\u00f3, los bombardeos persisten y la negociaci\u00f3n, aunque renovada, enfrenta obst\u00e1culos pol\u00edticos y estrat\u00e9gicos.<\/p>\n\n\n\n<p><\/p>\n","protected":false},"excerpt":{"rendered":"<p>La cumbre en Alaska entre Donald Trump y Vladimir Putin termin\u00f3 sin acuerdo de alto al fuego en Ucrania. Pese a los elogios mutuos y al respaldo europeo a los esfuerzos diplom\u00e1ticos, Rusia continu\u00f3 los ataques y el futuro de la paz queda en suspenso. Trump ya confirm\u00f3 un encuentro con Volod\u00edmir Zelenski en Washington, mientras crece la presi\u00f3n internacional por una reuni\u00f3n trilateral que incluya a Kiev.<\/p>\n","protected":false},"author":2,"featured_media":3416,"comment_status":"open","ping_status":"open","sticky":false,"template":"","format":"standard","meta":{"_acf_changed":false,"advanced_seo_description":"","jetpack_seo_html_title":"","jetpack_seo_noindex":false,"_jetpack_memberships_contains_paid_content":false,"footnotes":""},"categories":[10],"tags":[20],"class_list":["post-3413","post","type-post","status-publish","format-standard","has-post-thumbnail","hentry","category-internacionales","tag-destacados"],"acf":[],"jetpack_featured_media_url":"https:\/\/elliberador.com\/wp-content\/uploads\/2025\/08\/AGOLSIVIXFFCHF5SDWUQWPQWTM.avif","jetpack_sharing_enabled":true,"_links":{"self":[{"href":"https:\/\/elliberador.com\/index.php\/wp-json\/wp\/v2\/posts\/3413","targetHints":{"allow":["GET"]}}],"collection":[{"href":"https:\/\/elliberador.com\/index.php\/wp-json\/wp\/v2\/posts"}],"about":[{"href":"https:\/\/elliberador.com\/index.php\/wp-json\/wp\/v2\/types\/post"}],"author":[{"embeddable":true,"href":"https:\/\/elliberador.com\/index.php\/wp-json\/wp\/v2\/users\/2"}],"replies":[{"embeddable":true,"href":"https:\/\/elliberador.com\/index.php\/wp-json\/wp\/v2\/comments?post=3413"}],"version-history":[{"count":3,"href":"https:\/\/elliberador.com\/index.php\/wp-json\/wp\/v2\/posts\/3413\/revisions"}],"predecessor-version":[{"id":3419,"href":"https:\/\/elliberador.com\/index.php\/wp-json\/wp\/v2\/posts\/3413\/revisions\/3419"}],"wp:featuredmedia":[{"embeddable":true,"href":"https:\/\/elliberador.com\/index.php\/wp-json\/wp\/v2\/media\/3416"}],"wp:attachment":[{"href":"https:\/\/elliberador.com\/index.php\/wp-json\/wp\/v2\/media?parent=3413"}],"wp:term":[{"taxonomy":"category","embeddable":true,"href":"https:\/\/elliberador.com\/index.php\/wp-json\/wp\/v2\/categories?post=3413"},{"taxonomy":"post_tag","embeddable":true,"href":"https:\/\/elliberador.com\/index.php\/wp-json\/wp\/v2\/tags?post=3413"}],"curies":[{"name":"wp","href":"https:\/\/api.w.org\/{rel}","templated":true}]}}