{"id":3420,"date":"2025-08-17T20:00:17","date_gmt":"2025-08-17T23:00:17","guid":{"rendered":"https:\/\/elliberador.com\/?p=3420"},"modified":"2025-08-17T20:00:19","modified_gmt":"2025-08-17T23:00:19","slug":"la-libertad-avanza-en-santa-fe-lista-pura-sangre-con-sorpresa-y-juventud-libertaria","status":"publish","type":"post","link":"https:\/\/elliberador.com\/index.php\/2025\/08\/17\/la-libertad-avanza-en-santa-fe-lista-pura-sangre-con-sorpresa-y-juventud-libertaria\/","title":{"rendered":"La Libertad Avanza en Santa Fe: lista \u201cpura sangre\u201d con sorpresa y juventud libertaria"},"content":{"rendered":"\n<p>La Libertad Avanza oficializ\u00f3 su lista de candidatos a diputados nacionales en Santa Fe, y lo hizo con un sello in\u00e9dito: <strong>una boleta 100% libertaria<\/strong>, sin prestados de la pol\u00edtica tradicional. En contraste con las alianzas de radicales, socialistas o peronistas \u2014distintas variantes del mismo partido del Estado\u2014, el mile\u00edsmo santafesino apuesta a una lista <strong>\u201cpura sangre\u201d<\/strong>, con dirigentes propios formados en el espacio y figuras emergentes de la juventud.<\/p>\n\n\n\n<h3 class=\"wp-block-heading\"><strong>Los primeros lugares: el n\u00facleo duro libertario<\/strong><\/h3>\n\n\n\n<ul class=\"wp-block-list\">\n<li> <strong>Agust\u00edn Pellegrini<\/strong> encabeza la n\u00f3mina. Es el hombre m\u00e1s cercano a <strong>Romina Diez<\/strong>, uno de los primeros armadores del partido en Santa Fe.<\/li>\n\n\n\n<li><strong>Yamile Tomassoni<\/strong>, segunda, est\u00e1 al frente de la oficina de <strong>ANSES Rosario Centro<\/strong> y fue una de las primeras en tomar responsabilidades en el armado provincial.<\/li>\n\n\n\n<li><strong>Juan Pablo Montenegro<\/strong>, abogado y apoderado del partido, ocupa el tercer lugar. Su historia trascendi\u00f3 mucho antes de la pol\u00edtica: fue colectivero del 133 en Rosario y se recibi\u00f3 de abogado mientras manejaba (<a class=\"\" href=\"https:\/\/www.rosario3.com\/informaciongeneral\/La-historia-del-colectivero-rosarino-que-se-recibio-de-abogado-manejando-el-133-20201018-0002.html\">Rosario3<\/a>).<\/li>\n\n\n\n<li>En el cuarto lugar aparece <strong>Valentina Ravera<\/strong>, actual asesora de la Convencional Constituyente y referente del armado juvenil.<\/li>\n<\/ul>\n\n\n\n<h3 class=\"wp-block-heading\"><strong>La sorpresa en el quinto lugar<\/strong><\/h3>\n\n\n\n<p>El \u00fanico espacio cedido al PRO fue para <strong>Pugnaloni<\/strong>, aunque esta incorporaci\u00f3n dej\u00f3 en el camino a un peso pesado de la pol\u00edtica provincial: <strong>Federico Angelini<\/strong>, hist\u00f3rico aliado de Patricia Bullrich. La pulseada interna termin\u00f3 con Angelini fuera de la boleta, lo que refuerza la idea de que esta es una lista dominada por el ADN libertario.<\/p>\n\n\n\n<h3 class=\"wp-block-heading\"><strong>Juventud y concejales emergentes<\/strong><\/h3>\n\n\n\n<p>A partir del sexto lugar, se destacan figuras j\u00f3venes y concejales que fueron revelaciones en la \u00faltima elecci\u00f3n local:<\/p>\n\n\n\n<ul class=\"wp-block-list\">\n<li><strong>Ludmila Radolovich<\/strong>, representante de la juventud libertaria en la ciudad de Santa Fe, que ya compiti\u00f3 como candidata a concejal quedando a pocos votos de ingresar.<\/li>\n\n\n\n<li><strong>Mat\u00edas Tomasi<\/strong>, concejal electo en Villa Constituci\u00f3n, considerado una de las grandes revelaciones de La Libertad Avanza en el sur santafesino.<\/li>\n\n\n\n<li><strong>Silvia Nardin<\/strong>, concejal electa en Malabrigo (norte de la provincia), con un desempe\u00f1o electoral que consolid\u00f3 la presencia libertaria en zonas hist\u00f3ricamente dominadas por el oficialismo.<\/li>\n\n\n\n<li><strong>Fabricio Dellasanta<\/strong>, concejal electo en Rafaela, quien qued\u00f3 en segundo lugar y desplaz\u00f3 al oficialismo a un lejano tercer puesto. Dellasanta se volvi\u00f3 viral tras un cruce en el Concejo, donde dej\u00f3 en evidencia que el presidente del cuerpo desconoc\u00eda los presupuestos que defend\u00eda.<\/li>\n<\/ul>\n\n\n\n<hr class=\"wp-block-separator has-alpha-channel-opacity\"\/>\n\n\n\n<h2 class=\"wp-block-heading\"><strong>Editorial libertaria<\/strong><\/h2>\n\n\n\n<p>Mientras los partidos tradicionales de Santa Fe se sostienen con acuerdos entre radicales, socialistas y peronistas \u2014cambiando colores pero siempre defendiendo al Estado\u2014, <strong>La Libertad Avanza presenta una lista aut\u00e9nticamente propia<\/strong>.<\/p>\n\n\n\n<p>La boleta \u201cpura sangre\u201d no solo refleja la <strong>consolidaci\u00f3n del mile\u00edsmo en la provincia<\/strong>, sino tambi\u00e9n el surgimiento de <strong>nuevas generaciones<\/strong> que ganan elecciones en sus ciudades y llevan la bandera de la libertad a territorios antes impensados.<\/p>\n\n\n\n<p>En un escenario pol\u00edtico de roscas y negociaciones, la lista libertaria santafesina se planta con un mensaje claro: <strong>la libertad no se negocia, se ejerce<\/strong>.<\/p>\n","protected":false},"excerpt":{"rendered":"<p>La boleta libertaria a diputados nacionales por Santa Fe se presenta como una lista \u00edntegramente propia, con figuras cercanas a Romina Diez, representantes de la juventud y candidatos revelaci\u00f3n en distintas ciudades de la provincia. Solo un lugar fue concedido al PRO, dejando afuera a un hist\u00f3rico aliado del macrismo.<\/p>\n","protected":false},"author":2,"featured_media":3421,"comment_status":"open","ping_status":"open","sticky":false,"template":"","format":"standard","meta":{"_acf_changed":false,"advanced_seo_description":"","jetpack_seo_html_title":"","jetpack_seo_noindex":false,"_jetpack_memberships_contains_paid_content":false,"footnotes":""},"categories":[4],"tags":[20],"class_list":["post-3420","post","type-post","status-publish","format-standard","has-post-thumbnail","hentry","category-politica","tag-destacados"],"acf":[],"jetpack_featured_media_url":"https:\/\/elliberador.com\/wp-content\/uploads\/2025\/08\/Imagen-de-WhatsApp-2025-08-17-a-las-19.59.00_a9e983a2.jpg","jetpack_sharing_enabled":true,"_links":{"self":[{"href":"https:\/\/elliberador.com\/index.php\/wp-json\/wp\/v2\/posts\/3420","targetHints":{"allow":["GET"]}}],"collection":[{"href":"https:\/\/elliberador.com\/index.php\/wp-json\/wp\/v2\/posts"}],"about":[{"href":"https:\/\/elliberador.com\/index.php\/wp-json\/wp\/v2\/types\/post"}],"author":[{"embeddable":true,"href":"https:\/\/elliberador.com\/index.php\/wp-json\/wp\/v2\/users\/2"}],"replies":[{"embeddable":true,"href":"https:\/\/elliberador.com\/index.php\/wp-json\/wp\/v2\/comments?post=3420"}],"version-history":[{"count":1,"href":"https:\/\/elliberador.com\/index.php\/wp-json\/wp\/v2\/posts\/3420\/revisions"}],"predecessor-version":[{"id":3422,"href":"https:\/\/elliberador.com\/index.php\/wp-json\/wp\/v2\/posts\/3420\/revisions\/3422"}],"wp:featuredmedia":[{"embeddable":true,"href":"https:\/\/elliberador.com\/index.php\/wp-json\/wp\/v2\/media\/3421"}],"wp:attachment":[{"href":"https:\/\/elliberador.com\/index.php\/wp-json\/wp\/v2\/media?parent=3420"}],"wp:term":[{"taxonomy":"category","embeddable":true,"href":"https:\/\/elliberador.com\/index.php\/wp-json\/wp\/v2\/categories?post=3420"},{"taxonomy":"post_tag","embeddable":true,"href":"https:\/\/elliberador.com\/index.php\/wp-json\/wp\/v2\/tags?post=3420"}],"curies":[{"name":"wp","href":"https:\/\/api.w.org\/{rel}","templated":true}]}}