{"id":3423,"date":"2025-08-18T12:18:09","date_gmt":"2025-08-18T15:18:09","guid":{"rendered":"https:\/\/elliberador.com\/?p=3423"},"modified":"2025-08-18T12:18:12","modified_gmt":"2025-08-18T15:18:12","slug":"elecciones-en-bolivia-giro-a-la-derecha-desaparicion-del-partido-de-evo-y-el-primer-ballotage-de-su-historia","status":"publish","type":"post","link":"https:\/\/elliberador.com\/index.php\/2025\/08\/18\/elecciones-en-bolivia-giro-a-la-derecha-desaparicion-del-partido-de-evo-y-el-primer-ballotage-de-su-historia\/","title":{"rendered":"Elecciones en Bolivia: giro a la derecha, desaparici\u00f3n del partido de Evo y el primer ballotage de su historia"},"content":{"rendered":"\n<p><strong>1. Resultado y contexto pol\u00edtico<\/strong><br>El Movimiento al Socialismo (MAS), que hab\u00eda gobernado Bolivia durante casi dos d\u00e9cadas bajo Evo Morales y luego Luis Arce, sufri\u00f3 una derrota sin precedentes en las elecciones del 17 de agosto de 2025, quedando desplazado del balotaje. Esta jornada represent\u00f3 el fin del dominio socialista en el pa\u00eds.<\/p>\n\n\n\n<p><strong>2. Candidatos que avanzan a la segunda vuelta<\/strong><\/p>\n\n\n\n<ul class=\"wp-block-list\">\n<li><strong>Rodrigo Paz Pereira<\/strong>, del Partido Dem\u00f3crata Cristiano, dio la sorpresa al liderar el conteo con aproximadamente el <strong>32,1\u202f\u2013\u202f32,8\u202f%<\/strong> de los votos.<\/li>\n\n\n\n<li>En segundo lugar qued\u00f3 el expresidente <strong>Jorge \u201cTuto\u201d Quiroga<\/strong>, con entre <strong>26,4\u202f\u2013\u202f27\u202f%<\/strong>, quien representar\u00e1 la derecha m\u00e1s conservadora.<\/li>\n<\/ul>\n\n\n\n<p><strong>3. El balotaje y lo que representa<\/strong><br>Ante una votaci\u00f3n fragmentada, Bolivia se encamina hacia una segunda vuelta in\u00e9dita para su democracia moderna, agendada para el <strong>19 de octubre de 2025<\/strong>. Ser\u00e1 la \u00fanica balotaje presidencial desde el retorno a la democracia en 1982.<\/p>\n\n\n\n<p><strong>4. Derrota simb\u00f3lica del MAS<\/strong><\/p>\n\n\n\n<ul class=\"wp-block-list\">\n<li>El MAS qued\u00f3 fuera del balotaje: su candidato <strong>Eduardo del Castillo<\/strong> apenas alcanz\u00f3 un <strong>3\u202f%<\/strong>, mientras que <strong>Andr\u00f3nico Rodr\u00edguez<\/strong> logr\u00f3 alrededor del <strong>8\u202f%<\/strong>.<\/li>\n\n\n\n<li>El expresidente Evo Morales, inhabilitado para competir, llam\u00f3 a votar nulo, y los votos en blanco e inv\u00e1lidos alcanzaron un inusual <strong>19\u202f%<\/strong>, reflejando el profundo rechazo ciudadano.<\/li>\n<\/ul>\n\n\n\n<p><strong>5. Causas del cambio pol\u00edtico<\/strong><\/p>\n\n\n\n<ul class=\"wp-block-list\">\n<li>Bolivia atraviesa una de las peores crisis econ\u00f3micas de su historia reciente: inflaci\u00f3n elevada (entre 16\u202f% y 25\u202f%), escasez de combustibles y divisas.<\/li>\n\n\n\n<li>La fractura interna del MAS, debido a discrepancias entre Arce y Morales, profundiz\u00f3 su colapso electoral.<\/li>\n<\/ul>\n\n\n\n<p><strong>6. Perfil de los candidatos en liza<\/strong><\/p>\n\n\n\n<ul class=\"wp-block-list\">\n<li><strong>Rodrigo Paz<\/strong> se presenta como un l\u00edder renovador: combinaci\u00f3n de discurso anticorrupci\u00f3n, descentralizaci\u00f3n y valores cristianos. Su compa\u00f1era de f\u00f3rmula, Edman Lara, ex polic\u00eda, se hizo viral por denunciar corrupci\u00f3n, impulsando su campa\u00f1a en redes sociales.<\/li>\n\n\n\n<li><strong>Jorge \u201cTuto\u201d Quiroga<\/strong>, por su parte, conecta con sectores empresariales y conservadores. Plantea estabilidad mediante pol\u00edticas promercado, ayuda del FMI y el BM, adem\u00e1s de distanciamiento del modelo MAS.<\/li>\n<\/ul>\n\n\n\n<hr class=\"wp-block-separator has-alpha-channel-opacity\"\/>\n\n\n\n<h3 class=\"wp-block-heading\">Como sigue la situaci\u00f3n en Bolivia<\/h3>\n\n\n\n<p>Bolivia se apresta a una segunda vuelta presidencial que podr\u00eda definir su rumbo ideol\u00f3gico tras el ocaso del MAS. El choque entre un centrista renovador y un exmandatario conservador refleja el profundo deseo de cambio de la ciudadan\u00eda. El balotaje del <strong>19 de octubre de 2025<\/strong> ser\u00e1 decisivo para determinar si el pa\u00eds se inclina hacia una continuidad de reformas moderadas o hacia un giro m\u00e1s liberal y tradicional.<\/p>\n\n\n\n<p><\/p>\n","protected":false},"excerpt":{"rendered":"<p>Tras dos d\u00e9cadas de hegemon\u00eda socialista bajo Evo Morales y sus herederos, el MAS qued\u00f3 fuera del balotaje y no volver\u00e1 a gobernar Bolivia. El 19 de octubre, Rodrigo Paz y Jorge \u201cTuto\u201d Quiroga definir\u00e1n en segunda vuelta el rumbo de un pa\u00eds que cierra la era del masismo.<\/p>\n","protected":false},"author":2,"featured_media":3424,"comment_status":"open","ping_status":"open","sticky":false,"template":"","format":"standard","meta":{"_acf_changed":false,"advanced_seo_description":"","jetpack_seo_html_title":"","jetpack_seo_noindex":false,"_jetpack_memberships_contains_paid_content":false,"footnotes":""},"categories":[10],"tags":[20],"class_list":["post-3423","post","type-post","status-publish","format-standard","has-post-thumbnail","hentry","category-internacionales","tag-destacados"],"acf":[],"jetpack_featured_media_url":"https:\/\/elliberador.com\/wp-content\/uploads\/2025\/08\/UVAAEIQA35FTTBFBN57HAVUOBI.avif","jetpack_sharing_enabled":true,"_links":{"self":[{"href":"https:\/\/elliberador.com\/index.php\/wp-json\/wp\/v2\/posts\/3423","targetHints":{"allow":["GET"]}}],"collection":[{"href":"https:\/\/elliberador.com\/index.php\/wp-json\/wp\/v2\/posts"}],"about":[{"href":"https:\/\/elliberador.com\/index.php\/wp-json\/wp\/v2\/types\/post"}],"author":[{"embeddable":true,"href":"https:\/\/elliberador.com\/index.php\/wp-json\/wp\/v2\/users\/2"}],"replies":[{"embeddable":true,"href":"https:\/\/elliberador.com\/index.php\/wp-json\/wp\/v2\/comments?post=3423"}],"version-history":[{"count":1,"href":"https:\/\/elliberador.com\/index.php\/wp-json\/wp\/v2\/posts\/3423\/revisions"}],"predecessor-version":[{"id":3425,"href":"https:\/\/elliberador.com\/index.php\/wp-json\/wp\/v2\/posts\/3423\/revisions\/3425"}],"wp:featuredmedia":[{"embeddable":true,"href":"https:\/\/elliberador.com\/index.php\/wp-json\/wp\/v2\/media\/3424"}],"wp:attachment":[{"href":"https:\/\/elliberador.com\/index.php\/wp-json\/wp\/v2\/media?parent=3423"}],"wp:term":[{"taxonomy":"category","embeddable":true,"href":"https:\/\/elliberador.com\/index.php\/wp-json\/wp\/v2\/categories?post=3423"},{"taxonomy":"post_tag","embeddable":true,"href":"https:\/\/elliberador.com\/index.php\/wp-json\/wp\/v2\/tags?post=3423"}],"curies":[{"name":"wp","href":"https:\/\/api.w.org\/{rel}","templated":true}]}}