{"id":3435,"date":"2025-08-21T11:22:49","date_gmt":"2025-08-21T14:22:49","guid":{"rendered":"https:\/\/elliberador.com\/?p=3435"},"modified":"2025-08-21T11:25:11","modified_gmt":"2025-08-21T14:25:11","slug":"ariel-garcia-furfaro-detenido-por-la-trama-del-fentanilo-contaminado","status":"publish","type":"post","link":"https:\/\/elliberador.com\/index.php\/2025\/08\/21\/ariel-garcia-furfaro-detenido-por-la-trama-del-fentanilo-contaminado\/","title":{"rendered":"Allanamientos y detenciones a los Garc\u00eda Furfaro en el caso de fentanilo contaminado"},"content":{"rendered":"\n<p>En las \u00faltimas horas, <strong>Ariel Garc\u00eda Furfaro<\/strong> se entreg\u00f3 voluntariamente en Ezeiza y qued\u00f3 detenido. Este jueves deber\u00e1 presentarse ante el juez federal <strong>Ernesto Kreplak<\/strong> para formalizar su situaci\u00f3n procesal.<\/p>\n\n\n\n<p>La orden de detenci\u00f3n hab\u00eda sido solicitada por la <strong>Justicia Federal<\/strong> contra Garc\u00eda Furfaro, titular de <strong>HLB Pharma<\/strong>, junto a varios familiares y directivos de la compa\u00f1\u00eda, bajo las acusaciones de <strong>homicidio culposo, comercializaci\u00f3n de estupefacientes y asociaci\u00f3n il\u00edcita<\/strong>. Entre los involucrados figuran sus hermanos <strong>Diego y Dami\u00e1n Garc\u00eda Furfaro<\/strong>, parte de la gesti\u00f3n operativa del laboratorio, y su madre <strong>Nilda Furfaro<\/strong>, vicepresidenta y accionista.<\/p>\n\n\n\n<p>El operativo incluy\u00f3 <strong>diez allanamientos simult\u00e1neos<\/strong>, llevados a cabo por la <strong>PSA<\/strong> y la <strong>Gendarmer\u00eda Nacional<\/strong>. En paralelo, tambi\u00e9n fue arrestado el propietario del <strong>Laboratorio Ramallo<\/strong>, elaborador de insumos para HLB Pharma, acusado de <strong>homicidio culposo y suministro ilegal de medicamentos<\/strong>, por su rol en la distribuci\u00f3n de los lotes de fentanilo contaminado.<\/p>\n\n\n\n<figure class=\"wp-block-image size-full\"><img fetchpriority=\"high\" decoding=\"async\" width=\"742\" height=\"809\" src=\"https:\/\/elliberador.com\/wp-content\/uploads\/2025\/08\/Captura-de-pantalla-2025-08-21-111437.png\" alt=\"\" class=\"wp-image-3437\" srcset=\"https:\/\/elliberador.com\/wp-content\/uploads\/2025\/08\/Captura-de-pantalla-2025-08-21-111437.png 742w, https:\/\/elliberador.com\/wp-content\/uploads\/2025\/08\/Captura-de-pantalla-2025-08-21-111437-275x300.png 275w\" sizes=\"(max-width: 742px) 100vw, 742px\" \/><\/figure>\n\n\n\n<p>Los allanamientos sumaron nuevas pruebas: se intervinieron domicilios de Ariel, Diego y Dami\u00e1n, as\u00ed como propiedades vinculadas a su madre y a otros directivos t\u00e9cnicos. All\u00ed se secuestraron <strong>armas, documentos, tel\u00e9fonos, soportes inform\u00e1ticos y medicamentos sin registro oficial<\/strong>, confirmando un entramado societario complejo y de alto nivel de organizaci\u00f3n.<\/p>\n\n\n\n<p>La investigaci\u00f3n gira en torno a los lotes <strong>31.202 y 31.244 de fentanilo contaminado<\/strong>, vinculados ya a <strong>casi 100 muertes<\/strong>. En paralelo, Ariel Garc\u00eda Furfaro enfrenta otra causa en el <strong>fuero penal econ\u00f3mico<\/strong> por contrabando agravado mediante sobrefacturaci\u00f3n en importaciones desde China, con un <strong>embargo millonario<\/strong> en curso, aunque hasta esta semana no ten\u00eda prisi\u00f3n preventiva.<\/p>\n\n\n\n<p>En cuanto a las pericias, el <strong>Cuerpo M\u00e9dico Forense<\/strong> determin\u00f3 que en 12 de las 20 historias cl\u00ednicas analizadas, el fentanilo adulterado fue un <strong>factor agravante decisivo en los desenlaces fatales<\/strong>, aunque a\u00fan no se estableci\u00f3 un nexo causal \u00fanico y directo. Para los pr\u00f3ximos d\u00edas se espera el informe del <strong>Instituto Malbr\u00e1n<\/strong> sobre los procedimientos de producci\u00f3n en HLB Pharma, que ser\u00e1 clave para definir imputaciones firmes y eventuales nuevas detenciones.<\/p>\n","protected":false},"excerpt":{"rendered":"<p>El due\u00f1o de HLB Pharma, Ariel Garc\u00eda Furfaro, qued\u00f3 detenido en el marco de la investigaci\u00f3n por los lotes de fentanilo contaminado que ya dejaron casi 100 muertos. La causa involucra a familiares y directivos de la empresa en una trama de homicidio culposo, narcotr\u00e1fico y asociaci\u00f3n il\u00edcita, y se esperan m\u00e1s imputaciones tras los informes del Instituto Malbr\u00e1n.<\/p>\n","protected":false},"author":2,"featured_media":3436,"comment_status":"open","ping_status":"open","sticky":false,"template":"","format":"standard","meta":{"_acf_changed":false,"advanced_seo_description":"","jetpack_seo_html_title":"","jetpack_seo_noindex":false,"_jetpack_memberships_contains_paid_content":false,"footnotes":""},"categories":[36],"tags":[20],"class_list":["post-3435","post","type-post","status-publish","format-standard","has-post-thumbnail","hentry","category-seguridad","tag-destacados"],"acf":[],"jetpack_featured_media_url":"https:\/\/elliberador.com\/wp-content\/uploads\/2025\/08\/Gy1wPuaWoAA_N8J.jpeg","jetpack_sharing_enabled":true,"_links":{"self":[{"href":"https:\/\/elliberador.com\/index.php\/wp-json\/wp\/v2\/posts\/3435","targetHints":{"allow":["GET"]}}],"collection":[{"href":"https:\/\/elliberador.com\/index.php\/wp-json\/wp\/v2\/posts"}],"about":[{"href":"https:\/\/elliberador.com\/index.php\/wp-json\/wp\/v2\/types\/post"}],"author":[{"embeddable":true,"href":"https:\/\/elliberador.com\/index.php\/wp-json\/wp\/v2\/users\/2"}],"replies":[{"embeddable":true,"href":"https:\/\/elliberador.com\/index.php\/wp-json\/wp\/v2\/comments?post=3435"}],"version-history":[{"count":2,"href":"https:\/\/elliberador.com\/index.php\/wp-json\/wp\/v2\/posts\/3435\/revisions"}],"predecessor-version":[{"id":3440,"href":"https:\/\/elliberador.com\/index.php\/wp-json\/wp\/v2\/posts\/3435\/revisions\/3440"}],"wp:featuredmedia":[{"embeddable":true,"href":"https:\/\/elliberador.com\/index.php\/wp-json\/wp\/v2\/media\/3436"}],"wp:attachment":[{"href":"https:\/\/elliberador.com\/index.php\/wp-json\/wp\/v2\/media?parent=3435"}],"wp:term":[{"taxonomy":"category","embeddable":true,"href":"https:\/\/elliberador.com\/index.php\/wp-json\/wp\/v2\/categories?post=3435"},{"taxonomy":"post_tag","embeddable":true,"href":"https:\/\/elliberador.com\/index.php\/wp-json\/wp\/v2\/tags?post=3435"}],"curies":[{"name":"wp","href":"https:\/\/api.w.org\/{rel}","templated":true}]}}