{"id":3441,"date":"2025-08-21T11:53:28","date_gmt":"2025-08-21T14:53:28","guid":{"rendered":"https:\/\/elliberador.com\/?p=3441"},"modified":"2025-08-21T11:55:03","modified_gmt":"2025-08-21T14:55:03","slug":"cuatro-diputados-se-van-de-la-libertad-avanza-en-medio-del-mayor-embate-politico-contra-milei","status":"publish","type":"post","link":"https:\/\/elliberador.com\/index.php\/2025\/08\/21\/cuatro-diputados-se-van-de-la-libertad-avanza-en-medio-del-mayor-embate-politico-contra-milei\/","title":{"rendered":"Cuatro diputados se van de La Libertad Avanza en medio del mayor embate pol\u00edtico contra Milei"},"content":{"rendered":"\n<p>El oficialismo volvi\u00f3 a sufrir una fractura en la C\u00e1mara baja. Cuatro legisladores que en 2023 llegaron al Congreso de la mano del presidente <strong>Javier Milei<\/strong> decidieron abandonar La Libertad Avanza para conformar un bloque propio, ir\u00f3nicamente bautizado <strong>\u201cCoherencia\u201d<\/strong>. Una etiqueta que choca con su accionar: <strong>dar la espalda a quienes los votaron para seguir ambiciones personales<\/strong>.<\/p>\n\n\n\n<p>Se trata de <strong>Marcela Pagano, Carlos D\u2019Alessandro, Gerardo Gonz\u00e1lez y Lourdes Arrieta<\/strong>, quienes en vez de respaldar el proyecto pol\u00edtico que les dio identidad y banca, eligieron enredarse en disputas internas y c\u00e1lculos de supervivencia personal.<\/p>\n\n\n\n<hr class=\"wp-block-separator has-alpha-channel-opacity\"\/>\n\n\n\n<h2 class=\"wp-block-heading\">Una excusa que no convence<\/h2>\n\n\n\n<p>Los cuatro diputados intentaron justificar la ruptura diciendo que buscan <em>\u201cmantener la coherencia y recuperar el valor de la palabra\u201d<\/em>. Pero en los hechos, su accionar no es m\u00e1s que un quiebre con la confianza de los votantes y un gui\u00f1o al mismo sistema pol\u00edtico que Milei se propuso combatir.<\/p>\n\n\n\n<p>Cada uno de ellos arrastra diferencias con <strong>Mart\u00edn Menem<\/strong> y <strong>Karina Milei<\/strong>, pero lejos de procesar esas tensiones dentro del espacio, prefirieron golpear en el peor momento: justo cuando el Congreso discute las reformas estructurales que necesita el pa\u00eds.<\/p>\n\n\n\n<hr class=\"wp-block-separator has-alpha-channel-opacity\"\/>\n\n\n\n<h2 class=\"wp-block-heading\">C\u00f3mo votaron en los vetos presidenciales<\/h2>\n\n\n\n<p>La fractura se hizo m\u00e1s evidente en las \u00faltimas sesiones:<\/p>\n\n\n\n<ul class=\"wp-block-list\">\n<li><strong>Lourdes Arrieta<\/strong>: vot\u00f3 en contra del <strong>veto presidencial a la emergencia en discapacidad<\/strong>, aline\u00e1ndose con el kirchnerismo y sectores de la oposici\u00f3n estatista.<\/li>\n\n\n\n<li><strong>Marcela Pagano<\/strong>: tambi\u00e9n se expres\u00f3 contra el Ejecutivo en la votaci\u00f3n del <strong>veto al aumento de las jubilaciones<\/strong>, debilitando al bloque oficialista.<\/li>\n\n\n\n<li><strong>Carlos D\u2019Alessandro<\/strong>: acompa\u00f1\u00f3 los intentos opositores de <strong>derogar los vetos<\/strong>, pese a que eso implicaba dinamitar la pol\u00edtica de d\u00e9ficit cero.<\/li>\n\n\n\n<li><strong>Gerardo Gonz\u00e1lez<\/strong>: de bajo perfil hasta entonces, se sum\u00f3 a este bloque de rebeldes y <strong>se aline\u00f3 en las votaciones contra el Gobierno<\/strong>, mostrando que su prioridad no era el programa libertario sino ganar espacio pol\u00edtico.<\/li>\n<\/ul>\n\n\n\n<p>En todos los casos, los cuatro actuaron en contra de las posiciones del Ejecutivo, quedando en la pr\u00e1ctica como aliados circunstanciales del estatismo parlamentario.<\/p>\n\n\n\n<hr class=\"wp-block-separator has-alpha-channel-opacity\"\/>\n\n\n\n<h2 class=\"wp-block-heading\">Lourdes Arrieta: de v\u00edctima a verdugo<\/h2>\n\n\n\n<p>Arrieta primero se mostr\u00f3 como v\u00edctima de un <em>\u201cenga\u00f1o\u201d<\/em> en la visita al penal de Ezeiza, pero luego denunci\u00f3 p\u00fablicamente a sus propios compa\u00f1eros y termin\u00f3 consolidando un monobloque opositor. Hoy sus votos se cuentan junto a los del kirchnerismo.<\/p>\n\n\n\n<figure class=\"wp-block-image size-full\"><img fetchpriority=\"high\" decoding=\"async\" width=\"992\" height=\"558\" src=\"https:\/\/elliberador.com\/wp-content\/uploads\/2025\/08\/WOA2GAUTKFDTPKYHW7C32WBFUU.avif\" alt=\"\" class=\"wp-image-3445\" srcset=\"https:\/\/elliberador.com\/wp-content\/uploads\/2025\/08\/WOA2GAUTKFDTPKYHW7C32WBFUU.avif 992w, https:\/\/elliberador.com\/wp-content\/uploads\/2025\/08\/WOA2GAUTKFDTPKYHW7C32WBFUU-300x169.avif 300w, https:\/\/elliberador.com\/wp-content\/uploads\/2025\/08\/WOA2GAUTKFDTPKYHW7C32WBFUU-768x432.avif 768w\" sizes=\"(max-width: 992px) 100vw, 992px\" \/><\/figure>\n\n\n\n<hr class=\"wp-block-separator has-alpha-channel-opacity\"\/>\n\n\n\n<h2 class=\"wp-block-heading\">Marcela Pagano: del periodismo al esc\u00e1ndalo<\/h2>\n\n\n\n<p>La periodista que entr\u00f3 al Congreso por su cercan\u00eda a Milei pas\u00f3 r\u00e1pidamente de ser una figura prometedora a un factor de crisis interna. Sus frustraciones personales, como no haber sido designada en la <strong>Comisi\u00f3n de Juicio Pol\u00edtico<\/strong>, derivaron en escenas bochornosas con meg\u00e1fonos e insultos. Su voto contra el Ejecutivo en el caso de las jubilaciones fue el golpe final a su credibilidad libertaria.<\/p>\n\n\n\n<hr class=\"wp-block-separator has-alpha-channel-opacity\"\/>\n\n\n\n<h2 class=\"wp-block-heading\">Carlos D\u2019Alessandro: rebeli\u00f3n en San Luis<\/h2>\n\n\n\n<p>Su enfrentamiento con Karina Milei por la intervenci\u00f3n partidaria en San Luis dej\u00f3 al descubierto su falta de lealtad. Sus cr\u00edticas p\u00fablicas al Gobierno, a las que sum\u00f3 sus votos contra los vetos, terminaron de sellar su salida.<\/p>\n\n\n\n<figure class=\"wp-block-image size-full\"><img decoding=\"async\" width=\"992\" height=\"597\" src=\"https:\/\/elliberador.com\/wp-content\/uploads\/2025\/08\/DORHRQMLAZCQBETDYEAY2O5P34.avif\" alt=\"\" class=\"wp-image-3444\" srcset=\"https:\/\/elliberador.com\/wp-content\/uploads\/2025\/08\/DORHRQMLAZCQBETDYEAY2O5P34.avif 992w, https:\/\/elliberador.com\/wp-content\/uploads\/2025\/08\/DORHRQMLAZCQBETDYEAY2O5P34-300x181.avif 300w, https:\/\/elliberador.com\/wp-content\/uploads\/2025\/08\/DORHRQMLAZCQBETDYEAY2O5P34-768x462.avif 768w\" sizes=\"(max-width: 992px) 100vw, 992px\" \/><\/figure>\n\n\n\n<hr class=\"wp-block-separator has-alpha-channel-opacity\"\/>\n\n\n\n<h2 class=\"wp-block-heading\">Gerardo Gonz\u00e1lez: de la irrelevancia al oportunismo<\/h2>\n\n\n\n<p>Sin peso pol\u00edtico propio, eligi\u00f3 subirse al carro de los disidentes y acompa\u00f1ar con su voto a la oposici\u00f3n en los vetos. De la irrelevancia pas\u00f3 al oportunismo, mostrando que su br\u00fajula est\u00e1 lejos de los principios que dijo defender en campa\u00f1a.<\/p>\n\n\n\n<hr class=\"wp-block-separator has-alpha-channel-opacity\"\/>\n\n\n\n<h2 class=\"wp-block-heading\">Una traici\u00f3n al pueblo<\/h2>\n\n\n\n<p>La formaci\u00f3n del bloque <strong>\u201cCoherencia\u201d<\/strong> no es m\u00e1s que un <strong>golpe bajo al oficialismo y una falta de respeto hacia los votantes<\/strong> que confiaron en Milei y en La Libertad Avanza.<\/p>\n\n\n\n<p>En vez de respaldar las reformas que pueden sacar a la Argentina del pantano estatista, estos cuatro diputados eligieron seguir sus egos y ambiciones, repitiendo las mismas pr\u00e1cticas de la pol\u00edtica tradicional que la ciudadan\u00eda decidi\u00f3 castigar en las urnas.<\/p>\n\n\n\n<p>La historia recordar\u00e1 sus nombres no como constructores, sino como lo que son: <strong>los primeros en quebrar la voluntad popular y darle la espalda al proyecto libertario que juraron representar<\/strong>.<\/p>\n","protected":false},"excerpt":{"rendered":"<p>Marcela Pagano, Carlos D\u2019Alessandro, Gerardo Gonz\u00e1lez y Lourdes Arrieta abandonaron La Libertad Avanza para formar el bloque \u201cCoherencia\u201d. En las votaciones de los vetos presidenciales se alinearon con la oposici\u00f3n estatista, debilitando al Gobierno y traicionando la confianza de los votantes que los llevaron al Congreso junto a Javier Milei.<\/p>\n","protected":false},"author":2,"featured_media":3442,"comment_status":"open","ping_status":"open","sticky":false,"template":"","format":"standard","meta":{"_acf_changed":false,"advanced_seo_description":"","jetpack_seo_html_title":"","jetpack_seo_noindex":false,"_jetpack_memberships_contains_paid_content":false,"footnotes":""},"categories":[4],"tags":[20],"class_list":["post-3441","post","type-post","status-publish","format-standard","has-post-thumbnail","hentry","category-politica","tag-destacados"],"acf":[],"jetpack_featured_media_url":"https:\/\/elliberador.com\/wp-content\/uploads\/2025\/08\/2M3WQVB46FBSNKAP5ZKWFDNATY.avif","jetpack_sharing_enabled":true,"_links":{"self":[{"href":"https:\/\/elliberador.com\/index.php\/wp-json\/wp\/v2\/posts\/3441","targetHints":{"allow":["GET"]}}],"collection":[{"href":"https:\/\/elliberador.com\/index.php\/wp-json\/wp\/v2\/posts"}],"about":[{"href":"https:\/\/elliberador.com\/index.php\/wp-json\/wp\/v2\/types\/post"}],"author":[{"embeddable":true,"href":"https:\/\/elliberador.com\/index.php\/wp-json\/wp\/v2\/users\/2"}],"replies":[{"embeddable":true,"href":"https:\/\/elliberador.com\/index.php\/wp-json\/wp\/v2\/comments?post=3441"}],"version-history":[{"count":2,"href":"https:\/\/elliberador.com\/index.php\/wp-json\/wp\/v2\/posts\/3441\/revisions"}],"predecessor-version":[{"id":3446,"href":"https:\/\/elliberador.com\/index.php\/wp-json\/wp\/v2\/posts\/3441\/revisions\/3446"}],"wp:featuredmedia":[{"embeddable":true,"href":"https:\/\/elliberador.com\/index.php\/wp-json\/wp\/v2\/media\/3442"}],"wp:attachment":[{"href":"https:\/\/elliberador.com\/index.php\/wp-json\/wp\/v2\/media?parent=3441"}],"wp:term":[{"taxonomy":"category","embeddable":true,"href":"https:\/\/elliberador.com\/index.php\/wp-json\/wp\/v2\/categories?post=3441"},{"taxonomy":"post_tag","embeddable":true,"href":"https:\/\/elliberador.com\/index.php\/wp-json\/wp\/v2\/tags?post=3441"}],"curies":[{"name":"wp","href":"https:\/\/api.w.org\/{rel}","templated":true}]}}