{"id":3447,"date":"2025-08-22T11:41:33","date_gmt":"2025-08-22T14:41:33","guid":{"rendered":"https:\/\/elliberador.com\/?p=3447"},"modified":"2025-08-22T12:47:49","modified_gmt":"2025-08-22T15:47:49","slug":"barbarie-en-independiente-u-de-chile-la-prueba-de-porque-en-provincia-de-buenos-aires-reina-la-delincuencia","status":"publish","type":"post","link":"https:\/\/elliberador.com\/index.php\/2025\/08\/22\/barbarie-en-independiente-u-de-chile-la-prueba-de-porque-en-provincia-de-buenos-aires-reina-la-delincuencia\/","title":{"rendered":"Barbarie en Independiente &#8211; U de Chile: la prueba de porqu\u00e9 en provincia de Buenos Aires reina la delincuencia"},"content":{"rendered":"\n<p>Lo que deb\u00eda ser una fiesta del f\u00fatbol internacional termin\u00f3 en una aut\u00e9ntica carnicer\u00eda. El partido entre <strong>Independiente y Universidad de Chile<\/strong> dej\u00f3 escenas de violencia brutal, en un operativo policial que no solo brill\u00f3 por su ausencia, sino que fue c\u00f3mplice y expuso a miles de personas a un riesgo de muerte.<\/p>\n\n\n\n<hr class=\"wp-block-separator has-alpha-channel-opacity\"\/>\n\n\n\n<h2 class=\"wp-block-heading\">Una inacci\u00f3n policial que cost\u00f3 sangre<\/h2>\n\n\n\n<p>Desde la <strong>segunda bandeja del estadio<\/strong>, los hinchas de Universidad de Chile comenzaron a arrojar <strong>grandes piedras y hasta \u00a1inodoros arrancados de los ba\u00f1os!<\/strong> hacia la platea inferior de Independiente. Este ataque se extendi\u00f3 durante casi todo el partido sin que la <strong>Polic\u00eda Bonaerense<\/strong>, bajo la \u00f3rbita del gobernador <strong>Axel Kicillof<\/strong>, interviniera para detener la agresi\u00f3n.<\/p>\n\n\n\n<p>La pasividad fue tal que, pese a que los clubes deben pagar cifras millonarias para los operativos de seguridad, la fuerza policial se limit\u00f3 a mirar c\u00f3mo el estadio se convert\u00eda en un campo de batalla.<\/p>\n\n\n\n<hr class=\"wp-block-separator has-alpha-channel-opacity\"\/>\n\n\n\n<h2 class=\"wp-block-heading\">De la inacci\u00f3n a la liberaci\u00f3n de zona<\/h2>\n\n\n\n<p>La situaci\u00f3n alcanz\u00f3 un punto de quiebre cuando, lejos de contener la violencia, la polic\u00eda liber\u00f3 la zona y permiti\u00f3 a los <strong>barras de Independiente<\/strong> ingresar a la tribuna visitante. Ah\u00ed comenz\u00f3 una verdadera <strong>cacer\u00eda humana<\/strong>: hinchas chilenos fueron perseguidos, golpeados con hierros y patadas, despojados de sus pertenencias y hasta de su ropa, mientras intentaban escapar ensangrentados. Muchos de ellos quedaron inconscientes en el piso y segu\u00edan siendo golpeados hasta el desmayo o hasta una posible muerte y despojados de hasta su ropa interior<\/p>\n\n\n\n<p>Un caso extremo se dio cuando un hincha, tratando de huir de la brutalidad, cay\u00f3 desde la tribuna hacia un piso inferior y qued\u00f3 gravemente herido. Aun as\u00ed, los barras siguieron golpe\u00e1ndolo y rob\u00e1ndole en el suelo, frente a la pasividad absoluta de los efectivos.<\/p>\n\n\n\n<hr class=\"wp-block-separator has-alpha-channel-opacity\"\/>\n\n\n\n<h2 class=\"wp-block-heading\">Polic\u00edas contra las v\u00edctimas<\/h2>\n\n\n\n<p>Los videos que ya circulan en redes sociales son escalofriantes: en lugar de asistir a los heridos, <strong>agentes de la Bonaerense empujaban a las v\u00edctimas ensangrentadas para expulsarlas del estadio<\/strong>, trat\u00e1ndolas como delincuentes.<\/p>\n\n\n\n<p>Lo que deb\u00eda ser un operativo de seguridad termin\u00f3 convertido en una <strong>zona liberada<\/strong>, con la polic\u00eda actuando m\u00e1s como c\u00f3mplice que como fuerza de orden.<\/p>\n\n\n\n<figure class=\"wp-block-video\"><video height=\"1080\" style=\"aspect-ratio: 1920 \/ 1080;\" width=\"1920\" controls src=\"https:\/\/elliberador.com\/wp-content\/uploads\/2025\/08\/ssstwitter.com_1755789836297-1.mp4\"><\/video><figcaption class=\"wp-element-caption\">Prueba de zona liberada de la polic\u00eda. As\u00ed se trabaja en la polic\u00eda de Kicillof. Complicidad con el caos y la delincuencia atacando a las v\u00edctimas de brutales golpizas y robos, como si fuesen barrabravas<\/figcaption><\/figure>\n\n\n\n<hr class=\"wp-block-separator has-alpha-channel-opacity\"\/>\n\n\n\n<h2 class=\"wp-block-heading\">La caradurez del jefe de seguridad<\/h2>\n\n\n\n<p>Lejos de hacerse cargo de la inacci\u00f3n policial, el ministro de Seguridad bonaerense, <strong>Javier Alonso<\/strong>, culp\u00f3 a los organismos internacionales.<\/p>\n\n\n\n<blockquote class=\"wp-block-quote is-layout-flow wp-block-quote-is-layout-flow\">\n<p>\u201cConmebol y FIFA determinan desde hace a\u00f1os los partidos con hinchadas visitantes\u201d, escribi\u00f3 Alonso en su cuenta de X, asegurando que la ministra nacional <em>\u201cdesconoce la aplicaci\u00f3n de cualquier tipo de reglamento\u201d<\/em>.<\/p>\n<\/blockquote>\n\n\n\n<p>Con total desparpajo, Alonso sostuvo que <em>\u201ctodos los protocolos que corresponden al Ministerio de Seguridad de la Provincia de Buenos Aires y a la APreViDe fueron controlados, supervisados y aprobados\u201d<\/em>.<\/p>\n\n\n\n<p>La declaraci\u00f3n es un insulto a las v\u00edctimas y a los bonaerenses: mientras se multiplican los videos de hinchas chilenos ensangrentados, robados y golpeados hasta la agon\u00eda, la polic\u00eda de Kicillof se lava las manos y se escuda en tecnicismos para no asumir su responsabilidad.<\/p>\n\n\n\n<hr class=\"wp-block-separator has-alpha-channel-opacity\"\/>\n\n\n\n<h2 class=\"wp-block-heading\">El silencio de Kicillof<\/h2>\n\n\n\n<p>En medio del esc\u00e1ndalo y la indignaci\u00f3n p\u00fablica, el gobernador <strong>Axel Kicillof<\/strong> eligi\u00f3 el silencio. En su cuenta oficial de <strong>X<\/strong>, se mostr\u00f3 sonriente, promocionando supuestas iniciativas de <em>\u201ceducaci\u00f3n\u201d<\/em>, mientras evit\u00f3 referirse a la barbarie ocurrida bajo su propia jurisdicci\u00f3n y con la polic\u00eda que \u00e9l mismo comanda.<\/p>\n\n\n\n<p>El contraste es brutal: mientras hinchas chilenos y argentinos eran golpeados salvajemente, robados y hasta arriesgaban la vida en Avellaneda, Kicillof prefer\u00eda mostrarse con fotos de campa\u00f1a, sonriendo, en la provincia que ostenta <strong>las escuelas en los estados m\u00e1s precarios de toda la Argentina<\/strong>.<\/p>\n\n\n\n<p>Ese maquillaje discursivo no alcanza: los bonaerenses saben lo que viven todos los d\u00edas y <strong>esa realidad no se la va a poder mentir con fotos armadas en redes sociales<\/strong>.<\/p>\n\n\n\n<figure class=\"wp-block-image size-full\"><img fetchpriority=\"high\" decoding=\"async\" width=\"768\" height=\"869\" src=\"https:\/\/elliberador.com\/wp-content\/uploads\/2025\/08\/Captura-de-pantalla-2025-08-22-113537.png\" alt=\"\" class=\"wp-image-3453\" srcset=\"https:\/\/elliberador.com\/wp-content\/uploads\/2025\/08\/Captura-de-pantalla-2025-08-22-113537.png 768w, https:\/\/elliberador.com\/wp-content\/uploads\/2025\/08\/Captura-de-pantalla-2025-08-22-113537-265x300.png 265w\" sizes=\"(max-width: 768px) 100vw, 768px\" \/><figcaption class=\"wp-element-caption\">Fingiendo demencia, el gobernador pelea contra molinos de viento queriendo hacer creer que alguien est\u00e1 en contra de la educaci\u00f3n que el kirchnerismo destruy\u00f3 durante 20 a\u00f1os y omite la delincuencia de su Polic\u00eda Bonaerense y una de las noches m\u00e1s tr\u00e1gicas del f\u00fatbol argentino en d\u00e9cadas<\/figcaption><\/figure>\n\n\n\n<hr class=\"wp-block-separator has-alpha-channel-opacity\"\/>\n\n\n\n<h2 class=\"wp-block-heading\">Una muestra del fracaso bonaerense<\/h2>\n\n\n\n<p>La noche de Avellaneda deja al descubierto lo que viven todos los d\u00edas los bonaerenses: <strong>la polic\u00eda no actu\u00f3 contra los violentos chilenos y su \u201csoluci\u00f3n\u201d fue liberar la zona para que barras de Independiente resolvieran con m\u00e1s violencia<\/strong>.<\/p>\n\n\n\n<p>As\u00ed funciona la <strong>polic\u00eda de Kicillof<\/strong>: <strong>pico libre para la delincuencia y complicidad directa en el delito y la violencia<\/strong>. El resultado fue una masacre digna de las zonas m\u00e1s inseguras del pa\u00eds, donde el Estado aparece solo para garantizar impunidad a los criminales y desamparo a las v\u00edctimas.<\/p>\n\n\n\n<hr class=\"wp-block-separator has-alpha-channel-opacity\"\/>\n\n\n\n<h2 class=\"wp-block-heading\">El fracaso garantista de legalizar la delincuencia<\/h2>\n\n\n\n<p>Lo sucedido en el estadio de Independiente es un <strong>esc\u00e1ndalo institucional y deportivo<\/strong> que no puede pasar desapercibido. La combinaci\u00f3n de <strong>violencia barrabrava<\/strong>, <strong>liberaci\u00f3n de zonas<\/strong>, <strong>caradurismo oficial<\/strong> y ahora <strong>el silencio c\u00ednico de Kicillof<\/strong> refleja por qu\u00e9 los bonaerenses viven encerrados y son v\u00edctimas de la peor inseguridad del pa\u00eds.<\/p>\n\n\n\n<p>Bajo un gobierno que prioriza la propaganda antes que la seguridad real, la provincia de Buenos Aires queda convertida en tierra de nadie, y el f\u00fatbol argentino queda manchado con una de sus peores noches en d\u00e9cadas.<\/p>\n","protected":false},"excerpt":{"rendered":"<p>El partido entre Independiente y Universidad de Chile termin\u00f3 en una carnicer\u00eda: la polic\u00eda bonaerense permiti\u00f3 que barras atacaran brutalmente a hinchas visitantes, con heridos graves, robos y golpizas salvajes. La inacci\u00f3n y la liberaci\u00f3n de zona exponen la complicidad del gobierno de Axel Kicillof, m\u00e1s preocupado por proteger a los violentos que a las familias que pagan para ir a la cancha.<\/p>\n","protected":false},"author":2,"featured_media":3448,"comment_status":"open","ping_status":"open","sticky":false,"template":"","format":"standard","meta":{"_acf_changed":false,"advanced_seo_description":"","jetpack_seo_html_title":"","jetpack_seo_noindex":false,"_jetpack_memberships_contains_paid_content":false,"footnotes":""},"categories":[36],"tags":[20],"class_list":["post-3447","post","type-post","status-publish","format-standard","has-post-thumbnail","hentry","category-seguridad","tag-destacados"],"acf":[],"jetpack_featured_media_url":"https:\/\/elliberador.com\/wp-content\/uploads\/2025\/08\/NNFLPPKMS5AMRNYV7JX4QPB4UU.avif","jetpack_sharing_enabled":true,"_links":{"self":[{"href":"https:\/\/elliberador.com\/index.php\/wp-json\/wp\/v2\/posts\/3447","targetHints":{"allow":["GET"]}}],"collection":[{"href":"https:\/\/elliberador.com\/index.php\/wp-json\/wp\/v2\/posts"}],"about":[{"href":"https:\/\/elliberador.com\/index.php\/wp-json\/wp\/v2\/types\/post"}],"author":[{"embeddable":true,"href":"https:\/\/elliberador.com\/index.php\/wp-json\/wp\/v2\/users\/2"}],"replies":[{"embeddable":true,"href":"https:\/\/elliberador.com\/index.php\/wp-json\/wp\/v2\/comments?post=3447"}],"version-history":[{"count":5,"href":"https:\/\/elliberador.com\/index.php\/wp-json\/wp\/v2\/posts\/3447\/revisions"}],"predecessor-version":[{"id":3460,"href":"https:\/\/elliberador.com\/index.php\/wp-json\/wp\/v2\/posts\/3447\/revisions\/3460"}],"wp:featuredmedia":[{"embeddable":true,"href":"https:\/\/elliberador.com\/index.php\/wp-json\/wp\/v2\/media\/3448"}],"wp:attachment":[{"href":"https:\/\/elliberador.com\/index.php\/wp-json\/wp\/v2\/media?parent=3447"}],"wp:term":[{"taxonomy":"category","embeddable":true,"href":"https:\/\/elliberador.com\/index.php\/wp-json\/wp\/v2\/categories?post=3447"},{"taxonomy":"post_tag","embeddable":true,"href":"https:\/\/elliberador.com\/index.php\/wp-json\/wp\/v2\/tags?post=3447"}],"curies":[{"name":"wp","href":"https:\/\/api.w.org\/{rel}","templated":true}]}}