{"id":3457,"date":"2025-08-22T12:08:00","date_gmt":"2025-08-22T15:08:00","guid":{"rendered":"https:\/\/elliberador.com\/?p=3457"},"modified":"2025-08-22T12:46:44","modified_gmt":"2025-08-22T15:46:44","slug":"la-casta-se-defiende-el-senado-bloquea-los-dnu-de-milei-y-frena-reformas-clave","status":"publish","type":"post","link":"https:\/\/elliberador.com\/index.php\/2025\/08\/22\/la-casta-se-defiende-el-senado-bloquea-los-dnu-de-milei-y-frena-reformas-clave\/","title":{"rendered":"La casta se defiende: el Senado bloquea los DNU de Milei y frena reformas clave"},"content":{"rendered":"\n<h2 class=\"wp-block-heading\">Un freno al plan de reformas<\/h2>\n\n\n\n<p>El Senado rechaz\u00f3 este jueves una serie de <strong>Decretos de Necesidad y Urgencia (DNU)<\/strong> fundamentales para el programa de gobierno de <strong>Javier Milei<\/strong>. Las medidas buscaban <strong>reducir el gasto p\u00fablico, cerrar organismos redundantes y reorganizar la burocracia estatal<\/strong>, con el objetivo de ordenar las cuentas y avanzar hacia el d\u00e9ficit cero.<\/p>\n\n\n\n<p>Entre los decretos frenados se encontraban:<\/p>\n\n\n\n<ul class=\"wp-block-list\">\n<li><strong>DNU 462\/25:<\/strong> reorganizaci\u00f3n del <strong>Ministerio de Econom\u00eda<\/strong>, habilitando despidos, transferencia de bienes estatales y la transformaci\u00f3n de entes descentralizados.<\/li>\n\n\n\n<li><strong>DNU 345\/25:<\/strong> disoluci\u00f3n de organismos como la <strong>Agencia del Cannabis (ARICCAME)<\/strong>, el <strong>INASE<\/strong> y el <strong>INAFCI<\/strong>, cuyas funciones pasar\u00edan a unidades dentro de Econom\u00eda. Tambi\u00e9n reestructuraba entidades como el <strong>INTI, INTA, INPI<\/strong> y el <strong>INV<\/strong>.<\/li>\n\n\n\n<li><strong>DNU 461\/25:<\/strong> disoluci\u00f3n de la <strong>Direcci\u00f3n Nacional de Vialidad<\/strong> y la <strong>Agencia de Seguridad Vial<\/strong>, con fusiones en la <strong>CNRT<\/strong> y la <strong>Junta de Seguridad en el Transporte<\/strong>, creando nuevas agencias para concesiones y accidentes de aviaci\u00f3n. Tambi\u00e9n facultaba a la <strong>AABE<\/strong> a disponer de bienes estatales ociosos.<\/li>\n\n\n\n<li><strong>DNU 351\/25 y 340\/25:<\/strong> ajustes sobre el <strong>INV, INTA, INTI, Banco Nacional de Datos Gen\u00e9ticos, Instituto Nacional del Teatro y CONABIP<\/strong>, acompa\u00f1ados por recortes y reasignaciones presupuestarias.<\/li>\n<\/ul>\n\n\n\n<hr class=\"wp-block-separator has-alpha-channel-opacity\"\/>\n\n\n\n<h2 class=\"wp-block-heading\">El argumento de la pol\u00edtica tradicional<\/h2>\n\n\n\n<p>La oposici\u00f3n en el Senado calific\u00f3 las medidas como \u201cexcesivas y poco transparentes\u201d, bloqueando de un plumazo <strong>meses de trabajo del Ejecutivo en la racionalizaci\u00f3n del Estado<\/strong>. El mensaje es claro: mientras el Gobierno busca eliminar gastos y reducir estructuras que nadie controla, los legisladores se parapetan en la defensa del statu quo.<\/p>\n\n\n\n<hr class=\"wp-block-separator has-alpha-channel-opacity\"\/>\n\n\n\n<h2 class=\"wp-block-heading\">La contradicci\u00f3n: m\u00e1s gasto para ellos<\/h2>\n\n\n\n<p>El contraste qued\u00f3 al desnudo cuando, en paralelo al rechazo de los DNU, los mismos senadores aprobaron un <strong>aumento de sus propias dietas<\/strong>. Es decir, frenaron recortes en organismos plagados de cargos pol\u00edticos, pero se aseguraron m\u00e1s plata en el bolsillo. Una postal de la <strong>casta defendi\u00e9ndose a s\u00ed misma<\/strong>.<\/p>\n\n\n\n<hr class=\"wp-block-separator has-alpha-channel-opacity\"\/>\n\n\n\n<h2 class=\"wp-block-heading\">Lo que deja la jugada de la casta<\/h2>\n\n\n\n<p>El bloqueo a los decretos deja paralizadas reformas clave para empezar a <strong>ordenar el Estado y reducir el d\u00e9ficit<\/strong>. La se\u00f1al pol\u00edtica es contundente: mientras Milei intenta avanzar con su plan de austeridad, el Senado elige <strong>proteger privilegios, engordar estructuras y blindar su propio bienestar<\/strong>.<\/p>\n\n\n\n<p>Una vez m\u00e1s, la Argentina muestra el peso de un Congreso que no representa a los ciudadanos, sino a los intereses de la pol\u00edtica corporativa. La casta se abroquela, aunque sea a costa de hundir las reformas que podr\u00edan empezar a sacar al pa\u00eds de la crisis.<\/p>\n","protected":false},"excerpt":{"rendered":"<p>Mientras el presidente Milei busca achicar el Estado y recortar gastos, el Senado rechaz\u00f3 decretos que eliminaban organismos in\u00fatiles y frenaban privilegios. En paralelo, los senadores se votaron un aumento de sus dietas, mostrando de qu\u00e9 lado est\u00e1n: el de la casta que se protege a s\u00ed misma.<\/p>\n","protected":false},"author":2,"featured_media":3458,"comment_status":"open","ping_status":"open","sticky":false,"template":"","format":"standard","meta":{"_acf_changed":false,"advanced_seo_description":"","jetpack_seo_html_title":"","jetpack_seo_noindex":false,"_jetpack_memberships_contains_paid_content":false,"footnotes":""},"categories":[4],"tags":[20],"class_list":["post-3457","post","type-post","status-publish","format-standard","has-post-thumbnail","hentry","category-politica","tag-destacados"],"acf":[],"jetpack_featured_media_url":"https:\/\/elliberador.com\/wp-content\/uploads\/2025\/08\/XZORJJBTEJAWBE6HA66FIZ6ICU.avif","jetpack_sharing_enabled":true,"_links":{"self":[{"href":"https:\/\/elliberador.com\/index.php\/wp-json\/wp\/v2\/posts\/3457","targetHints":{"allow":["GET"]}}],"collection":[{"href":"https:\/\/elliberador.com\/index.php\/wp-json\/wp\/v2\/posts"}],"about":[{"href":"https:\/\/elliberador.com\/index.php\/wp-json\/wp\/v2\/types\/post"}],"author":[{"embeddable":true,"href":"https:\/\/elliberador.com\/index.php\/wp-json\/wp\/v2\/users\/2"}],"replies":[{"embeddable":true,"href":"https:\/\/elliberador.com\/index.php\/wp-json\/wp\/v2\/comments?post=3457"}],"version-history":[{"count":1,"href":"https:\/\/elliberador.com\/index.php\/wp-json\/wp\/v2\/posts\/3457\/revisions"}],"predecessor-version":[{"id":3459,"href":"https:\/\/elliberador.com\/index.php\/wp-json\/wp\/v2\/posts\/3457\/revisions\/3459"}],"wp:featuredmedia":[{"embeddable":true,"href":"https:\/\/elliberador.com\/index.php\/wp-json\/wp\/v2\/media\/3458"}],"wp:attachment":[{"href":"https:\/\/elliberador.com\/index.php\/wp-json\/wp\/v2\/media?parent=3457"}],"wp:term":[{"taxonomy":"category","embeddable":true,"href":"https:\/\/elliberador.com\/index.php\/wp-json\/wp\/v2\/categories?post=3457"},{"taxonomy":"post_tag","embeddable":true,"href":"https:\/\/elliberador.com\/index.php\/wp-json\/wp\/v2\/tags?post=3457"}],"curies":[{"name":"wp","href":"https:\/\/api.w.org\/{rel}","templated":true}]}}