{"id":3461,"date":"2025-08-22T14:14:44","date_gmt":"2025-08-22T17:14:44","guid":{"rendered":"https:\/\/elliberador.com\/?p=3461"},"modified":"2025-08-22T14:14:46","modified_gmt":"2025-08-22T17:14:46","slug":"estados-unidos-despliega-destructores-frente-a-venezuela-y-maduro-arma-a-45-millones-de-milicianos","status":"publish","type":"post","link":"https:\/\/elliberador.com\/index.php\/2025\/08\/22\/estados-unidos-despliega-destructores-frente-a-venezuela-y-maduro-arma-a-45-millones-de-milicianos\/","title":{"rendered":"Estados Unidos despliega destructores frente a Venezuela y Maduro arma a 4,5 millones de milicianos"},"content":{"rendered":"\n<h3 class=\"wp-block-heading\">Washington env\u00eda buques de guerra<\/h3>\n\n\n\n<p>La administraci\u00f3n de <strong>Donald Trump<\/strong> orden\u00f3 el env\u00edo de tres destructores portamisiles Aegis \u2013<strong>USS Gravely, USS Jason Dunham y USS Sampson<\/strong>\u2013 hacia aguas cercanas a Venezuela.<\/p>\n\n\n\n<p>La operaci\u00f3n, que involucra a unos <strong>4.000 efectivos<\/strong> junto con apoyo a\u00e9reo, submarinos y aviones de reconocimiento, forma parte de una ofensiva contra el narcotr\u00e1fico en la regi\u00f3n. Funcionarios del Pent\u00e1gono aseguraron que las embarcaciones operar\u00e1n en <strong>aguas internacionales<\/strong>, con capacidad para inteligencia, vigilancia y eventuales ataques selectivos.<\/p>\n\n\n\n<p>La medida coincide con el incremento de la recompensa ofrecida por la Casa Blanca: <strong>50 millones de d\u00f3lares<\/strong> por informaci\u00f3n que lleve a la captura de Maduro, acusado de liderar el <strong>C\u00e1rtel de los Soles<\/strong> y de mantener v\u00ednculos con el grupo criminal <strong>Tren de Aragua<\/strong>, al que Estados Unidos ya ha catalogado como organizaci\u00f3n terrorista.<\/p>\n\n\n\n<hr class=\"wp-block-separator has-alpha-channel-opacity\"\/>\n\n\n\n<h2 class=\"wp-block-heading\">La respuesta de Maduro<\/h2>\n\n\n\n<p>Nicol\u00e1s Maduro reaccion\u00f3 anunciando la movilizaci\u00f3n de <strong>4,5 millones de milicianos<\/strong>, fuerzas civiles armadas creadas en tiempos de Hugo Ch\u00e1vez. Seg\u00fan \u00e9l, se trata de una respuesta necesaria frente a una <em>\u201cagresi\u00f3n inusual y absurda\u201d<\/em> de Washington.<\/p>\n\n\n\n<p>El mandatario calific\u00f3 su postura como parte de un <em>\u201cplan de paz\u201d<\/em>, aunque advirti\u00f3 que Venezuela defender\u00e1 <em>\u201cmares, cielos y tierra\u201d<\/em> frente a lo que llam\u00f3 <em>\u201cun imperio decadente\u201d<\/em>. En ese marco, asegur\u00f3 adem\u00e1s que entregar\u00e1 <strong>misiles y fusiles a la clase obrera<\/strong>, con el fin de garantizar la defensa del pa\u00eds en caso de agresi\u00f3n militar.<\/p>\n\n\n\n<p>El ministro de Defensa, <strong>Vladimir Padrino L\u00f3pez<\/strong>, y el dirigente chavista <strong>Diosdado Cabello<\/strong> rechazaron las acusaciones de Washington, afirmando que Venezuela no es un productor de drogas y que la <strong>DEA<\/strong> es <em>\u201cel \u00fanico c\u00e1rtel que opera a la luz del mundo\u201d<\/em>.<\/p>\n\n\n\n<hr class=\"wp-block-separator has-alpha-channel-opacity\"\/>\n\n\n\n<h2 class=\"wp-block-heading\">Tensi\u00f3n creciente en el Caribe<\/h2>\n\n\n\n<p>Paralelamente, el chavismo activ\u00f3 <strong>actos pol\u00edticos y campa\u00f1as medi\u00e1ticas<\/strong> en defensa del r\u00e9gimen, insistiendo en que Washington busca desestabilizar al pa\u00eds bajo el pretexto de la lucha antinarc\u00f3ticos.<\/p>\n\n\n\n<p>La confrontaci\u00f3n entre Washington y Caracas abre un escenario de <strong>tensi\u00f3n militar y pol\u00edtica en el Caribe<\/strong>. Mientras Estados Unidos refuerza su presencia naval, el chavismo apuesta por movilizar a millones de civiles y armar a la poblaci\u00f3n trabajadora en clave defensiva.<\/p>\n\n\n\n<p>La situaci\u00f3n amenaza con <strong>profundizar la crisis bilateral<\/strong> y encender un nuevo foco de inestabilidad en la regi\u00f3n, con niveles de confrontaci\u00f3n no vistos desde la ofensiva diplom\u00e1tica y militar de 2019.<\/p>\n","protected":false},"excerpt":{"rendered":"<p>La Casa Blanca endurece su presi\u00f3n contra Caracas con un despliegue naval y una recompensa de 50 millones de d\u00f3lares por Nicol\u00e1s Maduro. El gobierno venezolano responde con ret\u00f3rica de defensa, armas para la clase obrera y la activaci\u00f3n de fuerzas civiles.<\/p>\n","protected":false},"author":2,"featured_media":3462,"comment_status":"open","ping_status":"open","sticky":false,"template":"","format":"standard","meta":{"_acf_changed":false,"advanced_seo_description":"","jetpack_seo_html_title":"","jetpack_seo_noindex":false,"_jetpack_memberships_contains_paid_content":false,"footnotes":""},"categories":[10],"tags":[20],"class_list":["post-3461","post","type-post","status-publish","format-standard","has-post-thumbnail","hentry","category-internacionales","tag-destacados"],"acf":[],"jetpack_featured_media_url":"https:\/\/elliberador.com\/wp-content\/uploads\/2025\/08\/R-13.jpeg","jetpack_sharing_enabled":true,"_links":{"self":[{"href":"https:\/\/elliberador.com\/index.php\/wp-json\/wp\/v2\/posts\/3461","targetHints":{"allow":["GET"]}}],"collection":[{"href":"https:\/\/elliberador.com\/index.php\/wp-json\/wp\/v2\/posts"}],"about":[{"href":"https:\/\/elliberador.com\/index.php\/wp-json\/wp\/v2\/types\/post"}],"author":[{"embeddable":true,"href":"https:\/\/elliberador.com\/index.php\/wp-json\/wp\/v2\/users\/2"}],"replies":[{"embeddable":true,"href":"https:\/\/elliberador.com\/index.php\/wp-json\/wp\/v2\/comments?post=3461"}],"version-history":[{"count":1,"href":"https:\/\/elliberador.com\/index.php\/wp-json\/wp\/v2\/posts\/3461\/revisions"}],"predecessor-version":[{"id":3463,"href":"https:\/\/elliberador.com\/index.php\/wp-json\/wp\/v2\/posts\/3461\/revisions\/3463"}],"wp:featuredmedia":[{"embeddable":true,"href":"https:\/\/elliberador.com\/index.php\/wp-json\/wp\/v2\/media\/3462"}],"wp:attachment":[{"href":"https:\/\/elliberador.com\/index.php\/wp-json\/wp\/v2\/media?parent=3461"}],"wp:term":[{"taxonomy":"category","embeddable":true,"href":"https:\/\/elliberador.com\/index.php\/wp-json\/wp\/v2\/categories?post=3461"},{"taxonomy":"post_tag","embeddable":true,"href":"https:\/\/elliberador.com\/index.php\/wp-json\/wp\/v2\/tags?post=3461"}],"curies":[{"name":"wp","href":"https:\/\/api.w.org\/{rel}","templated":true}]}}