{"id":3498,"date":"2025-08-25T16:26:47","date_gmt":"2025-08-25T19:26:47","guid":{"rendered":"https:\/\/elliberador.com\/?p=3498"},"modified":"2025-08-25T16:26:50","modified_gmt":"2025-08-25T19:26:50","slug":"ejercicio-libertador-2025-el-ejercito-argentino-despliega-la-mayor-maniobra-militar-en-30-anos","status":"publish","type":"post","link":"https:\/\/elliberador.com\/index.php\/2025\/08\/25\/ejercicio-libertador-2025-el-ejercito-argentino-despliega-la-mayor-maniobra-militar-en-30-anos\/","title":{"rendered":"Ejercicio \u201cLibertador 2025\u201d: el Ej\u00e9rcito Argentino despliega la mayor maniobra militar en 30 a\u00f1os"},"content":{"rendered":"\n<p>El Ej\u00e9rcito Argentino inici\u00f3 el d\u00eda de hoy el <strong>ejercicio \u201cLibertador 2025\u201d<\/strong>, una de las operaciones militares m\u00e1s importantes de las \u00faltimas d\u00e9cadas, que se extender\u00e1 hasta el <strong>25 de septiembre<\/strong> en las provincias de <strong>Chaco y Formosa<\/strong>. Se trata de un despliegue hist\u00f3rico que <strong>no se realizaba desde los a\u00f1os 90<\/strong>, con el objetivo de <strong>fortalecer la capacidad operacional y evaluar el nivel de alistamiento<\/strong> ante escenarios cr\u00edticos.<\/p>\n\n\n\n<h2 class=\"wp-block-heading\"><strong>Un despliegue hist\u00f3rico: 3.000 efectivos y 300 veh\u00edculos<\/strong><\/h2>\n\n\n\n<p>En total, <strong>3.000 hombres y mujeres<\/strong> participar\u00e1n en esta maniobra que simular\u00e1 la <strong>ocupaci\u00f3n del territorio nacional por un adversario<\/strong>. El objetivo principal ser\u00e1 recuperar los l\u00edmites originales ante una agresi\u00f3n enemiga.<\/p>\n\n\n\n<p>Para ello, se movilizar\u00e1n <strong>300 veh\u00edculos<\/strong>, incluidos <strong>tanques de guerra, blindados TAM 2C-A2 y unidades de exploraci\u00f3n y comunicaciones<\/strong>, adem\u00e1s de motocicletas todo terreno. <strong>M\u00e1s de 120 veh\u00edculos ser\u00e1n trasladados en trenes<\/strong> del Belgrano Cargas, mientras que la log\u00edstica tambi\u00e9n incluye transporte <strong>a\u00e9reo y automotor<\/strong>.<\/p>\n\n\n\n<h2 class=\"wp-block-heading\"><strong>Un \u00e1rea de entrenamiento similar a un escenario de guerra real<\/strong><\/h2>\n\n\n\n<p>La operaci\u00f3n se desarrolla en una zona de <strong>250 km por 300 km<\/strong>, dimensiones comparables a las de un conflicto como el de Ucrania. Durante los <strong>35 d\u00edas de actividad<\/strong>, se realizar\u00e1n <strong>movimientos coordinados de tropas, despliegue de medios blindados y simulaci\u00f3n de acciones defensivas y ofensivas<\/strong>.<\/p>\n\n\n\n<p>El general <strong>Oscar Zarich<\/strong>, comandante de Adiestramiento y Alistamiento, explic\u00f3 que la maniobra permitir\u00e1 <strong>comprobar la preparaci\u00f3n del Ej\u00e9rcito frente a una guerra o a una crisis<\/strong>, como fue el caso de la inundaci\u00f3n en Bah\u00eda Blanca.<\/p>\n\n\n\n<figure class=\"wp-block-image size-large\"><img fetchpriority=\"high\" decoding=\"async\" width=\"1024\" height=\"681\" src=\"https:\/\/elliberador.com\/wp-content\/uploads\/2025\/08\/0302496f-864d-490d-a028-a817bb052e8d-1-1024x681.jpeg\" alt=\"\" class=\"wp-image-3501\" srcset=\"https:\/\/elliberador.com\/wp-content\/uploads\/2025\/08\/0302496f-864d-490d-a028-a817bb052e8d-1-1024x681.jpeg 1024w, https:\/\/elliberador.com\/wp-content\/uploads\/2025\/08\/0302496f-864d-490d-a028-a817bb052e8d-1-300x200.jpeg 300w, https:\/\/elliberador.com\/wp-content\/uploads\/2025\/08\/0302496f-864d-490d-a028-a817bb052e8d-1-768x511.jpeg 768w, https:\/\/elliberador.com\/wp-content\/uploads\/2025\/08\/0302496f-864d-490d-a028-a817bb052e8d-1-1536x1021.jpeg 1536w, https:\/\/elliberador.com\/wp-content\/uploads\/2025\/08\/0302496f-864d-490d-a028-a817bb052e8d-1.jpeg 1600w\" sizes=\"(max-width: 1024px) 100vw, 1024px\" \/><figcaption class=\"wp-element-caption\">C-130 H\u00c9RCULES<\/figcaption><\/figure>\n\n\n\n<h2 class=\"wp-block-heading\"><strong>Detalles log\u00edsticos del operativo<\/strong><\/h2>\n\n\n\n<ul class=\"wp-block-list\">\n<li><strong>50.000 raciones de comida<\/strong><\/li>\n\n\n\n<li><strong>480.000 litros de combustible<\/strong><\/li>\n\n\n\n<li>Planta potabilizadora con capacidad para <strong>3.600 litros de agua por hora<\/strong> (50.000 diarios)<\/li>\n\n\n\n<li>Participaci\u00f3n de <strong>Granaderos<\/strong> como fuerza de seguridad<\/li>\n\n\n\n<li><strong>Dos H\u00e9rcules C-130<\/strong> y <strong>tres aviones IA-63 Pampa<\/strong> de la Fuerza A\u00e9rea<\/li>\n\n\n\n<li>Incorporaci\u00f3n de <strong>inteligencia artificial<\/strong> en la planificaci\u00f3n operativa<\/li>\n<\/ul>\n\n\n\n<h2 class=\"wp-block-heading\"><strong>De la defensa a la ofensiva<\/strong><\/h2>\n\n\n\n<p>El <strong>general Sergio Jurczyszyn<\/strong>, comandante de la <strong>Fuerza de Despliegue R\u00e1pido<\/strong>, destac\u00f3 que la operaci\u00f3n prev\u00e9 <strong>una fase inicial defensiva<\/strong>, seguida por una <strong>acci\u00f3n ofensiva para recuperar la retaguardia enemiga<\/strong>.<\/p>\n\n\n\n<h3 class=\"wp-block-heading\"><strong>Pr\u00f3ximos pasos: cooperaci\u00f3n con Estados Unidos<\/strong><\/h3>\n\n\n\n<p>Zarich adelant\u00f3 que existe <strong>una carta de intenci\u00f3n para un importante ejercicio militar combinado con Estados Unidos en 2027<\/strong>, lo que refuerza la tendencia a <strong>modernizar y profesionalizar<\/strong> a las Fuerzas Armadas.<\/p>\n","protected":false},"excerpt":{"rendered":"<p>\u00abEl Ej\u00e9rcito Argentino lanz\u00f3 el ejercicio \u2018Libertador 2025\u2019, el mayor despliegue militar en 30 a\u00f1os. Con 3.000 efectivos, 300 veh\u00edculos, tanques y aviones, la operaci\u00f3n se desarrolla en Chaco y Formosa para evaluar la capacidad de respuesta ante una agresi\u00f3n externa o crisis.\u00bb<\/p>\n","protected":false},"author":2,"featured_media":3499,"comment_status":"open","ping_status":"open","sticky":false,"template":"","format":"standard","meta":{"_acf_changed":false,"advanced_seo_description":"","jetpack_seo_html_title":"","jetpack_seo_noindex":false,"_jetpack_memberships_contains_paid_content":false,"footnotes":""},"categories":[36],"tags":[20],"class_list":["post-3498","post","type-post","status-publish","format-standard","has-post-thumbnail","hentry","category-seguridad","tag-destacados"],"acf":[],"jetpack_featured_media_url":"https:\/\/elliberador.com\/wp-content\/uploads\/2025\/08\/Imagen-de-WhatsApp-2025-07-08-a-las-13.22.09_ed3dfbf5.webp","jetpack_sharing_enabled":true,"_links":{"self":[{"href":"https:\/\/elliberador.com\/index.php\/wp-json\/wp\/v2\/posts\/3498","targetHints":{"allow":["GET"]}}],"collection":[{"href":"https:\/\/elliberador.com\/index.php\/wp-json\/wp\/v2\/posts"}],"about":[{"href":"https:\/\/elliberador.com\/index.php\/wp-json\/wp\/v2\/types\/post"}],"author":[{"embeddable":true,"href":"https:\/\/elliberador.com\/index.php\/wp-json\/wp\/v2\/users\/2"}],"replies":[{"embeddable":true,"href":"https:\/\/elliberador.com\/index.php\/wp-json\/wp\/v2\/comments?post=3498"}],"version-history":[{"count":1,"href":"https:\/\/elliberador.com\/index.php\/wp-json\/wp\/v2\/posts\/3498\/revisions"}],"predecessor-version":[{"id":3502,"href":"https:\/\/elliberador.com\/index.php\/wp-json\/wp\/v2\/posts\/3498\/revisions\/3502"}],"wp:featuredmedia":[{"embeddable":true,"href":"https:\/\/elliberador.com\/index.php\/wp-json\/wp\/v2\/media\/3499"}],"wp:attachment":[{"href":"https:\/\/elliberador.com\/index.php\/wp-json\/wp\/v2\/media?parent=3498"}],"wp:term":[{"taxonomy":"category","embeddable":true,"href":"https:\/\/elliberador.com\/index.php\/wp-json\/wp\/v2\/categories?post=3498"},{"taxonomy":"post_tag","embeddable":true,"href":"https:\/\/elliberador.com\/index.php\/wp-json\/wp\/v2\/tags?post=3498"}],"curies":[{"name":"wp","href":"https:\/\/api.w.org\/{rel}","templated":true}]}}