{"id":3522,"date":"2025-08-26T16:08:57","date_gmt":"2025-08-26T19:08:57","guid":{"rendered":"https:\/\/elliberador.com\/?p=3522"},"modified":"2025-08-26T16:19:31","modified_gmt":"2025-08-26T19:19:31","slug":"la-agresion-historica-del-islam-contra-israel-y-la-hipocresia-progresista","status":"publish","type":"post","link":"https:\/\/elliberador.com\/index.php\/2025\/08\/26\/la-agresion-historica-del-islam-contra-israel-y-la-hipocresia-progresista\/","title":{"rendered":"La fatal arrogancia woke desnuda la verdadera cara del progresismo: antisemitismo, xenofobia, machismo y genocidio en nombre del anticapitalismo"},"content":{"rendered":"\n<p>La relaci\u00f3n entre el <strong>mundo isl\u00e1mico<\/strong> (particularmente los <em>palestinos musulmanes<\/em>) e <strong>Israel<\/strong> ha estado marcada por <strong>agresiones violentas<\/strong> desde mucho antes de la fundaci\u00f3n del Estado jud\u00edo en 1948. Sin embargo, en la narrativa del <em>progresismo actual<\/em> (que suele presentarse como defensor de <em>derechos humanos, inmigraci\u00f3n y minor\u00edas<\/em>), prevalece un <strong>relato contradictorio<\/strong>: acusan a Israel de <em>\u201cocupar\u201d<\/em> tierras y piden que los jud\u00edos se \u201cvayan\u201d de Medio Oriente, mientras <strong>simult\u00e1neamente<\/strong> promueven la inmigraci\u00f3n irrestricta en Occidente. Es decir, para la corriente <em>woke<\/em> los inmigrantes africanos o musulmanes tendr\u00edan \u201cderecho humano\u201d a establecerse en Europa, pero <strong>niegan ese mismo derecho a los jud\u00edos<\/strong> de vivir en su patria ancestral. Esta doble vara revela una <strong>hipocres\u00eda<\/strong> y un sesgo preocupante, que muchos atribuyen a un <strong>nuevo antisemitismo encubierto de activismo pol\u00edtico<\/strong>. De hecho, hoy d\u00eda se escuchan en marchas \u201cpro-Palestina\u201d <strong>consignas<\/strong> como <em>\u201cFrom the river to the sea\u201d<\/em> (desde el r\u00edo hasta el mar), un eufemismo que llama abiertamente a <strong>borrar a Israel del mapa<\/strong>. Tales c\u00e1nticos \u2013que equivalen a pedir la <strong>eliminaci\u00f3n de un Estado entero por motivos \u00e9tnicos\/religiosos<\/strong>\u2013 son aplaudidos por sectores que se autodenominan \u201cantifascistas\u201d, sin notar la <em>enorme contradicci\u00f3n<\/em>: <strong>est\u00e1n pregonando justamente lo que har\u00eda un nazi<\/strong>.<\/p>\n\n\n\n<p>Por otro lado, los movimientos \u201cwoke\u201d y la izquierda occidental dicen defender causas como el <em>feminismo<\/em> y los <em>derechos LGBT<\/em>, pero cuando se trata de <em>extremistas isl\u00e1micos<\/em> parecen mirar para otro lado. <strong>Hamas<\/strong>, el grupo islamista que gobierna Gaza, impone la <em>shar\u00eda<\/em> (ley isl\u00e1mica) y <em>no tolera estilos de vida distintos al fundamentalismo religioso<\/em>. En Gaza la homosexualidad se castiga con c\u00e1rcel (y a veces peor), las mujeres viven bajo <strong>machismo teocr\u00e1tico<\/strong> (velo obligatorio, matrimonios forzados, violencia dom\u00e9stica tolerada) y los disidentes son silenciados. <strong>Parad\u00f3jicamente<\/strong>, activistas occidentales <em>LGBT<\/em> y feministas han marchado apoyando a <strong>reg\u00edmenes islamistas<\/strong> que <strong>literalmente los ejecutar\u00edan en la calle por sus identidades<\/strong>. Como se\u00f1ala ir\u00f3nicamente una columnista: <em>\u201cten\u00e9s a militantes Pride y feministas occidentales solidariz\u00e1ndose con Hamas \u2013un r\u00e9gimen que los apedrear\u00eda o colgar\u00eda de gr\u00faas\u2013, mientras guardan silencio sobre el velo forzado, el matrimonio infantil o los asesinatos por honor bajo el gobierno islamista\u201d<\/em>. Esta ceguera selectiva ante los abusos isl\u00e1micos contrasta con la ferocidad con que condenan cualquier medida israel\u00ed. <strong>El colmo de la hipocres\u00eda<\/strong>: el 7 de octubre de 2023 terroristas de Hamas <em>violaron, mutilaron y quemaron vivas<\/em> a mujeres israel\u00edes, arrastraron <strong>adolescentes como trofeos<\/strong> y <em>degollaron beb\u00e9s<\/em> en kibutzim (adem\u00e1s de secuestrar abuelas sobrevivientes del Holocausto) \u2013 y <strong>el silencio de esos \u201cpaladines de los derechos humanos\u201d fue ensordecedor<\/strong>. Pero si Israel desaloja a un <em>okupa<\/em> o derriba la casa de un terrorista, ah\u00ed s\u00ed estallan en furia tuitera. Queda claro que <strong>no se trata de justicia ni de derechos<\/strong>, sino de un <strong>odio visceral hacia el pueblo jud\u00edo<\/strong> disfrazado de causa \u201cprogresista\u201d. Los <em>progres<\/em> posmodernos han convertido a Hamas en su causa c\u00e9lebre, ignorando que <em>Hamas en su propia ideolog\u00eda promueve una guerra santa exterminadora contra los jud\u00edos<\/em>.<\/p>\n\n\n\n<p>Para entender las <em>ra\u00edces hist\u00f3ricas<\/em> de este conflicto y desmontar la narrativa de la \u201cresistencia palestina oprimida\u201d, es necesario repasar algunos <strong>hechos hist\u00f3ricos clave<\/strong> \u2013 una larga serie de <strong>agresiones violentas perpetradas por \u00e1rabes\/musulmanes contra la poblaci\u00f3n jud\u00eda<\/strong>. Estos eventos <strong>preceden<\/strong> incluso a la creaci\u00f3n del Estado de Israel, y demuestran que la <strong>hostilidad violenta<\/strong> no naci\u00f3 de la nada ni es mera respuesta a \u201cocupaci\u00f3n\u201d alguna, sino que muchas veces fue <strong>incitada por fanatismo religioso e intolerancia xen\u00f3foba<\/strong> hacia los jud\u00edos. Iremos desde el siglo XIX hasta el reciente ataque masivo de Hamas en 2023, describiendo cada episodio de derramamiento de sangre y poniendo en evidencia c\u00f3mo muchos fueron <em>justificados, minimizados o hasta celebrados<\/em> por quienes hoy se dicen \u201canti-imperialistas\u201d o \u201cantirracistas\u201d, cuando en realidad est\u00e1n avalando un <strong>racismo antijud\u00edo<\/strong>.<\/p>\n\n\n\n<h2 class=\"wp-block-heading\">Los ataques hist\u00f3ricos contra jud\u00edos en la Tierra de Israel<\/h2>\n\n\n\n<p><strong>1851 \u2013 Asesinato del rabino Shlomo Zalman Zoref:<\/strong> En pleno siglo XIX, d\u00e9cadas antes del sionismo moderno, ya hubo jud\u00edos v\u00edctimas del terrorismo islamista. Un caso notable es el del <strong>Rab. Avraham Shlomo Zalman Zoref<\/strong>, pionero de la comunidad jud\u00eda en Jerusal\u00e9n. Zoref lider\u00f3 la reconstrucci\u00f3n de la sinagoga Hurva (destruida por turbas musulmanas en 1720) tras obtener permiso del Imperio Otomano. Esto enfureci\u00f3 a fan\u00e1ticos locales que lo ve\u00edan como afrenta a la supremac\u00eda isl\u00e1mica (seg\u00fan la <em>shar\u00eda<\/em>, reg\u00eda el \u201cPacto de Umar\u201d que prohib\u00eda reparar templos no musulmanes). Tras intentos previos de asesinato, en 1851 <strong>una banda de \u00e1rabes lo atac\u00f3 con espadas<\/strong> camino a la oraci\u00f3n matutina, hiri\u00e9ndolo gravemente en la cabeza. Zoref agoniz\u00f3 durante meses hasta fallecer, convirti\u00e9ndose en el <strong>primer jud\u00edo m\u00e1rtir del terror en la Palestina otomana<\/strong>, <em>46 a\u00f1os antes de que existiera el sionismo pol\u00edtico<\/em>. Su \u201cpecado\u201d hab\u00eda sido simplemente <strong>reconstruir un templo jud\u00edo en Jerusal\u00e9n<\/strong>, ciudad santa del juda\u00edsmo mucho antes del Islam. Este asesinato demuestra que la <em>animadversi\u00f3n violenta<\/em> hacia la presencia jud\u00eda no naci\u00f3 de ninguna \u201cocupaci\u00f3n israel\u00ed moderna\u201d, sino que tiene ra\u00edces en la <strong>intolerancia religiosa<\/strong>: l\u00edderes musulmanes locales no toleraban la restauraci\u00f3n de una sinagoga y prefer\u00edan <em>literalmente matar<\/em> antes que permitir la libre pr\u00e1ctica jud\u00eda.<\/p>\n\n\n\n<p><strong>1920 \u2013 Batalla de Tel Hai:<\/strong> Con el colapso del Imperio Otomano tras la Primera Guerra Mundial, peque\u00f1as comunidades jud\u00edas en Galilea quedaron expuestas a la hostilidad de milicias \u00e1rabes locales. El 1 de marzo de 1920, en la aldea agr\u00edcola <strong>Tel Hai<\/strong> (norte de la Galilea, zona entonces disputada entre Mandato Franc\u00e9s y Brit\u00e1nico), unos 150-200 \u00e1rabes armados asaltaron el poblado buscando supuestos soldados franceses. Los pocos defensores jud\u00edos, liderados por <strong>Joseph Trumpeldor<\/strong> (un veterano h\u00e9roe jud\u00edo de origen ruso), resistieron el ataque. El enfrentamiento dej\u00f3 <strong>8 jud\u00edos muertos<\/strong> \u2013entre ellos Trumpeldor, quien muri\u00f3 por una herida de bala\u2013 y un n\u00famero indeterminado de atacantes \u00e1rabes abatidos. Este hecho, conocido como la <em>batalla de Tel Hai<\/em>, convirti\u00f3 a Trumpeldor en m\u00e1rtir nacional (famoso por supuestamente decir <em>\u201cEn beseder, tov lamut be\u2019ad artzenu\u201d<\/em> \u2013 \u201cNo importa, es bueno morir por nuestra tierra\u201d). Cabe destacar que Tel Hai fue atacada <strong>antes<\/strong> de la creaci\u00f3n de Israel, en un contexto donde los jud\u00edos apenas ten\u00edan proto-milicias de autodefensa. La agresi\u00f3n en Tel Hai ilustr\u00f3 tempranamente que sectores nacionalistas \u00e1rabes <strong>rechazaban de plano la presencia de aldeas jud\u00edas<\/strong>, aun cuando \u00e9stas se establec\u00edan legalmente. En adelante, el lema <em>\u201cTel Hai\u201d<\/em> se volvi\u00f3 sin\u00f3nimo de resistencia jud\u00eda ante ataques, preludiando el conflicto por venir.<\/p>\n\n\n\n<p><strong>1921 \u2013 Disturbios de Jaffa:<\/strong> Un a\u00f1o despu\u00e9s, la tensi\u00f3n explot\u00f3 en la ciudad portuaria de <strong>Jaffa<\/strong>. El 1\u00b0 de mayo de 1921, tras un altercado entre facciones jud\u00edas socialistas que marchaban en Jaffa, corri\u00f3 el rumor de que \u201clos jud\u00edos est\u00e1n atacando a \u00e1rabes\u201d. Esto desencaden\u00f3 un <strong>pogromo \u00e1rabe anti-jud\u00edo<\/strong>: turbas locales se lanzaron a apu\u00f1alar y linchar jud\u00edos en las calles, incendiando casas y tiendas en barrios jud\u00edos. La violencia se extendi\u00f3 por d\u00edas a zonas cercanas (Petaj Tikva, Rejovot). El resultado: al menos <strong>47 jud\u00edos asesinados y 146 heridos<\/strong>, junto con unos 48 \u00e1rabes muertos (en su mayor\u00eda a manos de la polic\u00eda brit\u00e1nica al reprimir). Entre las v\u00edctimas jud\u00edas estuvo el reconocido escritor <strong>Yosef Haim Brenner<\/strong>. La Comisi\u00f3n Haycraft, nombrada por las autoridades brit\u00e1nicas para investigar, concluy\u00f3 que la causa subyacente de la masacre fue el <strong>fanatismo antisionista de los \u00e1rabes<\/strong>, exacerbado por l\u00edderes como el mufti <em>Haj Amin al-Husseini<\/em>. De hecho, el mufti ya ven\u00eda organizando <em>fedayines<\/em> (bandas armadas) para <strong>\u201cterrorizar a los jud\u00edos\u201d<\/strong> desde 1919, queriendo emular a los turcos expulsando griegos de Anatolia. En estos disturbios de 1921, se evidenci\u00f3 la din\u00e1mica que se repetir\u00eda: rumores infundados o provocaciones m\u00ednimas sirvieron de pretexto para <strong>matar jud\u00edos por odio \u00e9tnico-religioso<\/strong>. Parad\u00f3jicamente, los mismos sectores que hoy hablan de <em>\u201ccolonialismo sionista\u201d<\/em> olvidan que en 1921 <strong>no exist\u00eda Estado de Israel ni \u201cocupaci\u00f3n\u201d<\/strong>, y aun as\u00ed decenas de jud\u00edos indefensos fueron masacrados simplemente por ser jud\u00edos viviendo en Tierra Santa.<\/p>\n\n\n\n<p><strong>1929 \u2013 Masacres de Hebr\u00f3n, Safed y disturbios de agosto:<\/strong> el espiral de violencia sigui\u00f3 escalando. En <strong>agosto de 1929<\/strong>, incitada por falsos rumores de que \u201clos jud\u00edos planean tomar la Mezquita de Al-Aqsa\u201d en Jerusal\u00e9n, ocurri\u00f3 una serie coordinada de <strong>pogromos anti-jud\u00edos<\/strong> en varias localidades. La m\u00e1s atroz fue la <strong>Masacre de Hebr\u00f3n (24 de agosto 1929)<\/strong>: vecinos \u00e1rabes, incitados por cl\u00e9rigos, se ensa\u00f1aron contra la antigua comunidad jud\u00eda de Hebr\u00f3n \u2013familias que llevaban siglos all\u00ed\u2013. En un d\u00eda de horror, <em>descuartizaron, apu\u00f1alaron o golpearon hasta la muerte<\/em> a <strong>67 jud\u00edos<\/strong>, incluidos ancianos, mujeres y ni\u00f1os; muchas v\u00edctimas fueron torturadas bestialmente. Simult\u00e1neamente, en <strong>Safed<\/strong> ocurri\u00f3 otra matanza con <strong>18 jud\u00edos asesinados<\/strong> y decenas de heridos. En Jerusal\u00e9n y otros sitios tambi\u00e9n hubo ataques. En total, <strong>133 jud\u00edos fueron asesinados en la oleada de 1929<\/strong>. La <em>polic\u00eda brit\u00e1nica<\/em> reprimi\u00f3 causando la muerte de unos 110 \u00e1rabes, pero <strong>ninguno de los perpetradores de las masacres fue debidamente castigado<\/strong>. Tras Hebr\u00f3n 1929, la comunidad jud\u00eda milenaria de esa ciudad qued\u00f3 pr\u00e1cticamente aniquilada: los supervivientes tuvieron que huir. Es importante recalcar que estas masacres ocurrieron <strong>mucho antes del conflicto \u00e1rabe-israel\u00ed moderno<\/strong> \u2013 Palestina estaba bajo dominio brit\u00e1nico \u2013 y fueron motivadas por el <strong>fanatismo religioso<\/strong> (rumores sobre Al-Aqsa) y la negativa violenta a tolerar una presencia jud\u00eda, por peque\u00f1a que fuera. El mufti Amin al-Husseini, autor intelectual de aquella incitaci\u00f3n, luego se aliar\u00eda abiertamente con <strong>Hitler durante la Segunda Guerra Mundial<\/strong>, difundiendo propaganda radial para el mundo \u00e1rabe con llamados a <em>\u201cmatar a los jud\u00edos dondequiera que se encuentren\u201d<\/em>. La ideolog\u00eda islamista que ve\u00eda al jud\u00edo como <em>\u201cintruso pecador en tierra musulmana\u201d<\/em> ya estaba bien arraigada.<\/p>\n\n\n\n<p><strong>1936-1939 \u2013 La Gran Revuelta \u00c1rabe en Palestina:<\/strong> Entre 1936 y 1939, l\u00edderes nacionalistas \u00e1rabes (nuevamente encabezados por el Mufti de Jerusal\u00e9n) lanzaron una <strong>insurrecci\u00f3n armada<\/strong> contra el Mandato Brit\u00e1nico y contra la creciente comunidad jud\u00eda (el <em>Yishuv<\/em>). Si bien esta revuelta ten\u00eda motivaciones nacionalistas (oposici\u00f3n al dominio brit\u00e1nico y a la inmigraci\u00f3n jud\u00eda), en la pr\u00e1ctica se manifest\u00f3 mediante <strong>ataques terroristas indiscriminados contra civiles jud\u00edos<\/strong>, paralelos a guerrilla contra fuerzas brit\u00e1nicas. Hubo huelgas, emboscadas y asesinatos casi diarios. <strong>Los n\u00fameros hablan por s\u00ed solos<\/strong>: en esos tres a\u00f1os, alrededor de <strong>415 jud\u00edos fueron asesinados<\/strong> por acciones \u00e1rabes (incluyendo bombas en mercados, tiroteos a autom\u00f3viles, apu\u00f1alamientos, etc.). Por ejemplo, en <strong>abril de 1936<\/strong> los \u00e1rabes iniciaron la revuelta matando a <em>dos jud\u00edos en Tulkarem<\/em>; d\u00edas despu\u00e9s, milicias atacaron a colonos matando 9 jud\u00edos en Jaffa, y as\u00ed se desat\u00f3 una cadena de violencia. Los brit\u00e1nicos respondieron con mano dura, causando a su vez miles de bajas \u00e1rabes y finalmente sofocando la rebeli\u00f3n. Sin embargo, un <strong>legado nefasto<\/strong> de la Revuelta del 36-39 fue la <em>radicalizaci\u00f3n adicional<\/em> de la postura \u00e1rabe: el liderazgo palestino rechaz\u00f3 el plan brit\u00e1nico de Partici\u00f3n de 1937 (que propon\u00eda dos estados), y los ataques hab\u00edan demostrado a los jud\u00edos la necesidad imperiosa de dotarse de defensa armada propia (surgimiento de la Hagan\u00e1). El patr\u00f3n de <strong>violencia sectaria anti-jud\u00eda<\/strong> qued\u00f3 marcado: <em>matar civiles jud\u00edos<\/em> se hab\u00eda vuelto una t\u00e1ctica vista como leg\u00edtima por los nacionalistas \u00e1rabes. Cabe se\u00f1alar que este periodo es idealizado por algunos como \u201crevoluci\u00f3n anticolonial\u201d, pero en la pr\u00e1ctica incluy\u00f3 actos atroces: <em>asesinato de familias jud\u00edas enteras en sus casas<\/em>, emboscadas a autobuses, bombas en barrios residenciales, etc. (algunos perpetrados por futuros l\u00edderes como <strong>Yasser Arafat<\/strong>, quien de joven habr\u00eda participado en ataques durante la revuelta). La narrativa \u201cprogresista\u201d actual suele <strong>ignorar<\/strong> que en esa revuelta del 36-39 los \u00e1rabes ya comet\u00edan <em>terrorismo<\/em>, <em>mucho antes de que existiera Israel<\/em>, lo que refuta la simplista idea de que <em>\u201cla violencia palestina es una respuesta a la ocupaci\u00f3n de 1967\u201d<\/em>. En realidad, la idea subyacente era \u2013y sigue siendo para grupos como Hamas\u2013 <strong>impedir por la fuerza la presencia de cualquier entidad jud\u00eda soberana en la regi\u00f3n<\/strong>.<\/p>\n\n\n\n<p><strong>1948 \u2013 Guerra de Independencia de Israel:<\/strong> El 14 de mayo de 1948, los jud\u00edos declararon la independencia del Estado de Israel en la porci\u00f3n de territorio que les hab\u00eda asignado la ONU. Al d\u00eda siguiente, <strong>cinco ej\u00e9rcitos \u00e1rabes invasores<\/strong> (Egipto, Siria, Transjordania, Irak y L\u00edbano) atacaron al nuevo pa\u00eds con la abierta intenci\u00f3n de <em>aniquilarlo<\/em>. A la par, milicias \u00e1rabes locales y voluntarios de la <em>Yihad<\/em> se unieron a la contienda. La guerra de 1948 fue <em>existencial<\/em> para Israel \u2013 que perdi\u00f3 cerca de 1% de su poblaci\u00f3n en combates \u2013 pero aqu\u00ed enfocaremos los <strong>actos de masacres deliberadas contra civiles jud\u00edos<\/strong> que ocurrieron en ese contexto. Uno de los m\u00e1s terribles fue la <strong>masacre de Kfar Etzion<\/strong>: el 13 de mayo de 1948, un d\u00eda antes de la independencia, el kibutz Kfar Etzion (bloque de asentamientos al sur de Jerusal\u00e9n) se rindi\u00f3 tras combates con la Legi\u00f3n \u00c1rabe de Transjordania y milicianos palestinos locales. A pesar de izar bandera blanca, los <strong>127 defensores jud\u00edos (incluyendo hombres y mujeres j\u00f3venes) fueron fusilados en masa<\/strong> tras rendirse. Solo 4 sobrevivientes quedaron para contar c\u00f3mo, tras rendici\u00f3n, los \u00e1rabes los agruparon y luego abrieron fuego indiscriminado, mat\u00e1ndolos a sangre fr\u00eda. Im\u00e1genes de brit\u00e1nicos llegando al lugar mostraron cad\u00e1veres de hombres y mujeres por doquier. Este hecho traum\u00e1tico (reconocido por el propio mando jordano) evidenci\u00f3 la <em>absoluta negaci\u00f3n de piedad al enemigo jud\u00edo<\/em>. Hubo otros casos en 1948: por ejemplo, el <strong>convoy m\u00e9dico del Monte Scopus<\/strong> en abril 1948, donde \u00e1rabes emboscaron un convoy de m\u00e9dicos y enfermeras que iba al hospital Hadassah en Jerusal\u00e9n y <strong>asesinaron a 78 jud\u00edos (m\u00e9dicos, enfermeras, pacientes)<\/strong> quem\u00e1ndolos vivos en sus veh\u00edculos. As\u00ed mismo, decenas de aldeas jud\u00edas capturadas por fuerzas \u00e1rabes fueron arrasadas y sus habitantes expulsados si no muertos (los supervivientes de lugares como Atarot o Neve Yaakov en Cisjordania debieron huir). En suma, <em>mientras los jud\u00edos tambi\u00e9n cometieron actos cuestionables en 1948 (hubo masacres como la de Deir Yassin, de ~100 \u00e1rabes, que Israel posteriormente lament\u00f3)<\/em>, la propaganda \u00e1rabe ped\u00eda <em>\u201cechar a los jud\u00edos al mar\u201d<\/em>. Los progresistas actuales suelen pintar 1948 como <em>\u201cNakba\u201d<\/em> (desastre palestino) culpando solo a Israel, pero olvidan que fue la <em>parte \u00e1rabe<\/em> la que rechaz\u00f3 el plan de dos Estados y lanz\u00f3 una guerra de exterminio. Los resultados demogr\u00e1ficos (refugiados de ambos bandos) fueron consecuencia de esa decisi\u00f3n b\u00e9lica. <strong>La consigna pan\u00e1rabe era clara<\/strong>: <em>\u201cmatar o expulsar al jud\u00edo intruso\u201d<\/em>. Tristemente, esta noci\u00f3n de que el jud\u00edo no pertenece y debe ser eliminado refleja precisamente <strong>xenofobia pura<\/strong>, similar a la de fascistas europeos contra minor\u00edas.<\/p>\n\n\n\n<p><strong>1950s \u2013 Ataques de Fedayines palestinos:<\/strong> Tras 1948, cientos de miles de palestinos quedaron como refugiados en pa\u00edses vecinos. Desde esas bases (especialmente la Franja de Gaza bajo control egipcio y zonas de Cisjordania bajo Jordania), se formaron comandos de infiltraci\u00f3n llamados <strong>fedayines<\/strong> (<em>\u201cel que se sacrifica\u201d<\/em> en \u00e1rabe) que se dedicaron a cruzar la frontera para <strong>matar civiles israel\u00edes<\/strong> y sabotear infraestructuras. <strong>Entre 1949 y 1956<\/strong>, los fedayines llevaron a cabo decenas de incursiones armadas: allanaban <strong>kibutzim para masacrar familias<\/strong>, pon\u00edan minas en caminos, atacaban veh\u00edculos civiles e incluso <strong>asesinaban campesinos o viajeros<\/strong> dentro de Israel. Por ejemplo, en <strong>marzo de 1954<\/strong> un grupo feday\u00edn embosc\u00f3 un autob\u00fas en la carretera Ma\u2019ale Akrabim, asesinando a 11 pasajeros \u2013hombres, mujeres y ni\u00f1os\u2013 a sangre fr\u00eda (algunos <em>ejecutados a quemarropa<\/em>). En total, a mediados de los 50 las bajas israel\u00edes por este <em>terrorismo transfronterizo<\/em> se contaban en <strong>cientos<\/strong>: estimaciones hablan de <strong>400 a 1.000 israel\u00edes (civiles y soldados) asesinados entre 1951-1955<\/strong>. Esta campa\u00f1a llev\u00f3 a Israel a realizar <em>operaciones de represalia<\/em> contra bases fedayines en Gaza y Cisjordania, escalando tensiones que desembocaron finalmente en la crisis de Suez (1956). No obstante, aqu\u00ed interesa subrayar: <strong>mucho antes de la ocupaci\u00f3n de Cisjordania en 1967<\/strong>, ya grupos palestinos practicaban el <em>terrorismo sistem\u00e1tico contra civiles jud\u00edos<\/em>. \u00bfSu objetivo? <strong>Sembrar terror<\/strong> y, en palabras de sus propios l\u00edderes, <em>\u201chacer insostenible la vida en el Estado jud\u00edo\u201d<\/em>. Es decir, no buscaban \u201cliberar territorios de 1967\u201d (esos a\u00fan no estaban ocupados) sino atacar el coraz\u00f3n de Israel dentro de las fronteras de 1948. Esto contradice la narrativa \u201cprogre\u201d que suele legitimar a los fedayines como \u201cresistencia\u201d. En realidad, eran <strong>comandos asesinos anti-inmigrantes<\/strong>: en vez de aceptar a los jud\u00edos como nuevos vecinos en Oriente Medio (como los progres exigen que Europa acepte inmigrantes), optaron por <strong>intentarlos expulsar o exterminar<\/strong>. \u00bfC\u00f3mo se llamar\u00eda esto sino <strong>xenofobia violenta<\/strong>? Los mismos que hoy justifican esos ataques, \u00bfjustificar\u00edan que europeos nativos maten inmigrantes musulmanes porque \u201cno pertenecen\u201d? Claramente ser\u00eda racismo atroz. Entonces, \u00bfpor qu\u00e9 cuando las v\u00edctimas son jud\u00edos, ciertos \u201cantirracistas\u201d hacen piruetas morales para excusar a sus verdugos? La \u00fanica respuesta es: <strong>prejuicio antijud\u00edo<\/strong> profundamente arraigado.<\/p>\n\n\n\n<p><strong>1969 \u2013 Atentados con bomba en Jerusal\u00e9n:<\/strong> Los a\u00f1os 60 vieron el surgimiento de grupos terroristas palestinos con ideolog\u00edas mezcla de nacionalismo y marxismo (ej. el <strong>FPLP \u2013 Frente Popular para la Liberaci\u00f3n de Palestina<\/strong>). Estas facciones inauguraron la era de los <em>atentados espectaculares<\/em>: secuestro de aviones, masacres internacionales y bombas indiscriminadas. Un caso temprano fue el <strong>atentado al supermercado Supersol de Jerusal\u00e9n<\/strong> el 21 de febrero de 1969. Militantes del FPLP colocaron una <strong>bomba en un concurrido supermercado<\/strong>; la explosi\u00f3n mat\u00f3 a <strong>2 j\u00f3venes estudiantes<\/strong> (21 y 22 a\u00f1os) e hiri\u00f3 a 9 clientes. Una segunda bomba fue hallada y desactivada a tiempo, evitando m\u00e1s muertes. D\u00edas despu\u00e9s, la misma c\u00e9lula terrorista puso un explosivo en la <em>cafeter\u00eda de la Universidad Hebrea<\/em> y otro en la <strong>Consulado Brit\u00e1nico<\/strong> en Jerusal\u00e9n (en este \u00faltimo no hubo heridos). Una de las perpetradoras, <strong>Rasmea Odeh<\/strong>, fue capturada y confes\u00f3 su autor\u00eda; a\u00f1os m\u00e1s tarde, incre\u00edblemente, se convertir\u00eda en <em>activista \u201cpro derechos de los palestinos\u201d en EE.UU.<\/em>, ocultando su pasado terrorista (la similitud con el gobierno kirchnerista que llen\u00f3 de terroristas montoneros el gobierno no es mera casualidad). Estos atentados de 1969 marcan el inicio de una <strong>campa\u00f1a de terror global<\/strong>: los grupos palestinos vieron que pod\u00edan atraer atenci\u00f3n mundial matando civiles inocentes aleatoriamente (m\u00e9todo usado hace solo meses por los narcos rosarinos). Notemos el <em>cinismo<\/em>: escogieron un <em>supermercado<\/em> como blanco \u2013 gente com\u00fan haciendo las compras \u2013 para <strong>sembrar terror entre la poblaci\u00f3n civil<\/strong>. Pocas causas hay m\u00e1s <em>injustificables<\/em> que hacer estallar bombas en mercados; sin embargo, incluso estos actos fueron <strong>justificados por algunos izquierdistas internacionales<\/strong> de la \u00e9poca bajo la ret\u00f3rica de \u201clucha antiimperialista\u201d. Hasta el d\u00eda de hoy, hay quienes relativizan esos atentados diciendo que <em>\u201ceran contra la ocupaci\u00f3n\u201d<\/em>. \u00bfEn serio? \u00bfQu\u00e9 ocupaci\u00f3n hab\u00eda en Jerusal\u00e9n Oeste en 1969? Ninguna \u2013 de hecho, Jerusal\u00e9n Este (\u00e1rabe) estaba en manos de Israel solo desde 1967, y los terroristas pusieron la bomba en <em>zona jud\u00eda<\/em>. La verdad es que, para el FPLP y similares, <strong>todo Israel era objetivo leg\u00edtimo<\/strong> y cualquier jud\u00edo \u2013ya sea ama de casa en un s\u00faper o estudiante universitario\u2013 merec\u00eda morir por el \u201cdelito\u201d de ser israel\u00ed. Hablamos de una mentalidad de <strong>odio \u00e9tnico<\/strong> puro, asimilable al supremacismo. Pese a ello, la izquierda radical de entonces (y la progresista actual) tiende a <strong>romantizar<\/strong> a estos grupos, mostrando un sesgo escalofriante: para ellos, matar civiles est\u00e1 mal\u2026 <em>salvo<\/em> cuando los muertos son jud\u00edos, en cuyo caso \u201cse entiende por el contexto\u201d. Esta indulgencia moral selectiva es otra cara del <strong>antisemitismo<\/strong>.<\/p>\n\n\n\n<p><strong>1972 \u2013 Masacre del Aeropuerto de Lod:<\/strong> Un hecho que sacudi\u00f3 al mundo fue la <strong>matanza en el aeropuerto internacional de Lod (Tel Aviv)<\/strong>, ocurrida el 30 de mayo de 1972. La masacre tuvo un tinte internacional ins\u00f3lito: tres terroristas <strong>japoneses<\/strong> de la <em>Armada Roja Japonesa<\/em>, reclutados por el FPLP, desembarcaron de un vuelo en Lod y de sus valijas extrajeron rifles y granadas, abriendo fuego contra todos los presentes en la sala de equipajes. Fue una carnicer\u00eda: <strong>26 personas murieron y cerca de 80 resultaron heridas<\/strong>. Entre los asesinados hab\u00eda 17 peregrinos cristianos de Puerto Rico que acababan de llegar de visita, 1 ciudadano canadiense, y 8 israel\u00edes (incluido un reconocido cient\u00edfico). Los terroristas no distinguieron nacionalidad o religi\u00f3n; su objetivo era <strong>matar indiscriminadamente en s\u00edmbolo del pa\u00eds jud\u00edo<\/strong>. Dos de los japoneses atacantes murieron (uno por error de su propia granada y otro abatido por seguridad); el tercero, Kozo Okamoto, sobrevivi\u00f3 y declar\u00f3 que hab\u00eda venido a morir por la causa palestina. Este ataque estremecedor, conocido como <em>Masacre de Lod<\/em>, llev\u00f3 a Israel a reestructurar completamente la seguridad aeroportuaria (hoy Ben Guri\u00f3n es de los aeropuertos m\u00e1s seguros del mundo). \u00bfY qu\u00e9 motiv\u00f3 semejante atrocidad? Seg\u00fan explic\u00f3 luego el l\u00edder del FPLP, <strong>Wad\u00ed Haddad<\/strong>, buscaban la m\u00e1xima repercusi\u00f3n: si terroristas \u00e1rabes pasaban con armas quiz\u00e1 los detectar\u00edan, pero <strong>usar j\u00f3venes japoneses<\/strong> despist\u00f3 a la seguridad. Los extremistas palestinos mostraron as\u00ed que estaban dispuestos a <strong>aliarse con grupos terroristas de cualquier parte<\/strong> (incluso ideol\u00f3gicamente dis\u00edmiles) con tal de <em>matar jud\u00edos<\/em>. La masacre de Lod tambi\u00e9n nos recuerda que <em>no solo israel\u00edes han sido v\u00edctimas<\/em>: el terrorismo palestino cobr\u00f3 vidas latinoamericanas, europeas, asi\u00e1ticas\u2026 Sin embargo, cierto \u201cprogresismo\u201d sigue mirando con romanticismo al FPLP (quiz\u00e1 porque se auto-denominaba marxista). No deja de ser perverso: los mismos que dicen luchar contra el racismo en sus pa\u00edses, <em>encontraron excusas para una matanza de inocentes en un aeropuerto<\/em>. Un doble est\u00e1ndar moral total.<\/p>\n\n\n\n<figure class=\"wp-block-image size-large\"><img fetchpriority=\"high\" decoding=\"async\" width=\"1024\" height=\"683\" src=\"https:\/\/elliberador.com\/wp-content\/uploads\/2025\/08\/D430-110-1024x683.jpg\" alt=\"\" class=\"wp-image-3526\" srcset=\"https:\/\/elliberador.com\/wp-content\/uploads\/2025\/08\/D430-110-1024x683.jpg 1024w, https:\/\/elliberador.com\/wp-content\/uploads\/2025\/08\/D430-110-300x200.jpg 300w, https:\/\/elliberador.com\/wp-content\/uploads\/2025\/08\/D430-110-768x512.jpg 768w, https:\/\/elliberador.com\/wp-content\/uploads\/2025\/08\/D430-110-1536x1024.jpg 1536w, https:\/\/elliberador.com\/wp-content\/uploads\/2025\/08\/D430-110.jpg 1600w\" sizes=\"(max-width: 1024px) 100vw, 1024px\" \/><figcaption class=\"wp-element-caption\">El \u00fanico terrorista sobreviviente, el japon\u00e9s <strong>Kozo Okamoto<\/strong>, miembro del Ej\u00e9rcito Rojo Japon\u00e9s (comunista mao\u00edsta)<\/figcaption><\/figure>\n\n\n\n<p><strong>1972 \u2013 Masacre de los Juegos Ol\u00edmpicos de M\u00fanich:<\/strong> Unos meses despu\u00e9s, el 5 de septiembre de 1972, ocurri\u00f3 otro episodio tristemente c\u00e9lebre: la <strong>toma de rehenes y asesinato de 11 deportistas israel\u00edes en las Olimpiadas de M\u00fanich<\/strong>, a manos del grupo terrorista palestino <em>Septiembre Negro<\/em>. Durante los Juegos ol\u00edmpicos, en plena Villa Ol\u00edmpica, 8 terroristas palestinos sorprendentemente lograron infiltrarse, asesinaron a 2 miembros del equipo israel\u00ed y secuestraron a otros 9, demandando la liberaci\u00f3n de presos terroristas en Israel. La crisis termin\u00f3 en desastre cuando, durante un ca\u00f3tico intento de rescate por la polic\u00eda alemana en el aeropuerto, los terroristas <strong>ejecutaron a los 9 rehenes restantes<\/strong> con granadas y r\u00e1fagas. En total, <strong>11 israel\u00edes (atletas y entrenadores) fueron asesinados<\/strong>, junto a un polic\u00eda alem\u00e1n. Este atentado \u2013perpetrado frente a las c\u00e1maras del mundo\u2013 conmocion\u00f3 a la opini\u00f3n p\u00fablica global, supuestamente ajena al conflicto. Pero no nos equivoquemos: incluso entonces hubo sectores extremos que <em>justificaron o minimizaron<\/em> lo ocurrido, presentando a los terroristas como \u201cluchadores de la libertad\u201d y a los atletas muertos como <em>\u201crepresentantes del Estado sionista opresor\u201d<\/em>. El grupo Septiembre Negro era en realidad una c\u00e9lula ligada a la OLP de Arafat, y se nombr\u00f3 as\u00ed en \u201cvenganza\u201d por una represi\u00f3n de Jordania contra palestinos. Nada ten\u00eda que ver con Alemania o con los atletas inocentes que fueron masacrados fuera de su patria. <strong>\u00bfQu\u00e9 demuestra M\u00fanich 72?<\/strong> Que el terrorismo palestino traspas\u00f3 todas las fronteras \u00e9ticas: viol\u00f3 la premisa ol\u00edmpica de paz, llev\u00f3 una causa pol\u00edtica con violencia al escenario deportivo internacional y no dud\u00f3 en <em>asesinar j\u00f3venes cuyo \u00fanico \u201ccrimen\u201d era ser israel\u00edes y jud\u00edos<\/em>. Ir\u00f3nicamente, hoy se ve a algunos manifestantes pro-palestinos en Europa y EE.UU. venerar a estos terroristas hist\u00f3ricos, portando sus fotos o llam\u00e1ndolos m\u00e1rtires. Son los mismos c\u00edrculos que claman contra \u201cEstados represores\u201d pero celebran el secuestro y asesinato de civiles desarmados. Cabe preguntarse: si ma\u00f1ana activistas neonazis asesinaran atletas africanos o \u00e1rabes en unos Juegos para protestar contra algo, \u00bfhabr\u00eda alguien de izquierda aplaudiendo? Seguramente no. \u00bfPor qu\u00e9 entonces se aplaudi\u00f3 cuando las v\u00edctimas fueron israel\u00edes jud\u00edos? Porque lamentablemente, para muchos <strong>el jud\u00edo sigue siendo el chivo expiatorio universal<\/strong>, cuyo asesinato puede relativizarse. Aquel ataque ocurri\u00f3 en suelo alem\u00e1n, 27 a\u00f1os despu\u00e9s del Holocausto, casi como macabra <em>postdata<\/em> de que la sombra del odio antisemita segu\u00eda viva con otro ropaje. Israel respondi\u00f3 con la famosa operaci\u00f3n \u201cC\u00f3lera de Dios\u201d persiguiendo a los responsables por el mundo, lo cual tambi\u00e9n fue criticado por los de siempre\u2026 \u00a1Incluso les molesta que las v\u00edctimas busquen justicia! En fin, M\u00fanich 1972 es un recordatorio indeleble de hasta d\u00f3nde llega el terrorismo palestino y de la <strong>hipocres\u00eda global<\/strong> que le ha dado ox\u00edgeno.<\/p>\n\n\n\n<figure class=\"wp-block-image size-full\"><img decoding=\"async\" width=\"400\" height=\"300\" src=\"https:\/\/elliberador.com\/wp-content\/uploads\/2025\/08\/R-14-1.jpeg\" alt=\"\" class=\"wp-image-3525\" srcset=\"https:\/\/elliberador.com\/wp-content\/uploads\/2025\/08\/R-14-1.jpeg 400w, https:\/\/elliberador.com\/wp-content\/uploads\/2025\/08\/R-14-1-300x225.jpeg 300w\" sizes=\"(max-width: 400px) 100vw, 400px\" \/><figcaption class=\"wp-element-caption\">Terroristas palestinos ingresando al campus deportivo israel\u00ed en las JJ.OO. de Munich en 1972<\/figcaption><\/figure>\n\n\n\n<p><strong>1974 \u2013 Masacre de Ma\u2019alot (terror contra ni\u00f1os):<\/strong> Si M\u00fanich estremeci\u00f3 al mundo, lo que sucedi\u00f3 en <strong>Ma\u2019alot, Israel, en mayo de 1974<\/strong> fue de una crueldad quiz\u00e1 mayor a\u00fan, aunque recibi\u00f3 menos atenci\u00f3n global. Tres terroristas del FPLP infiltrados desde el L\u00edbano <strong>tomaron una escuela secundaria llena de alumnos adolescentes<\/strong> que estaban de excursi\u00f3n. Tras horas de toma de rehenes, las fuerzas israel\u00edes intentaron un rescate cuando los terroristas amenazaban con matar a los chicos. Entonces los secuestradores <strong>abrieron fuego y lanzaron granadas directamente contra los alumnos cautivos<\/strong>. El resultado fue espeluznante: <strong>25 rehenes asesinados, de los cuales 22 eran ni\u00f1os de 14 a 16 a\u00f1os<\/strong>; adem\u00e1s unos 68 heridos. La tragedia dej\u00f3 a Israel de luto y en shock: \u00bfc\u00f3mo era posible tal <em>barbarie contra ni\u00f1os<\/em>? Pero para los terroristas no eran ni\u00f1os: <em>\u201cPronto iban a ser soldados, ten\u00edamos que pararlos ahora\u201d<\/em> respondi\u00f3 fr\u00edamente uno de ellos a los aterrados chicos que les suplicaban Es decir, para esta ideolog\u00eda fan\u00e1tica, <strong>cada ni\u00f1o jud\u00edo es un enemigo en potencia al que \u201chay que eliminar\u201d<\/strong> antes de que crezca. Esto es escalofriantemente similar a la ret\u00f3rica nazi (que tambi\u00e9n ve\u00eda a los ni\u00f1os jud\u00edos como \u201csemilla de serpientes\u201d a destruir). De hecho, Golda Meir, entonces primera ministra, tras la masacre de Ma\u2019alot declar\u00f3: <em>\u201cEstos terroristas mostraron al mundo su verdadera cara al asesinar ni\u00f1os. Terrorismo as\u00ed no debilitar\u00e1 nuestro esp\u00edritu, solo reafirma por qu\u00e9 debemos vencerlo\u201d<\/em>. Pese a la unanimidad de condena que gener\u00f3 este ataque en su momento, hoy casi <strong>no se lo menciona<\/strong> en las narrativas pro-palestinas. Dif\u00edcil justificar el asesinato de escolares a sangre fr\u00eda, as\u00ed que optan por el olvido. Pero <strong>no debemos olvidar<\/strong>: Ma\u2019alot evidenci\u00f3 que la <em>\u201ccausa palestina\u201d<\/em> en manos de grupos extremistas llegaba al <strong>genocidio infanticida<\/strong>. Y aunque duela decirlo, hubo s\u00ed alg\u00fan nivel de justificaci\u00f3n t\u00e1cita en la izquierda de la \u00e9poca: pa\u00edses como la URSS bloquearon en la ONU toda condena expl\u00edcita al FPLP, y ciertos intelectuales franceses insinuaron que la culpa era de Israel por no ceder a las demandas de los secuestradores. Es la misma l\u00f3gica perversa que hoy muchos aplican al caso de Gaza: <em>\u201csi Hamas masacra ni\u00f1os israel\u00edes, es culpa de Israel por lo que sea\u201d<\/em>. \u00a1Imaginemos decir algo as\u00ed de cualquier otro conflicto! Es escalofriante c\u00f3mo el antisemitismo contamina la moral: <em>matar ni\u00f1os est\u00e1 mal, excepto si son del pueblo jud\u00edo odiado; en ese caso se buscan excusas<\/em>.<\/p>\n\n\n\n<figure class=\"wp-block-image size-full\"><img decoding=\"async\" width=\"640\" height=\"512\" src=\"https:\/\/elliberador.com\/wp-content\/uploads\/2025\/08\/image046.jpg\" alt=\"\" class=\"wp-image-3527\" srcset=\"https:\/\/elliberador.com\/wp-content\/uploads\/2025\/08\/image046.jpg 640w, https:\/\/elliberador.com\/wp-content\/uploads\/2025\/08\/image046-300x240.jpg 300w\" sizes=\"(max-width: 640px) 100vw, 640px\" \/><figcaption class=\"wp-element-caption\">Tapas de los diarios del mundo con ic\u00f3nicas fotos de adolescentes heridos por terroristas isl\u00e1micos<\/figcaption><\/figure>\n\n\n\n<p><strong>1978 \u2013 Masacre de la Ruta Costera (autopista Tel Aviv-Haifa):<\/strong> Este fue durante d\u00e9cadas el ataque terrorista m\u00e1s sangriento en suelo israel\u00ed. El 11 de marzo de 1978, un comando de <strong>11 terroristas de Fatah (organizaci\u00f3n de Yasser Arafat)<\/strong> desembarc\u00f3 en la costa cercana a Haifa en lanchas desde el L\u00edbano. Primero tomaron un taxi por la fuerza, asesinando a sus ocupantes, luego secuestraron dos autobuses repletos de pasajeros en la autopista <em>Coastal Road<\/em> rumbo a Tel Aviv. <strong>Disparando y lanzando granadas dentro de los buses en marcha<\/strong>, los terroristas causaron una carnicer\u00eda. Finalmente, en un enfrentamiento con fuerzas de seguridad cerca de Tel Aviv, los terroristas hicieron estallar uno de los buses lleno de rehenes. El saldo fue <strong>38 civiles israel\u00edes masacrados (incluyendo 13 ni\u00f1os)<\/strong> y unos 71 heridos. Nueve de los terroristas murieron en la acci\u00f3n y dos sobrevivieron para ser juzgados (liberados a\u00f1os despu\u00e9s en un intercambio). Esta atrocidad \u2013conocida como la <em>Masacre de la carretera costera<\/em>\u2013 caus\u00f3 tal impacto que precipitar\u00eda la <strong>Operaci\u00f3n Litani<\/strong>: Israel invadi\u00f3 el sur del L\u00edbano poco despu\u00e9s para intentar eliminar las bases de la OLP all\u00ed. Pero m\u00e1s all\u00e1 de la respuesta militar, analicemos el <em>esp\u00edritu del ataque<\/em>: los perpetradores lo llamaron <em>\u201cOperaci\u00f3n Kamal Adwan\u201d<\/em> (en honor a un cabecilla de la OLP muerto en 1973) y Arafat lo <strong>celebr\u00f3 p\u00fablicamente<\/strong>. \u00bfEl objetivo? Seg\u00fan documentos capturados luego, buscaban sabotear las entonces incipientes negociaciones de paz entre Egipto e Israel. Es decir, prefer\u00edan <em>hacer estallar ni\u00f1os en un bus<\/em> antes que permitir un acercamiento que dejara a la OLP sin apoyo \u00e1rabe. Aqu\u00ed se ve la constante: para el liderazgo palestino radical, <strong>matar civiles israel\u00edes es una herramienta pol\u00edtica v\u00e1lida<\/strong> \u2013 sea para \u201cllamar la atenci\u00f3n\u201d del mundo, para \u201cvengar\u201d agravios o para torpedear la paz misma. <strong>No importa la causa<\/strong>, siempre encuentran justificaci\u00f3n para el terrorismo. Y lo m\u00e1s triste: muchos en el mundo compraron o relativizaron esas justificaciones. La prensa internacional describi\u00f3 el hecho con eufemismos como \u201cincidente dram\u00e1tico\u201d sin enfatizar la barbarie de <em>disparar a beb\u00e9s y ni\u00f1os en un bus tur\u00edstico<\/em>. Arafat jam\u00e1s fue realmente censurado por esto; al contrario, cuatro a\u00f1os despu\u00e9s era recibido con honores en la ONU con su oliva de paz en una mano (y la pistola metaf\u00f3rica en la otra). La masacre de 1978 fue por d\u00e9cadas la peor en Israel hasta 2023, y <strong>los mismos grupos woke<\/strong> que hoy gritan contra Israel por sus operativos en Gaza, <em>raramente mencionan o quiz\u00e1s ni conocen<\/em> esta matanza. Es un olvido intencional: <strong>recordar las v\u00edctimas jud\u00edas no encaja en su discurso maniqueo<\/strong> donde solo los palestinos sufren. Pero la realidad implacable es que <em>Israel ha sufrido much\u00edsimo terrorismo mortal<\/em>, y cada evento como este dej\u00f3 huellas profundas en su sociedad, explicando por qu\u00e9 los israel\u00edes desconf\u00edan de las buenas intenciones de organizaciones palestinas armadas.<\/p>\n\n\n\n<figure class=\"wp-block-image size-full\"><img loading=\"lazy\" decoding=\"async\" width=\"560\" height=\"404\" src=\"https:\/\/elliberador.com\/wp-content\/uploads\/2025\/08\/\u05d4\u05e4\u05d9\u05d2\u05d5\u05e2_\u05d1\u05db\u05d1\u05d9\u05e9_\u05d4\u05d7\u05d5\u05e3_1978.jpg\" alt=\"\" class=\"wp-image-3528\" srcset=\"https:\/\/elliberador.com\/wp-content\/uploads\/2025\/08\/\u05d4\u05e4\u05d9\u05d2\u05d5\u05e2_\u05d1\u05db\u05d1\u05d9\u05e9_\u05d4\u05d7\u05d5\u05e3_1978.jpg 560w, https:\/\/elliberador.com\/wp-content\/uploads\/2025\/08\/\u05d4\u05e4\u05d9\u05d2\u05d5\u05e2_\u05d1\u05db\u05d1\u05d9\u05e9_\u05d4\u05d7\u05d5\u05e3_1978-300x216.jpg 300w\" sizes=\"(max-width: 560px) 100vw, 560px\" \/><figcaption class=\"wp-element-caption\">Uno de los buses calcinados donde familias enteras fueron quemadas vivas<\/figcaption><\/figure>\n\n\n\n<p><strong>1985 \u2013 Masacre del yate en Larnaca, Chipre:<\/strong> El terrorismo palestino no se restringi\u00f3 al territorio de Israel. En septiembre de 1985, un comando de <strong>tres terroristas de la OLP (de la fuerza elite <em>Force 17<\/em> de Arafat)<\/strong> atac\u00f3 en el puerto de Larnaca (Chipre) un yate con turistas israel\u00edes que all\u00ed se encontraba. Los hombres armados, gritando consignas pro-Palestina, <em>tomaron a los tripulantes como rehenes<\/em>. Tras un largo standoff con la polic\u00eda chipriota, los terroristas <strong>asesinaron a los tres civiles israel\u00edes<\/strong> (una mujer y dos hombres) que estaban a bordo, dispar\u00e1ndoles a quemarropa. Luego se rindieron. Este hecho, conocido como <em>los asesinatos del yate de Larnaca<\/em>, tuvo repercusiones geopol\u00edticas: fue el detonante que llev\u00f3 a Israel a realizar semanas despu\u00e9s el <strong>bombardeo de la sede de la OLP en T\u00fanez<\/strong> (Operaci\u00f3n <em>Pierna de Madera<\/em>, octubre 1985), dado que la OLP orquest\u00f3 el atentado en Chipre. El presidente de EE.UU. Ronald Reagan incluso defendi\u00f3 el derecho de Israel a <em>represalias<\/em> ante este ataque vil. Pero de nuevo veamos la situaci\u00f3n: <em>terroristas palestinos actuando en un pa\u00eds tercero neutral (Chipre) para matar jud\u00edos inocentes en un barco<\/em>. \u00bfQu\u00e9 ten\u00edan que ver esos turistas con ning\u00fan conflicto militar? Absolutamente nada. Eran <strong>asesinados por su nacionalidad<\/strong>. Si eso no es <em>xenofobia\/odio \u00e9tnico<\/em>, \u00bfqu\u00e9 es? Los terroristas ni siquiera pretendieron que \u201ccombat\u00edan soldados\u201d; era abiertamente violencia contra civiles en la di\u00e1spora. Tristemente, este episodio es poco recordado, pero ilustra que <strong>ning\u00fan jud\u00edo estaba a salvo de ser objetivo<\/strong>, ni siquiera vacacionando en el Mediterr\u00e1neo. Para Arafat y compa\u00f1\u00eda, su guerra contra Israel pod\u00eda y deb\u00eda librarse globalmente. Y otra vez: \u00bfc\u00f3mo reaccion\u00f3 el mundo? Chipre encarcel\u00f3 a los terroristas pero luego los extradit\u00f3 a Yaser Arafat, quien los recibi\u00f3 como h\u00e9roes. \u00a1H\u00e9roes por matar turistas en Yom Kipur! Si eso no revela complicidad internacional\u2026 Esos terroristas pr\u00e1cticamente salieron impunes. El <em>doble est\u00e1ndar<\/em> era flagrante: imaginen terroristas israel\u00edes matando \u00e1rabes en Europa, \u00bflos hubieran dejado en manos de Israel para posiblemente liberarlos luego? Jam\u00e1s. Pero con la OLP s\u00ed ocurri\u00f3. Esta indulgencia exterior fortaleci\u00f3 la impunidad terrorista. Y los <em>progresistas<\/em> de entonces (y de hoy) dif\u00edcilmente mencionan Larnaca 85, porque no hay manera de meterlo en la narrativa de \u201cocupaci\u00f3n\u201d: eran israel\u00edes en el extranjero. Entonces, lo barren bajo la alfombra, confirmando que su pretendida moral es <strong>pura conveniencia<\/strong>.<\/p>\n\n\n\n<p><strong>1987-1993 \u2013 Primera Intifada (y primer <em>hombre-bomba<\/em> palestino):<\/strong> En diciembre de 1987 estall\u00f3 en Gaza y Cisjordania la <strong>Primera Intifada<\/strong>, un levantamiento popular palestino contra la ocupaci\u00f3n israel\u00ed de esos territorios (ocupados desde la Guerra de los Seis D\u00edas, 1967). La imagen m\u00e1s ic\u00f3nica de la intifada fue la de <strong>j\u00f3venes arrojando piedras contra tanques<\/strong>. Y ciertamente hubo protestas masivas, huelgas, disturbios. Pero tambi\u00e9n hubo un lado oscuro que a veces se olvida: durante la intifada se cometieron numerosos <strong>ataques violentos contra civiles israel\u00edes<\/strong>. Se calcula que m\u00e1s de <strong>100 israel\u00edes (entre civiles y soldados) fueron asesinados por palestinos durante esos a\u00f1os<\/strong>. A veces con <em>c\u00f3cteles molotov<\/em> a veh\u00edculos, linchamientos a personas que se perd\u00edan con su auto en zonas \u00e1rabes, <em>apu\u00f1alamientos<\/em> en ciudades israel\u00edes, e incluso <em>disparos y emboscadas<\/em>. Uno de los incidentes m\u00e1s impactantes fue el <strong>atentado del bus 405<\/strong>: el 6 de julio de 1989, un miembro de la Jihad Isl\u00e1mica Palestina llamado Abd al-Hadi Ghanim se subi\u00f3 al autob\u00fas interurbano 405 que iba de Tel Aviv a Jerusal\u00e9n y, de repente, <strong>agarr\u00f3 el volante y lo precipit\u00f3 por un barranco<\/strong> cerca de Kiryat Yearim. El \u00f3mnibus repleto cay\u00f3, se incendi\u00f3 y murieron <strong>16 civiles<\/strong> (entre ellos dos turistas canadienses y uno estadounidense), quedando 27 heridos. El atacante sobrevivi\u00f3 (fue detenido) y es considerado el primer <strong>atentado suicida<\/strong> palestino, aunque t\u00e9cnicamente \u00e9l no muri\u00f3. El hecho llen\u00f3 de terror a la sociedad: hasta tomar un bus se volvi\u00f3 fuente de miedo. Mientras, la OLP y grupos islamistas empezaban a glorificar la <em>\u201cmuerte como m\u00e1rtir\u201d<\/em>. Adem\u00e1s de las v\u00edctimas israel\u00edes de la represi\u00f3n (unos mil palestinos murieron en choques con el ej\u00e9rcito), la Intifada tuvo tambi\u00e9n una <em>cruenta purga interna<\/em>: m\u00e1s de 300 palestinos fueron asesinados por otros palestinos acusados de \u201ccolaboracionismo\u201d (muchas veces ajusticiados sin pruebas). Pero volviendo al tema central, el <strong>mensaje estrat\u00e9gico<\/strong> de la Intifada para los palestinos fue: <em>\u201cforzaremos a Israel a ceder con una combinaci\u00f3n de presi\u00f3n civil y terror\u201d<\/em>. Y para el mundo progresista, la Intifada se romantiz\u00f3 como <em>\u201crebeli\u00f3n juvenil contra la opresi\u00f3n\u201d<\/em>. Hasta cierto punto es entendible empatizar con un pueblo que busca autodeterminaci\u00f3n. <strong>Lo inaceptable<\/strong> es <strong>justificar los asesinatos de civiles fuera de los territorios disputados<\/strong>: por ejemplo, en mayo de 1992, miembros de Hamas irrumpieron en la casa de una familia israel\u00ed (los <strong>Haran<\/strong>) en Bat Yam y apu\u00f1alaron hasta la muerte a <em>una madre embarazada y sus tres hijos peque\u00f1os<\/em>. \u00bfEso qu\u00e9 ten\u00eda que ver con \u201cresistir ocupaci\u00f3n\u201d? Nada. Era puro odio anti-jud\u00edo. Sin embargo, muchos en la izquierda global segu\u00edan repitiendo esl\u00f3ganes de <em>\u201cla Intifada es la voz de los oprimidos\u201d<\/em>. <strong>Nuevamente<\/strong>: parece que si las v\u00edctimas son israel\u00edes, algunos pierden la br\u00fajula moral. La 1\u00aa Intifada acab\u00f3 con los Acuerdos de Oslo en 1993, con la esperanza de paz\u2026 pero en los a\u00f1os siguientes ver\u00edamos algo a\u00fan m\u00e1s terrible.<\/p>\n\n\n\n<figure class=\"wp-block-image size-large\"><img loading=\"lazy\" decoding=\"async\" width=\"1024\" height=\"576\" src=\"https:\/\/elliberador.com\/wp-content\/uploads\/2025\/08\/descargar-4-1024x576.jpeg\" alt=\"\" class=\"wp-image-3529\" srcset=\"https:\/\/elliberador.com\/wp-content\/uploads\/2025\/08\/descargar-4-1024x576.jpeg 1024w, https:\/\/elliberador.com\/wp-content\/uploads\/2025\/08\/descargar-4-300x169.jpeg 300w, https:\/\/elliberador.com\/wp-content\/uploads\/2025\/08\/descargar-4-768x432.jpeg 768w, https:\/\/elliberador.com\/wp-content\/uploads\/2025\/08\/descargar-4-1536x864.jpeg 1536w, https:\/\/elliberador.com\/wp-content\/uploads\/2025\/08\/descargar-4.jpeg 1600w\" sizes=\"(max-width: 1024px) 100vw, 1024px\" \/><figcaption class=\"wp-element-caption\">Im\u00e1genes de la primer Intifada<\/figcaption><\/figure>\n\n\n\n<p><strong>2000-2005 \u2013 Segunda Intifada (la ola de los <em>suicidas bomba<\/em>):<\/strong> Tras el fracaso de las negociaciones de paz de Camp David en 2000, estall\u00f3 un segundo levantamiento palestino mucho m\u00e1s sangriento que el primero. La <strong>Segunda Intifada<\/strong> (o <em>Intifada de Al-Aqsa<\/em>) estuvo marcada por un recurso aterrador: los <strong>ataques suicidas con bombas contra blancos civiles masivos<\/strong>. Hamas, la Jihad Isl\u00e1mica y las Brigadas de Al-Aqsa de Fatah compitieron en enviar j\u00f3venes con cinturones explosivos a reventarse en pizzer\u00edas, discotecas, autobuses, centros comerciales, universidades\u2026 cualquier lugar concurrido en Israel. <strong>El saldo fue catastr\u00f3fico<\/strong>: en unos pocos a\u00f1os, <strong>m\u00e1s de 1.000 israel\u00edes fueron asesinados<\/strong> en atentados terroristas (aprox. 78% de ellos civiles), mientras mor\u00edan unos 3.000 palestinos (en su mayor\u00eda en enfrentamientos armados con Israel). Pr\u00e1cticamente <strong>no hubo familia israel\u00ed sin duelo<\/strong>. Algunos atentados tristemente famosos: la <strong>Masacre de la pizzer\u00eda Sbarro<\/strong> (agosto 2001, un suicida de Hamas se vol\u00f3 en una pizzer\u00eda de Jerusal\u00e9n matando a 15 personas, entre ellos 7 ni\u00f1os y una mujer embarazada); el <strong>ataque a la discoteca Dolphinarium<\/strong> (junio 2001, 21 j\u00f3venes asesinados por un suicida en una fiesta de adolescentes en Tel Aviv); la <strong>Masacre del hotel Park de Netanya<\/strong> en la Pascua de 2002 (un suicida de Hamas se hizo explotar en un sal\u00f3n durante la cena del seder, asesinando a 30 ancianos en su mayor\u00eda) \u2013 ese atentado fue la gota que colm\u00f3 el vaso y llev\u00f3 a Israel a lanzar la Operaci\u00f3n Escudo Defensivo en Cisjordania. Hubo decenas de casos m\u00e1s: autobuses volados en Haifa y Jerusal\u00e9n con docenas de v\u00edctimas, caf\u00e9s reventados, incluso un terrorista que se disfraz\u00f3 de jud\u00edo ortodoxo para entrar en una cena de Pascua en un kibutz y mat\u00f3 a tiros a 5 personas incluyendo un beb\u00e9. <strong>La crueldad no tuvo l\u00edmites<\/strong>. Los atacantes suicidas se entrenaban con v\u00eddeos, despedidas \u201cheroicas\u201d y promesas de 72 v\u00edrgenes en el cielo. Y la sociedad palestina \u2013lamentablemente\u2013 en buena parte <em>los aclamaba como m\u00e1rtires<\/em>. Recordemos que durante estos a\u00f1os Hamas y Fatah incluso <strong>ense\u00f1aban en sus programas infantiles de TV<\/strong> que <em>\u201cconvertirse en bomba humana contra los jud\u00edos es lo m\u00e1s glorioso\u201d<\/em>. Fue un periodo oscuro. Israel, por supuesto, se defendi\u00f3: incursion\u00f3 militarmente en ciudades palestinas para desmantelar redes terroristas, e inici\u00f3 la construcci\u00f3n de la <strong>barrera de separaci\u00f3n<\/strong> en Cisjordania (que luego redujo dr\u00e1sticamente los atentados suicidas). Desde el prisma actual, es incre\u00edble la <strong>desfachatez<\/strong> con que los progresistas condenan el muro israel\u00ed tach\u00e1ndolo de \u201capartheid\u201d, cuando dicho muro <em>literalmente salv\u00f3 miles de vidas<\/em> al frenar el paso de terroristas. \u00bfQu\u00e9 propon\u00edan, dejar entrar kamikazes libremente? Al parecer s\u00ed: recordemos que muchos de esos <em>bombazos<\/em> ocurrieron <strong>dentro del Israel previo a 1967<\/strong>, o sea, no eran \u201cterritorios ocupados\u201d sino ciudades como Tel Aviv, Haifa, etc. Con lo cual, los grupos terroristas mostraron claramente que <strong>su lucha no era solo por Cisjordania\/Gaza, sino contra la existencia de Israel mismo<\/strong>. Un dato: en 2002 se intercept\u00f3 el buque <em>Karine A<\/em> cargado de armas iran\u00edes para la Autoridad Palestina \u2013 muestra de que la AP de Arafat tambi\u00e9n estaba involucrada en fomentar la violencia y rearmarse. En fin, la Segunda Intifada traumatiz\u00f3 a Israel de una forma indeleble. Imag\u00ednense 5 a\u00f1os donde cada vez que uno sub\u00eda a un bus o entraba a un restaurante, hab\u00eda un miedo real de que <em>explotara alguien al lado<\/em>. El pa\u00eds chiquito, la gente segu\u00eda yendo a trabajar pero con el coraz\u00f3n en un pu\u00f1o. Y ahora pensemos: en esos a\u00f1os terribles, <strong>\u00bfd\u00f3nde estaba la \u201csolidaridad\u201d internacional con los israel\u00edes masacrados?<\/strong> No exist\u00eda. Al contrario, en campus universitarios de Occidente abundaban voces justificando: <em>\u201cLos palestinos est\u00e1n desesperados, no tienen aviones, por eso usan sus cuerpos como bombas\u201d<\/em>. Intelectuales pseudo-progres sal\u00edan con teor\u00edas de que la culpa era de la \u201cocupaci\u00f3n\u201d y casi exculpaban a los suicidas, llam\u00e1ndolos \u201cactivistas\u201d. De hecho, la ONU jam\u00e1s conden\u00f3 expl\u00edcitamente la campa\u00f1a de atentados suicidas; en cambio s\u00ed hizo decenas de resoluciones contra las medidas israel\u00edes. Esta <strong>ceguera moral selectiva<\/strong> es exactamente lo que denunciamos: frente a cualquier otro fen\u00f3meno de ataques suicidas (imaginen Al Qaeda) todos concuerdan que es barbarie. Pero si los blancos son jud\u00edos israel\u00edes, de pronto aparece el \u201cdepende\u201d y la comprensi\u00f3n indecente. Los mismos que claman que \u201cBlack Lives Matter\u201d, parec\u00edan decir <em>\u201cIsraeli Lives Don\u2019t Matter\u201d<\/em>. Con todo, Israel logr\u00f3 reprimir la Intifada para 2005 y se retir\u00f3 unilateralmente de Gaza ese mismo a\u00f1o \u2013un paso por la paz que, tristemente, no fue apreciado sino explotado por Hamas para preparar la siguiente ronda de violencia.<\/p>\n\n\n\n<figure class=\"wp-block-image size-full\"><img loading=\"lazy\" decoding=\"async\" width=\"880\" height=\"400\" src=\"https:\/\/elliberador.com\/wp-content\/uploads\/2025\/08\/Web_F2003FF1057-880x495-1-880x400-1.jpg\" alt=\"\" class=\"wp-image-3531\" srcset=\"https:\/\/elliberador.com\/wp-content\/uploads\/2025\/08\/Web_F2003FF1057-880x495-1-880x400-1.jpg 880w, https:\/\/elliberador.com\/wp-content\/uploads\/2025\/08\/Web_F2003FF1057-880x495-1-880x400-1-300x136.jpg 300w, https:\/\/elliberador.com\/wp-content\/uploads\/2025\/08\/Web_F2003FF1057-880x495-1-880x400-1-768x349.jpg 768w\" sizes=\"(max-width: 880px) 100vw, 880px\" \/><\/figure>\n\n\n\n<p><strong>7 de octubre de 2023 \u2013 Ataque de Hamas desde Gaza (la masacre del festival de m\u00fasica y kibutzim):<\/strong> Llegamos as\u00ed al evento m\u00e1s reciente y brutal, que a la vez ha desnudado por completo la <strong>hipocres\u00eda del progresismo actual<\/strong>. El 7\/10\/2023, la organizaci\u00f3n islamista <strong>Hamas<\/strong> (que gobierna Gaza) lanz\u00f3 un ataque sorpresa de proporciones in\u00e9ditas contra Israel. <strong>Miles de terroristas<\/strong> atravesaron la frontera, arrasando comunidades civiles en el sur de Israel en una org\u00eda de violencia indescriptible. En pocas horas, se perpetraron <strong>matanzas casa por casa en m\u00e1s de 20 localidades<\/strong>: kibutzim enteros fueron diezmados, familias quemadas vivas dentro de sus hogares, personas acribilladas mientras hu\u00edan. En el festival de m\u00fasica <em>Nova<\/em> (cerca de Re\u2019im) unos paracaidistas de Hamas <strong>cercaron a miles de j\u00f3venes que acampaban<\/strong> y los cazaron uno por uno: al menos <strong>364 chicos fueron fusilados o rematados a quemarropa<\/strong> en ese solo evento. En <em>Kfar Aza<\/em>, <em>Be\u2019eri<\/em>, <em>Nir Oz<\/em> y otros kibutzim, <strong>docenas de civiles \u2013hombres, mujeres, ancianos y ni\u00f1os\u2013 fueron torturados y ejecutados<\/strong>, algunos <em>decapitados<\/em>, otros atados y incendiados. El saldo global: alrededor de <strong>1.200 a 1.300 israel\u00edes asesinados en un solo d\u00eda<\/strong> (la cifra exacta var\u00eda seg\u00fan fuentes, ~1.195 confirmados), de los cuales la enorme mayor\u00eda eran civiles (beb\u00e9s, ni\u00f1os, j\u00f3venes, adultos desarmados) masacrados a sangre fr\u00eda. Adem\u00e1s, <strong>alrededor de 250 personas fueron tomadas como rehenes<\/strong> y llevadas a Gaza \u2013 incluyendo beb\u00e9s, chicos, abuelas de 85 a\u00f1os, hasta sobrevivientes del Holocausto. Estos rehenes luego ser\u00edan exhibidos como trofeos; Hamas subi\u00f3 videos donde se ve a ancianas secuestradas siendo ultrajadas, y a j\u00f3venes mujeres <strong>visiblemente violadas y agonizantes siendo arrastradas<\/strong>. Hubo <strong>m\u00faltiples casos de violaciones y agresiones sexuales<\/strong> durante el ataque (como confirm\u00f3 la enviada de la ONU Pramila Patten), aunque Hamas c\u00ednicamente lo niega. La crueldad lleg\u00f3 al punto de que <strong>obligaron a algunos cautivos a cavar su propia tumba ante la c\u00e1mara<\/strong>: por ejemplo, el joven Evyatar David, secuestrado del festival, fue filmado <strong>esquel\u00e9tico, hambriento, cavando lo que describi\u00f3 como \u201cmi propia tumba\u201d en un t\u00fanel de Gaza<\/strong>, mientras Hamas lo usa de propaganda macabra. Im\u00e1genes as\u00ed recuerdan las peores atrocidades de la Segunda Guerra Mundial. Nunca en su historia Israel hab\u00eda sufrido un golpe tan letal en un solo d\u00eda (ni siquiera en guerras convencionales). Este ataque de Hamas del 7-O fue <strong>claramente un intento de pogromo\/holocausto a peque\u00f1a escala<\/strong>: buscaron matar a cuantos jud\u00edos posibles cara a cara. <strong>\u00bfY c\u00f3mo reaccion\u00f3 la izquierda \u201cprogresista\u201d internacional?<\/strong> Aqu\u00ed es donde la m\u00e1scara cay\u00f3: en vez de una condena un\u00e1nime al terrorismo, <em>miles salieron a marchar\u2026 en apoyo de Palestina.<\/em> S\u00ed, tal cual. El mismo d\u00eda de la masacre, en ciudades occidentales hubo celebraciones y discursos justificando a Hamas, llamando \u201cresistencia leg\u00edtima\u201d a lo ocurrido. <em>Activistas woke<\/em> tuvieron el descaro de decir que se trataba de \u201cleg\u00edtima respuesta a la ocupaci\u00f3n\u201d \u2013 como si violar y decapitar ni\u00f1os tuviera justificaci\u00f3n alguna. <strong>Universitarios en Harvard<\/strong> sacaron una carta responsabilizando <em>\u00a1a Israel mismo!<\/em> por la matanza de sus ciudadanos. Dirigentes de Black Lives Matter postearon im\u00e1genes de parapentes (alusi\u00f3n a los terroristas que cayeron en el festival) alabando la \u201cresistencia\u201d. En manifestaciones de Londres, Sydney, Nueva York y otros lugares se vieron multitudes <strong>vitoreando a Hamas<\/strong>, coreando <em>\u201cgas the Jews\u201d<\/em> (gas a los jud\u00edos) en algunos casos, o el cl\u00e1sico <em>\u201cfrom the river to the sea\u201d<\/em>. Es decir: <strong>pidiendo abiertamente la eliminaci\u00f3n de Israel<\/strong>, justo <em>mientras Hamas acababa de ejecutar esa idea en acto con 1.300 personas<\/em>. La <strong>hipocres\u00eda y vileza moral<\/strong> alcanz\u00f3 su cenit: estos supuestos \u201cantifascistas\u201d repet\u00edan consignas literalmente genocidas contra los jud\u00edos. <strong>Se convirtieron en aquello que juraban odiar<\/strong>. Como resumi\u00f3 un comentarista, <em>\u201clos autoproclamados justicieros sociales cambiaron a Gandhi por Hamas, a Martin Luther King por graffitis de \u2018Free Palestine\u2019, traicionando toda coherencia moral\u201d<\/em>. Porque no nos enga\u00f1emos: <strong>pedir la desaparici\u00f3n de Israel es pedir la limpieza \u00e9tnica de millones de jud\u00edos<\/strong>, ni m\u00e1s ni menos. Es el <em>leitmotiv<\/em> de Hamas desde su carta fundacional de 1988, donde citan el hadiz que <em>ordena a los musulmanes matar jud\u00edos hasta el D\u00eda del Juicio<\/em>. Hamas pregona abiertamente en su ideolog\u00eda que <em>\u201cIsrael existir\u00e1 hasta que el Islam la destruya\u201d<\/em> y que <em>\u201ccada jud\u00edo debe ser eliminado\u201d<\/em><a href=\"https:\/\/avalon.law.yale.edu\/21st_century\/hamas.asp#:~:text=%3E%20,would%20not%20do\" target=\"_blank\" rel=\"noreferrer noopener\">avalon.law.yale.edu<\/a>. Esto es xenofobia y odio religioso genocida en estado puro \u2013 no tiene nada que ver con derechos territoriales ni con justicia social. Hamas no oculta que su lucha es santa (y antisemita) y que no acepta \u201cotra forma de ver la vida\u201d que no sea la shar\u00eda<a href=\"https:\/\/avalon.law.yale.edu\/21st_century\/hamas.asp#:~:text=Article%20One%3A\" target=\"_blank\" rel=\"noreferrer noopener\">avalon.law.yale.edu<\/a><a href=\"https:\/\/avalon.law.yale.edu\/21st_century\/hamas.asp#:~:text=Article%20Six%3A\" target=\"_blank\" rel=\"noreferrer noopener\">avalon.law.yale.edu<\/a>. <strong>Eliminar de mi tierra al que considero extranjero por su fe o etnia<\/strong> es la definici\u00f3n misma de <em>fascismo xen\u00f3fobo<\/em>. Y sin embargo, <strong>los progresistas actuales defienden ese argumento<\/strong> cuando se trata de los jud\u00edos en Israel, contradiciendo completamente su supuesta ideolog\u00eda pro-inmigrante y antirracista. Es un giro orwelliano: la izquierda que dice combatir el fascismo, termina haciendo eco de las consignas nazis (<em>\u201cJuden raus\u201d<\/em> \u2013 jud\u00edos fuera). Tras el 7-O, en vez de empat\u00eda con Israel, los \u201cwoke\u201d pidieron \u201calto el fuego\u201d inmediato, culpando a Israel por responder. O directamente clamaron \u201celiminar el apartheid israel\u00ed\u201d \u2013 en otras palabras, <strong>celebraron la intenci\u00f3n de Hamas de borrar a Israel del mapa<\/strong>. Ver esto produce indignaci\u00f3n y tristeza: la misma receta antisemita de los a\u00f1os 30, reciclada en bocas que se creen progresistas. Hoy se puede afirmar que <strong>cierto progresismo se ha convertido en el nuevo nazismo<\/strong> \u2013 quiz\u00e1s sin esv\u00e1sticas, pero con el mismo odio irracional hacia los jud\u00edos, disfrazado de causa noble.<\/p>\n\n\n\n<figure class=\"wp-block-image size-full\"><img loading=\"lazy\" decoding=\"async\" width=\"760\" height=\"469\" src=\"https:\/\/elliberador.com\/wp-content\/uploads\/2025\/08\/ARCHI_1032043.jpg\" alt=\"\" class=\"wp-image-3532\" srcset=\"https:\/\/elliberador.com\/wp-content\/uploads\/2025\/08\/ARCHI_1032043.jpg 760w, https:\/\/elliberador.com\/wp-content\/uploads\/2025\/08\/ARCHI_1032043-300x185.jpg 300w\" sizes=\"(max-width: 760px) 100vw, 760px\" \/><figcaption class=\"wp-element-caption\">Shani Luok era una joven alemana que fue secuestrada y decapitada despu\u00e9s de m\u00faltiples abusos sexuales por terroristas isl\u00e1micos<\/figcaption><\/figure>\n\n\n\n<h2 class=\"wp-block-heading\">La hipocres\u00eda progresista al desnudo<\/h2>\n\n\n\n<p>A la luz de todos estos eventos hist\u00f3ricos, es claro que <strong>Israel ha enfrentado agresiones violentas constantes, motivadas m\u00e1s por odio \u00e9tnico-religioso que por leg\u00edtimas aspiraciones pol\u00edticas<\/strong>. La <em>narrativa<\/em> de que \u201clos palestinos solo luchan contra la ocupaci\u00f3n\u201d se desmorona cuando revisamos masacres como Hebr\u00f3n 1929 (cuando no hab\u00eda Estado de Israel a\u00fan), ataques como Lod 1972 o Ma\u2019alot 1974 (que no ten\u00edan relaci\u00f3n con territorios ocupados) o el asesinato de civiles en 2023 (que no fue en Cisjordania sino dentro de Israel). Lo que subyace es la ideolog\u00eda de que <em>el jud\u00edo no pertenece al Medio Oriente y debe ser expulsado o exterminado<\/em>. Eso es <strong>xenofobia supremacista<\/strong>, an\u00e1loga a cualquier racismo. <strong>Lo incoherente<\/strong> es que <em>esa misma postura<\/em> (echar a un pueblo de \u201cmi tierra\u201d) es aplaudida por quienes en otros contextos condenan el racismo. Imaginen a europeos diciendo \u201clos inmigrantes musulmanes no pertenecen, que se vayan\u201d; los progres les dir\u00edan fascistas. Pero cuando <em>Hamas<\/em> o el <em>Mufti<\/em> dicen \u201clos jud\u00edos no pertenecen a Palestina, que se vayan o los matamos\u201d, esos mismos progres lo ven <strong>leg\u00edtimo<\/strong>. Estamos ante una <strong>doble moral repugnante<\/strong> que solo se explica por prejuicio. De hecho, gran parte de la izquierda internacional odia a Israel tambi\u00e9n por ser un pa\u00eds exitoso econ\u00f3mica y militarmente en medio Oriente; <em>no soportan<\/em> que un pa\u00eds jud\u00edo haya prosperado donde los experimentos socialistas \u00e1rabes fracasaron. Por eso demonizan su desarrollo como \u201cprivilegio colonial\u201d y abrazan la causa palestina como la de \u201cpobres oprimidos\u201d. En el fondo yace el mismo resentimiento de siempre al \u00e9xito jud\u00edo \u2013 sea en negocios, ciencia o construir un Estado. Hoy vemos a estos progresistas en Occidente <strong>difundiendo teor\u00edas conspirativas<\/strong> (que Israel es \u201ccolonial\u201d, que controla gobiernos, etc.) que son recalcos de libelos antisemitas cl\u00e1sicos, solo que cambiando algunas palabras.<\/p>\n\n\n\n<p>En conclusi\u00f3n, la <strong>historia real<\/strong> muestra que la violencia en esta regi\u00f3n no es un cuento de blanco y negro donde Israel es \u201cmalo opresor\u201d y Palestina \u201cv\u00edctima inocente\u201d. Ha habido <em>ofensivas, masacres y terrorismo despiadado<\/em> impulsados por el lado \u00e1rabe\/isl\u00e1mico mucho antes y despu\u00e9s de 1967. Israel, como cualquier naci\u00f3n, ha cometido errores y excesos, pero <em>ninguno equivalentes a masacrar ni\u00f1os deliberadamente<\/em>. Pese a ello, la izquierda \u201cwoke\u201d global ha ca\u00eddo en una posici\u00f3n insostenible: por odio a Israel (y al occidente democr\u00e1tico que representa), <strong>justifican o minimizan cr\u00edmenes que repugnan a la conciencia<\/strong>. Su discurso supuestamente \u201cantifascista\u201d se vac\u00eda de contenido cuando <strong>piden eliminar Israel del mapa<\/strong>, replicando la letan\u00eda nazi de aniquilar jud\u00edos, <em>pero crey\u00e9ndose virtuosos por hacerlo<\/em>. Esta es quiz\u00e1s una de las mayores <strong>hipocres\u00edas morales de nuestro tiempo<\/strong>. Quienes de verdad defienden los <em>derechos humanos universales<\/em> deben rechazar esa doble vara. No se puede clamar \u201cNi Una Menos\u201d y luego apoyar a quienes violan y someten mujeres en nombre de Al\u00e1; no se puede gritar \u201cNo al racismo\u201d y luego vitorear a terroristas que deg\u00fcellan familias por ser de otra etnia. Lamentablemente, los \u201cprogres\u201d radicales de hoy han perdido esa br\u00fajula \u00e9tica. Se han envuelto en un <strong>orgullo performativo<\/strong>, un <em>\u201cmorality cosplay\u201d<\/em> donde Hamas es su Che Guevara y la verdad no importa. Pero los hechos son tozudos: <strong>Hamas es un grupo yihadista genocida<\/strong>, y avalarlo (expl\u00edcita o t\u00e1citamente) es avalar el genocidio.<\/p>\n\n\n\n<p>Israel tiene <strong>derecho a existir y a defender a su gente<\/strong>, tanto como cualquier otro pa\u00eds \u2013 ni m\u00e1s ni menos. Y <em>los jud\u00edos tienen tanto derecho a vivir en Medio Oriente como los \u00e1rabes en Europa<\/em>, as\u00ed de simple. Negar eso es racismo. Punto. La pr\u00f3xima vez que alg\u00fan militante \u201cprogre\u201d repita consignas anti-Israel, que se pregunte sinceramente: <em>\u00bfAcaso estoy pidiendo para los jud\u00edos algo que jam\u00e1s aprobar\u00eda que se haga con otro pueblo?<\/em> Si la respuesta es s\u00ed, tal vez deber\u00eda mirarse al espejo y reconocer el <strong>antisemitismo<\/strong> (consciente o no) que lo est\u00e1 carcomiendo. Porque al final, como reza el dicho: <em>\u201cEl antisemitismo es el socialismo de los tontos\u201d<\/em>. Y hoy, tristemente, <strong>muchos tontos \u00fatiles<\/strong> disfrazados de justicieros sociales est\u00e1n repitiendo los mismos odios de anta\u00f1o. La historia ya nos ense\u00f1\u00f3 lo que pasa cuando esas ideas prosperan. No podemos permitir que se repita. Es hora de <strong>desenmascarar la hipocres\u00eda<\/strong> y llamar a las cosas por su nombre: <em>terrorismo es terrorismo<\/em>, <em>fascismo es fascismo<\/em>, <em>venga de derecha o de izquierda, de cristianos o de musulmanes<\/em>. Y apoyar a Hamas o justificar sus masacres <strong>es caer en el fascismo m\u00e1s abyecto<\/strong>, aunque uno se pinte de todos los colores del arco\u00edris mientras lo hace.<\/p>\n\n\n\n<figure class=\"wp-block-image size-large\"><img loading=\"lazy\" decoding=\"async\" width=\"1024\" height=\"576\" src=\"https:\/\/elliberador.com\/wp-content\/uploads\/2025\/08\/X5322PAUUZEMXJK7EU3WDMDFZ4-1-1024x576.avif\" alt=\"\" class=\"wp-image-3535\" srcset=\"https:\/\/elliberador.com\/wp-content\/uploads\/2025\/08\/X5322PAUUZEMXJK7EU3WDMDFZ4-1-1024x576.avif 1024w, https:\/\/elliberador.com\/wp-content\/uploads\/2025\/08\/X5322PAUUZEMXJK7EU3WDMDFZ4-1-300x169.avif 300w, https:\/\/elliberador.com\/wp-content\/uploads\/2025\/08\/X5322PAUUZEMXJK7EU3WDMDFZ4-1-768x432.avif 768w, https:\/\/elliberador.com\/wp-content\/uploads\/2025\/08\/X5322PAUUZEMXJK7EU3WDMDFZ4-1.avif 1200w\" sizes=\"(max-width: 1024px) 100vw, 1024px\" \/><figcaption class=\"wp-element-caption\">Reh\u00e9n israel\u00ed con visible desnutrici\u00f3n siendo reh\u00e9n de soldados, imagen que se asemeja al antisemitismo nazi, pero en la actualidad<\/figcaption><\/figure>\n\n\n\n<p><strong>Fuentes consultadas:<\/strong> Los datos hist\u00f3ricos mencionados se respaldan en abundante documentaci\u00f3n: por ejemplo, registros del Mandato Brit\u00e1nico (e.g., informe Haycraft) sobre los disturbios de 1921<a href=\"https:\/\/en.wikipedia.org\/wiki\/List_of_killings_and_massacres_in_Mandatory_Palestine#:~:text=an%20Arab%20rally,18%E2%80%9320%20Jews%20killed%3B%2080\" target=\"_blank\" rel=\"noreferrer noopener\">en.wikipedia.org<\/a>, la lista detallada de masacres en el Mandato<a href=\"https:\/\/en.wikipedia.org\/wiki\/List_of_killings_and_massacres_in_Mandatory_Palestine#:~:text=Arabs%20wounded.,by%20a%20recent%20Jewish%20demonstration\" target=\"_blank\" rel=\"noreferrer noopener\">en.wikipedia.org<\/a>, estudios que cuantifican las v\u00edctimas jud\u00edas de la revuelta de 1936-39<a href=\"https:\/\/www.jewishvirtuallibrary.org\/the-1936-arab-riots#:~:text=Eighty%20Jews%20were%20murdered%20by,15%2C000%20wounded%2C%20and%205%2C600%20imprisoned\" target=\"_blank\" rel=\"noreferrer noopener\">jewishvirtuallibrary.org<\/a>, testimonios de la masacre de Hebr\u00f3n 1929 recogidos en prensa de la \u00e9poca<a href=\"https:\/\/en.wikipedia.org\/wiki\/List_of_killings_and_massacres_in_Mandatory_Palestine#:~:text=Arabs%20wounded.,by%20a%20recent%20Jewish%20demonstration\" target=\"_blank\" rel=\"noreferrer noopener\">en.wikipedia.org<\/a>, recuentos period\u00edsticos y acad\u00e9micos de los ataques terroristas de los 60, 70 y 80 \u2013 como el <em>atentado de Lod<\/em> con 26 muertos<a href=\"https:\/\/israeled.org\/26-killed-in-lod-airport-massacre\/#:~:text=Three%20Japanese%20Red%20Army%20terrorists,Israel%E2%80%99s%20fourth%20president%20in%201973\" target=\"_blank\" rel=\"noreferrer noopener\">israeled.org<\/a>, la masacre de la ruta costera con 38 muertos incluyendo 13 ni\u00f1os<a href=\"https:\/\/en.wikipedia.org\/wiki\/Coastal_road_massacre#:~:text=The%20coastal%20road%20massacre%20occurred,hostage%20to%20exchange%20them%20for\" target=\"_blank\" rel=\"noreferrer noopener\">en.wikipedia.org<\/a>, o la <em>masacre de Ma\u2019alot<\/em> con 22 ni\u00f1os asesinados<a href=\"https:\/\/www.worldjewishcongress.org\/en\/news\/this-week-in-jewish-history--palestinian-terrorists-kills-25-hostages-in-maalot-massacre#:~:text=On%2015%20May%201974%2C%20three,of%20the%20State%20of%20Israel\" target=\"_blank\" rel=\"noreferrer noopener\">worldjewishcongress.org<\/a>. Sobre la Segunda Intifada, reportes de instituciones israel\u00edes e internacionales confirman m\u00e1s de 1.000 israel\u00edes asesinados (mayor\u00eda civiles)<a href=\"https:\/\/en.wikipedia.org\/wiki\/Second_Intifada#:~:text=,names%20of%202%2C124%20Palestinian%20dead\" target=\"_blank\" rel=\"noreferrer noopener\">en.wikipedia.org<\/a>, con aproximadamente 78% de las v\u00edctimas siendo no combatientes<a href=\"https:\/\/en.wikipedia.org\/wiki\/List_of_Israeli_civilian_casualties_in_the_Second_Intifada#:~:text=Civilian%20casualties%20in%20the%20Second,2000%20%E2%80%93%202005%20were\" target=\"_blank\" rel=\"noreferrer noopener\">en.wikipedia.org<\/a>. El ataque de Hamas en 2023 ha sido ampliamente documentado: medios y fuentes oficiales cifran ~1.200 muertos<a href=\"https:\/\/blogs.timesofisrael.com\/rising-antisemitism-israel-and-global-hypocrisy\/#:~:text=The%20aftermath%20of%20Hamas%E2%80%99s%20brutal,have%20long%20been%20considered%20allies\" target=\"_blank\" rel=\"noreferrer noopener\">blogs.timesofisrael.com<\/a> y ~250 secuestrados, con evidencias de atrocidades (ONU, medios como <em>BBC, AP<\/em> y testimonios de forenses que confirman torturas, violaciones y decapitaciones). Hamas mismo difundi\u00f3 el video del reh\u00e9n cavando su tumba<a href=\"https:\/\/www.ndtv.com\/world-news\/israel-hamas-mossad-video-starving-israeli-hostage-digs-his-own-grave-inside-hamas-tunnel-9009851#:~:text=A%20video%20released%20by%20the,grave%20in%20an%20underground%20tunnel\" target=\"_blank\" rel=\"noreferrer noopener\">ndtv.com<\/a><a href=\"https:\/\/www.ndtv.com\/world-news\/israel-hamas-mossad-video-starving-israeli-hostage-digs-his-own-grave-inside-hamas-tunnel-9009851#:~:text=,my%20bed%20with%20my%20family\" target=\"_blank\" rel=\"noreferrer noopener\">ndtv.com<\/a>. Y la propia carta fundacional de Hamas proclama la guerra religiosa total (<em>\u201cel D\u00eda del Juicio no vendr\u00e1 hasta que los musulmanes maten a los jud\u00edos\u201d<\/em><a href=\"https:\/\/avalon.law.yale.edu\/21st_century\/hamas.asp#:~:text=%3E%20,would%20not%20do\" target=\"_blank\" rel=\"noreferrer noopener\">avalon.law.yale.edu<\/a>). Asimismo, se han citado columnas contempor\u00e1neas que ilustran la respuesta progresista: por ejemplo, <em>The Times of Israel<\/em> report\u00f3 c\u00f3mo en Europa las protestas \u201cpro-Palestina\u201d incluyen lemas que abogan por la desaparici\u00f3n de Israel<a href=\"https:\/\/blogs.timesofisrael.com\/rising-antisemitism-israel-and-global-hypocrisy\/#:~:text=While%20these%20events%20often%20claim,about%20a%20surge%20in%20antisemitism\" target=\"_blank\" rel=\"noreferrer noopener\">blogs.timesofisrael.com<\/a>, y c\u00f3mo figuras de la izquierda espa\u00f1ola culpan solo a Israel mientras omiten los cr\u00edmenes de Hamas<a href=\"https:\/\/blogs.timesofisrael.com\/rising-antisemitism-israel-and-global-hypocrisy\/#:~:text=Meanwhile%2C%20in%20Spain%2C%20prominent%20left,often%20spills%20over%20into%20antisemitism\" target=\"_blank\" rel=\"noreferrer noopener\">blogs.timesofisrael.com<\/a>. Otra columna sat\u00edrica expone la incoherencia de colectivos LGBT y feministas apoyando a islamistas que los ejecutar\u00edan<a href=\"https:\/\/blogs.timesofisrael.com\/when-woke-meets-hamas-the-hypocrisy-olympics\/#:~:text=You%E2%80%99ve%20got%20Pride%20activists%2C%20LGBTQ%2B,%E2%80%9D\" target=\"_blank\" rel=\"noreferrer noopener\">blogs.timesofisrael.com<\/a><a href=\"https:\/\/blogs.timesofisrael.com\/when-woke-meets-hamas-the-hypocrisy-olympics\/#:~:text=Next%20stop%3A%20Feminist%20solidarity,demand%2C%20no%20reading%20required\" target=\"_blank\" rel=\"noreferrer noopener\">blogs.timesofisrael.com<\/a>, y la falta de reacci\u00f3n de esos mismos grupos ante las mujeres israel\u00edes violadas y asesinadas el 7-O<a href=\"https:\/\/blogs.timesofisrael.com\/when-woke-meets-hamas-the-hypocrisy-olympics\/#:~:text=You%20couldn%E2%80%99t%20write%20this%20as,No%20one%20would%20believe%20it\" target=\"_blank\" rel=\"noreferrer noopener\">blogs.timesofisrael.com<\/a>. En suma, la informaci\u00f3n citada proviene de fuentes verificables: historiograf\u00eda del conflicto, agencias de prensa, organismos de derechos humanos y declaraciones de los propios actores involucrados, todo lo cual pinta un cuadro claro de los hechos y refuerza el an\u00e1lisis cr\u00edtico aqu\u00ed expuesto.<\/p>\n\n\n\n<p><strong>Conclusi\u00f3n:<\/strong> Israel ha sufrido una larga historia de agresiones motivadas por odio, y es <em>hip\u00f3crita e inmoral<\/em> que sectores que presumen de defender la justicia justifiquen o ignoren esas agresiones simplemente porque las v\u00edctimas son jud\u00edas. La coherencia exige <strong>condenar el terrorismo y el genocidio venga de quien venga<\/strong>, y reconocer el derecho de los jud\u00edos a vivir en paz en su tierra ancestral. Luchar contra el antisemitismo <strong>tambi\u00e9n<\/strong> es una causa de derechos humanos \u2013 una que tristemente muchos \u201cprogresistas\u201d han olvidado, quiz\u00e1s porque nunca la entendieron. Es hora de record\u00e1rselos con firmeza, con la historia en la mano, y sin miedo a \u201cherir sensibilidades\u201d woke: <strong>el odio a Israel es el nuevo antisemitismo<\/strong>, y tolerarlo es repetir los errores m\u00e1s oscuros del siglo XX. Ni m\u00e1s ni menos.<\/p>\n","protected":false},"excerpt":{"rendered":"<p>La historia del conflicto entre el mundo isl\u00e1mico y el pueblo jud\u00edo est\u00e1 plagada de masacres, pogromos y ataques terroristas contra Israel, justificados por fanatismo religioso y hoy blanqueados por el progresismo internacional. Desde los asesinatos en Hebr\u00f3n en 1929 hasta la masacre del 7 de octubre de 2023, el patr\u00f3n se repite: el odio antijud\u00edo disfrazado de \u201cresistencia\u201d y legitimado por sectores que, con doble vara, condenan el racismo en Occidente pero aplauden la xenofobia isl\u00e1mica contra Israel.<\/p>\n","protected":false},"author":2,"featured_media":3523,"comment_status":"open","ping_status":"open","sticky":false,"template":"","format":"standard","meta":{"_acf_changed":false,"advanced_seo_description":"","jetpack_seo_html_title":"","jetpack_seo_noindex":false,"_jetpack_memberships_contains_paid_content":false,"footnotes":""},"categories":[37],"tags":[20],"class_list":["post-3522","post","type-post","status-publish","format-standard","has-post-thumbnail","hentry","category-investigacion","tag-destacados"],"acf":[],"jetpack_featured_media_url":"https:\/\/elliberador.com\/wp-content\/uploads\/2025\/08\/X5322PAUUZEMXJK7EU3WDMDFZ4.avif","jetpack_sharing_enabled":true,"_links":{"self":[{"href":"https:\/\/elliberador.com\/index.php\/wp-json\/wp\/v2\/posts\/3522","targetHints":{"allow":["GET"]}}],"collection":[{"href":"https:\/\/elliberador.com\/index.php\/wp-json\/wp\/v2\/posts"}],"about":[{"href":"https:\/\/elliberador.com\/index.php\/wp-json\/wp\/v2\/types\/post"}],"author":[{"embeddable":true,"href":"https:\/\/elliberador.com\/index.php\/wp-json\/wp\/v2\/users\/2"}],"replies":[{"embeddable":true,"href":"https:\/\/elliberador.com\/index.php\/wp-json\/wp\/v2\/comments?post=3522"}],"version-history":[{"count":2,"href":"https:\/\/elliberador.com\/index.php\/wp-json\/wp\/v2\/posts\/3522\/revisions"}],"predecessor-version":[{"id":3538,"href":"https:\/\/elliberador.com\/index.php\/wp-json\/wp\/v2\/posts\/3522\/revisions\/3538"}],"wp:featuredmedia":[{"embeddable":true,"href":"https:\/\/elliberador.com\/index.php\/wp-json\/wp\/v2\/media\/3523"}],"wp:attachment":[{"href":"https:\/\/elliberador.com\/index.php\/wp-json\/wp\/v2\/media?parent=3522"}],"wp:term":[{"taxonomy":"category","embeddable":true,"href":"https:\/\/elliberador.com\/index.php\/wp-json\/wp\/v2\/categories?post=3522"},{"taxonomy":"post_tag","embeddable":true,"href":"https:\/\/elliberador.com\/index.php\/wp-json\/wp\/v2\/tags?post=3522"}],"curies":[{"name":"wp","href":"https:\/\/api.w.org\/{rel}","templated":true}]}}