{"id":3561,"date":"2025-08-26T20:14:49","date_gmt":"2025-08-26T23:14:49","guid":{"rendered":"https:\/\/elliberador.com\/?p=3561"},"modified":"2025-08-26T20:14:51","modified_gmt":"2025-08-26T23:14:51","slug":"ahmed-al-sharaa-el-ex-yihadista-que-hoy-preside-siria-soy-la-mayor-victima-del-estado-islamico","status":"publish","type":"post","link":"https:\/\/elliberador.com\/index.php\/2025\/08\/26\/ahmed-al-sharaa-el-ex-yihadista-que-hoy-preside-siria-soy-la-mayor-victima-del-estado-islamico\/","title":{"rendered":"Ahmed al-Sharaa, el ex yihadista que hoy preside Siria: \u201cSoy la mayor v\u00edctima del Estado Isl\u00e1mico\u201d"},"content":{"rendered":"\n<h3 class=\"wp-block-heading\">Un jefe que se define como v\u00edctima<\/h3>\n\n\n\n<p>Ahmed al\u2011Sharaa \u2014tambi\u00e9n conocido como Abu Mohammad al\u2011Jolani, ex l\u00edder del Frente Al\u2011Nusra y luego Hayat Tahrir al\u2011Sham\u2014 hoy asume la presidencia de Siria en medio del post\u2011ruptura con Al Assad. Desde su reaparici\u00f3n p\u00fablica, ha dicho en una conferencia con periodistas:<\/p>\n\n\n\n<blockquote class=\"wp-block-quote is-layout-flow wp-block-quote-is-layout-flow\">\n<p><em>\u201cSoy la mayor v\u00edctima del Estado Isl\u00e1mico\u201d<\/em> y \u201ctodas las ideolog\u00edas nacionalistas e islamistas han fracasado en la regi\u00f3n\u201d.<\/p>\n<\/blockquote>\n\n\n\n<p>El ex yihadista recalca que miles de sus hombres murieron combatiendo a ISIS, del cual asegura distanciarse desde hace a\u00f1os.<\/p>\n\n\n\n<h3 class=\"wp-block-heading\">De insurgente a presidente de transici\u00f3n<\/h3>\n\n\n\n<p>La trayectoria de al\u2011Sharaa es tan veloz como pol\u00e9mica: desertor de Al Qaeda en 2016, lider\u00f3 el golpe que derroc\u00f3 a Bashar al-Assad en diciembre de 2024. Desde entonces, fue gobernante de facto hasta ser nombrado presidente interino en enero de 2025, sin elecciones, durante una conferencia de comando militar insurgente.<\/p>\n\n\n\n<p>Anunci\u00f3 que las presidenciales podr\u00edan tardar entre cuatro y cinco a\u00f1os, lo que reflejar\u00eda una hoja de ruta hacia la normalizaci\u00f3n democr\u00e1tica, seg\u00fan su discurso .<\/p>\n\n\n\n<h3 class=\"wp-block-heading\">\u00bfUna nueva era o viejo radicalismo reciclado?<\/h3>\n\n\n\n<p>Al-Sharaa reivindica su lucha contra el Estado Isl\u00e1mico y su giro hacia la construcci\u00f3n institucional. Sin embargo, su pasado y el legado autoritario de HTS en Idlib generan dudas. \u00bfPuede confiarse en un dirigente que pas\u00f3 de proclamarse yihadista a pol\u00edtico moderado en cuesti\u00f3n de meses? Su memoria del Sal\u00f3n Omeya y su discurso oficial remiten a otra Siria \u2014pos Assad\u2014, pero el futuro amenaza con retomar los extremos del pasado.<\/p>\n\n\n\n<hr class=\"wp-block-separator has-alpha-channel-opacity\"\/>\n\n\n\n<h2 class=\"wp-block-heading\">Lo que deja esta encrucijada<\/h2>\n\n\n\n<p>Al-Sharaa juega su carta medi\u00e1tica m\u00e1s fuerte: definirse como v\u00edctima del fanatismo y proyectar un camino pol\u00edtico institucional. Su liderazgo, sin embargo, arrastra contradicciones y una legitimidad a\u00fan fr\u00e1gil. Si la transici\u00f3n avanza, Siria podr\u00e1 reconstruirse; si no, est\u00e1 en riesgo de retroceder hacia formas de poder m\u00e1s oscuras.<\/p>\n","protected":false},"excerpt":{"rendered":"<p>El l\u00edder insurgente que derrib\u00f3 a Al Assad en diciembre de 2024 reivindica en p\u00fablico su lucha contra el Estado Isl\u00e1mico y se posiciona como transici\u00f3n: \u201cTodas las ideolog\u00edas nacionalistas e islamistas han fracasado\u201d, afirma el flamante presidente sirio.<\/p>\n","protected":false},"author":2,"featured_media":3562,"comment_status":"open","ping_status":"open","sticky":false,"template":"","format":"standard","meta":{"_acf_changed":false,"advanced_seo_description":"","jetpack_seo_html_title":"","jetpack_seo_noindex":false,"_jetpack_memberships_contains_paid_content":false,"footnotes":""},"categories":[10],"tags":[20],"class_list":["post-3561","post","type-post","status-publish","format-standard","has-post-thumbnail","hentry","category-internacionales","tag-destacados"],"acf":[],"jetpack_featured_media_url":"https:\/\/elliberador.com\/wp-content\/uploads\/2025\/08\/DENXIPYF4JCCDN4WV2NCUESGBM.avif","jetpack_sharing_enabled":true,"_links":{"self":[{"href":"https:\/\/elliberador.com\/index.php\/wp-json\/wp\/v2\/posts\/3561","targetHints":{"allow":["GET"]}}],"collection":[{"href":"https:\/\/elliberador.com\/index.php\/wp-json\/wp\/v2\/posts"}],"about":[{"href":"https:\/\/elliberador.com\/index.php\/wp-json\/wp\/v2\/types\/post"}],"author":[{"embeddable":true,"href":"https:\/\/elliberador.com\/index.php\/wp-json\/wp\/v2\/users\/2"}],"replies":[{"embeddable":true,"href":"https:\/\/elliberador.com\/index.php\/wp-json\/wp\/v2\/comments?post=3561"}],"version-history":[{"count":1,"href":"https:\/\/elliberador.com\/index.php\/wp-json\/wp\/v2\/posts\/3561\/revisions"}],"predecessor-version":[{"id":3563,"href":"https:\/\/elliberador.com\/index.php\/wp-json\/wp\/v2\/posts\/3561\/revisions\/3563"}],"wp:featuredmedia":[{"embeddable":true,"href":"https:\/\/elliberador.com\/index.php\/wp-json\/wp\/v2\/media\/3562"}],"wp:attachment":[{"href":"https:\/\/elliberador.com\/index.php\/wp-json\/wp\/v2\/media?parent=3561"}],"wp:term":[{"taxonomy":"category","embeddable":true,"href":"https:\/\/elliberador.com\/index.php\/wp-json\/wp\/v2\/categories?post=3561"},{"taxonomy":"post_tag","embeddable":true,"href":"https:\/\/elliberador.com\/index.php\/wp-json\/wp\/v2\/tags?post=3561"}],"curies":[{"name":"wp","href":"https:\/\/api.w.org\/{rel}","templated":true}]}}