{"id":3564,"date":"2025-08-26T20:45:23","date_gmt":"2025-08-26T23:45:23","guid":{"rendered":"https:\/\/elliberador.com\/?p=3564"},"modified":"2025-08-26T20:48:22","modified_gmt":"2025-08-26T23:48:22","slug":"la-negacion-de-gustavo-petro-a-la-existencia-del-cartel-de-los-soles-siembra-mas-certezas-que-dudas","status":"publish","type":"post","link":"https:\/\/elliberador.com\/index.php\/2025\/08\/26\/la-negacion-de-gustavo-petro-a-la-existencia-del-cartel-de-los-soles-siembra-mas-certezas-que-dudas\/","title":{"rendered":"La negaci\u00f3n de Gustavo Petro a la existencia del C\u00e1rtel de los Soles siembra m\u00e1s certezas que dudas"},"content":{"rendered":"\n<p>Al declarar que <strong>\u201cel Cartel de los Soles no existe\u201d<\/strong>, Gustavo Petro se instala en una posici\u00f3n que no solo entra en conflicto con m\u00faltiples informes internacionales \u2014como los de la ONU, los pa\u00edses latinoamericanos y aliados del Caribe\u2014, sino que lo convierte en sospechoso de <strong>ser m\u00e1s que un contradicente: un c\u00f3mplice directo<\/strong>.<\/p>\n\n\n\n<h3 class=\"wp-block-heading\">La evidencia que Petro ignora activamente<\/h3>\n\n\n\n<ul class=\"wp-block-list\">\n<li><strong>ONU (JIFE)<\/strong>: En 2020, su informe reconoci\u00f3 que se han observado indicios confiables de una red delictiva dentro de las Fuerzas Armadas venezolanas, conocida como <em>Cartel de los Soles<\/em>. <\/li>\n\n\n\n<li><strong>Estados Unidos<\/strong>: Lo declar\u00f3 <strong>organizaci\u00f3n terrorista<\/strong>, vinculando a figuras como Nicol\u00e1s Maduro y Diosdado Cabello.<\/li>\n\n\n\n<li><strong>Argentina, Ecuador y Paraguay<\/strong>: Ya reconocieron y declararon al Cartel como tal.<\/li>\n\n\n\n<li><strong>Trinidad y Tobago y Curazao<\/strong> (Caribe): Apoyan la estrategia de EE.UU. contra este grupo criminal mar\u00edtimo.<\/li>\n\n\n\n<li>Adem\u00e1s, investigaciones judiciales y period\u00edsticas lo documentan como una estructura de narcotr\u00e1fico oficialista.<\/li>\n<\/ul>\n\n\n\n<h3 class=\"wp-block-heading\">Petro: m\u00e1s all\u00e1 de la inocencia, \u00bfcomplicidad?<\/h3>\n\n\n\n<p>Negar p\u00fablicamente lo que organismos de renombre internacional han confirmado, no es un desacuerdo ideol\u00f3gico: es alinearse con la criminalidad. Su discurso no siembra dudas, sino certezas: la <strong>complicidad<\/strong> se apellida silencio activo y negacionista.<\/p>\n\n\n\n<h3 class=\"wp-block-heading\">Y su pasado&#8230; \u00bfpertenece a todo esto?<\/h3>\n\n\n\n<ul class=\"wp-block-list\">\n<li><strong>M-19 y Pablo Escobar<\/strong>: Informes avalados por la Comisi\u00f3n de la Verdad y testimonios hist\u00f3ricos como los del sicario \u201cPopeye\u201d aseguran que Escobar financi\u00f3 la toma del Palacio de Justicia en 1985 con cerca de <strong>2 millones de d\u00f3lares en armas y efectivo<\/strong>, en un pacto con el M\u201119 para obstruir procesos judiciales claves como la extradici\u00f3n. <\/li>\n\n\n\n<li>Petro, como militante activo del M-19 en esa \u00e9poca, estaba dentro de esa estructura guerrillera. \u00bfSus v\u00ednculos se disolvieron o persistieron con el tiempo? Su negaci\u00f3n actual no silencia el pasado, <strong>exige explicaciones claras, no evasivas para evitar la luz p\u00fablica<\/strong>.<\/li>\n<\/ul>\n\n\n\n<hr class=\"wp-block-separator has-alpha-channel-opacity\"\/>\n\n\n\n<h3 class=\"wp-block-heading\">Conclusi\u00f3n editorial<\/h3>\n\n\n\n<p>Negar la existencia del Cartel de los Soles cuando la ONU, EE.UU., gobiernos vecinos y aliados regionales lo confirman es insostenible. Petro no est\u00e1 lejos de la controversia: est\u00e1 en la l\u00ednea de sospecha de <strong>encubrimiento o complicidad consciente<\/strong> con una estructura criminal.<\/p>\n\n\n\n<p>Y cuando su pasado guerrillero incluye alianzas con narcotraficantes, su defensa activa del Cartel deja de ser \u201cmaldestreza pol\u00edtica\u201d y se convierte en una amenaza al Estado de derecho y la democracia.<\/p>\n","protected":false},"excerpt":{"rendered":"<p>La negaci\u00f3n de Gustavo Petro sobre la existencia del Cartel de los Soles ya no parece un error pol\u00edtico, sino una se\u00f1al de complicidad. Mientras ONU, EE.UU. y pa\u00edses de la regi\u00f3n \u2014como Argentina, Ecuador y Paraguay\u2014 lo reconocen como organizaci\u00f3n terrorista, y aliados caribe\u00f1os se suman a combatirlo, el presidente colombiano insiste en descartarlo, pese a pruebas abrumadoras y a su propio pasado guerrillero con v\u00ednculos al narcotr\u00e1fico. Su discurso no genera dudas: siembra certezas de encubrimiento y pone a Colombia del lado del crimen organizado.<\/p>\n","protected":false},"author":2,"featured_media":3565,"comment_status":"open","ping_status":"open","sticky":false,"template":"","format":"standard","meta":{"_acf_changed":false,"advanced_seo_description":"","jetpack_seo_html_title":"","jetpack_seo_noindex":false,"_jetpack_memberships_contains_paid_content":false,"footnotes":""},"categories":[10],"tags":[20],"class_list":["post-3564","post","type-post","status-publish","format-standard","has-post-thumbnail","hentry","category-internacionales","tag-destacados"],"acf":[],"jetpack_featured_media_url":"https:\/\/elliberador.com\/wp-content\/uploads\/2025\/08\/ZGQEFYSOLVCGJHDEG2SCMP3JAQ.avif","jetpack_sharing_enabled":true,"_links":{"self":[{"href":"https:\/\/elliberador.com\/index.php\/wp-json\/wp\/v2\/posts\/3564","targetHints":{"allow":["GET"]}}],"collection":[{"href":"https:\/\/elliberador.com\/index.php\/wp-json\/wp\/v2\/posts"}],"about":[{"href":"https:\/\/elliberador.com\/index.php\/wp-json\/wp\/v2\/types\/post"}],"author":[{"embeddable":true,"href":"https:\/\/elliberador.com\/index.php\/wp-json\/wp\/v2\/users\/2"}],"replies":[{"embeddable":true,"href":"https:\/\/elliberador.com\/index.php\/wp-json\/wp\/v2\/comments?post=3564"}],"version-history":[{"count":2,"href":"https:\/\/elliberador.com\/index.php\/wp-json\/wp\/v2\/posts\/3564\/revisions"}],"predecessor-version":[{"id":3568,"href":"https:\/\/elliberador.com\/index.php\/wp-json\/wp\/v2\/posts\/3564\/revisions\/3568"}],"wp:featuredmedia":[{"embeddable":true,"href":"https:\/\/elliberador.com\/index.php\/wp-json\/wp\/v2\/media\/3565"}],"wp:attachment":[{"href":"https:\/\/elliberador.com\/index.php\/wp-json\/wp\/v2\/media?parent=3564"}],"wp:term":[{"taxonomy":"category","embeddable":true,"href":"https:\/\/elliberador.com\/index.php\/wp-json\/wp\/v2\/categories?post=3564"},{"taxonomy":"post_tag","embeddable":true,"href":"https:\/\/elliberador.com\/index.php\/wp-json\/wp\/v2\/tags?post=3564"}],"curies":[{"name":"wp","href":"https:\/\/api.w.org\/{rel}","templated":true}]}}