{"id":3569,"date":"2025-08-26T21:17:39","date_gmt":"2025-08-27T00:17:39","guid":{"rendered":"https:\/\/elliberador.com\/?p=3569"},"modified":"2025-08-26T21:41:42","modified_gmt":"2025-08-27T00:41:42","slug":"bolivia-la-liberacion-de-jeanine-anez-desnuda-la-manipulacion-politica-de-la-justicia","status":"publish","type":"post","link":"https:\/\/elliberador.com\/index.php\/2025\/08\/26\/bolivia-la-liberacion-de-jeanine-anez-desnuda-la-manipulacion-politica-de-la-justicia\/","title":{"rendered":"Tras cuatro a\u00f1os como presa pol\u00edtica y la derrota del socialismo en las urnas liberan en Bolivia a Jeanine \u00c1\u00f1ez"},"content":{"rendered":"\n<p><strong>Jeanine \u00c1\u00f1ez<\/strong>, expresidente interina de Bolivia, fue liberada tras una resoluci\u00f3n judicial que ordena revisar su detenci\u00f3n. El hecho llega justo despu\u00e9s de la derrota electoral del MAS, confirmando que su prisi\u00f3n fue un instrumento de persecuci\u00f3n pol\u00edtica y no un proceso imparcial.<\/p>\n\n\n\n<h3 class=\"wp-block-heading\">Asumi\u00f3 la Presidencia por la l\u00ednea sucesoria<\/h3>\n\n\n\n<p>Con la renuncia de Evo Morales, del vicepresidente \u00c1lvaro Garc\u00eda Linera, de la presidente del Senado Adriana Salvatierra y del presidente de Diputados V\u00edctor Borda, \u00c1\u00f1ez, como segunda vicepresidente del Senado, qued\u00f3 en la l\u00ednea de sucesi\u00f3n. El <strong>Tribunal Constitucional Plurinacional<\/strong> aval\u00f3 su asunci\u00f3n. No hubo golpe ni ilegalidad: se limit\u00f3 a cumplir con la Constituci\u00f3n, asumir la Presidencia interina y convocar elecciones, que finalmente gan\u00f3 el MAS con Luis Arce.<\/p>\n\n\n\n<h3 class=\"wp-block-heading\">Condena pol\u00edtica y prisi\u00f3n<\/h3>\n\n\n\n<p>En 2021, ya con el MAS nuevamente en el poder, \u00c1\u00f1ez fue detenida y procesada por terrorismo, sedici\u00f3n e incumplimiento de deberes. En 2022 recibi\u00f3 una condena de 10 a\u00f1os. Organismos internacionales como la OEA, la ONU y Human Rights Watch denunciaron que se trat\u00f3 de un proceso pol\u00edtico con graves irregularidades y sin garant\u00edas de imparcialidad.<\/p>\n\n\n\n<h3 class=\"wp-block-heading\">A\u00f1os de prisi\u00f3n y deterioro de salud<\/h3>\n\n\n\n<p>Durante casi cuatro a\u00f1os estuvo encerrada en la c\u00e1rcel de Obrajes. Padeci\u00f3 hipertensi\u00f3n, depresi\u00f3n, infecciones recurrentes, intentos de suicidio y hasta una huelga de hambre. Sus pedidos de atenci\u00f3n m\u00e9dica fueron deso\u00eddos sistem\u00e1ticamente, lo que mostr\u00f3 que su prisi\u00f3n era m\u00e1s un castigo ejemplificador que una medida judicial basada en derecho.<\/p>\n\n\n\n<h3 class=\"wp-block-heading\">El giro tras la ca\u00edda del MAS<\/h3>\n\n\n\n<p>El Tribunal Supremo de Justicia decidi\u00f3 su liberaci\u00f3n luego de que el MAS recibiera un duro rev\u00e9s electoral. El mismo sistema que hab\u00eda convalidado su encarcelamiento durante a\u00f1os ahora se \u201ccorrige\u201d al percibir que el poder del partido gobernante ya no garantiza protecci\u00f3n a sus operadores judiciales.<\/p>\n\n\n\n<h3 class=\"wp-block-heading\">Justicia al servicio de la pol\u00edtica<\/h3>\n\n\n\n<p>El caso de \u00c1\u00f1ez revela con crudeza c\u00f3mo la justicia en Bolivia responde a los intereses del poder pol\u00edtico de turno. Su encarcelamiento no fue para reparar un delito inexistente, sino para disciplinar a toda voz disidente. Y su liberaci\u00f3n no obedece a un acto de justicia genuina, sino a un c\u00e1lculo de conveniencia del mismo aparato que la encarcel\u00f3.<\/p>\n","protected":false},"excerpt":{"rendered":"<p>La liberaci\u00f3n de Jeanine \u00c1\u00f1ez confirma lo que se sab\u00eda: su prisi\u00f3n fue una decisi\u00f3n pol\u00edtica del MAS para disciplinar a toda disidencia. \u00c1\u00f1ez asumi\u00f3 la Presidencia por la l\u00ednea constitucional tras las renuncias de Evo Morales y toda la c\u00fapula oficialista, organiz\u00f3 elecciones y entreg\u00f3 el poder en tiempo y forma. Sin embargo, la justicia \u2014cooptada por el socialismo\u2014 la encarcel\u00f3 con causas armadas. Hoy, tras la derrota del MAS, el mismo sistema que la castig\u00f3 la libera, dejando en evidencia que en Bolivia la justicia no es independiente, sino un instrumento de la pol\u00edtica y del poder.<\/p>\n","protected":false},"author":2,"featured_media":3570,"comment_status":"open","ping_status":"open","sticky":false,"template":"","format":"standard","meta":{"_acf_changed":false,"advanced_seo_description":"","jetpack_seo_html_title":"","jetpack_seo_noindex":false,"_jetpack_memberships_contains_paid_content":false,"footnotes":""},"categories":[10],"tags":[20],"class_list":["post-3569","post","type-post","status-publish","format-standard","has-post-thumbnail","hentry","category-internacionales","tag-destacados"],"acf":[],"jetpack_featured_media_url":"https:\/\/elliberador.com\/wp-content\/uploads\/2025\/08\/WOPGJWPGSBAZFKN5BL364RW3GY.avif","jetpack_sharing_enabled":true,"_links":{"self":[{"href":"https:\/\/elliberador.com\/index.php\/wp-json\/wp\/v2\/posts\/3569","targetHints":{"allow":["GET"]}}],"collection":[{"href":"https:\/\/elliberador.com\/index.php\/wp-json\/wp\/v2\/posts"}],"about":[{"href":"https:\/\/elliberador.com\/index.php\/wp-json\/wp\/v2\/types\/post"}],"author":[{"embeddable":true,"href":"https:\/\/elliberador.com\/index.php\/wp-json\/wp\/v2\/users\/2"}],"replies":[{"embeddable":true,"href":"https:\/\/elliberador.com\/index.php\/wp-json\/wp\/v2\/comments?post=3569"}],"version-history":[{"count":3,"href":"https:\/\/elliberador.com\/index.php\/wp-json\/wp\/v2\/posts\/3569\/revisions"}],"predecessor-version":[{"id":3575,"href":"https:\/\/elliberador.com\/index.php\/wp-json\/wp\/v2\/posts\/3569\/revisions\/3575"}],"wp:featuredmedia":[{"embeddable":true,"href":"https:\/\/elliberador.com\/index.php\/wp-json\/wp\/v2\/media\/3570"}],"wp:attachment":[{"href":"https:\/\/elliberador.com\/index.php\/wp-json\/wp\/v2\/media?parent=3569"}],"wp:term":[{"taxonomy":"category","embeddable":true,"href":"https:\/\/elliberador.com\/index.php\/wp-json\/wp\/v2\/categories?post=3569"},{"taxonomy":"post_tag","embeddable":true,"href":"https:\/\/elliberador.com\/index.php\/wp-json\/wp\/v2\/tags?post=3569"}],"curies":[{"name":"wp","href":"https:\/\/api.w.org\/{rel}","templated":true}]}}