{"id":3576,"date":"2025-08-26T21:53:09","date_gmt":"2025-08-27T00:53:09","guid":{"rendered":"https:\/\/elliberador.com\/?p=3576"},"modified":"2025-08-27T11:20:13","modified_gmt":"2025-08-27T14:20:13","slug":"la-inminiente-liberacion-de-mas-presos-politicos-tras-la-derrota-del-socialismo-en-las-urnas-desnuda-la-falsa-democracia-que-existia-en-bolivia","status":"publish","type":"post","link":"https:\/\/elliberador.com\/index.php\/2025\/08\/26\/la-inminiente-liberacion-de-mas-presos-politicos-tras-la-derrota-del-socialismo-en-las-urnas-desnuda-la-falsa-democracia-que-existia-en-bolivia\/","title":{"rendered":"La liberaci\u00f3n de m\u00e1s presos pol\u00edticos tras la derrota del socialismo en las urnas desnuda la falsa democracia que exist\u00eda en Bolivia"},"content":{"rendered":"\n<p>La audiencia judicial que liber\u00f3 a <strong>Luis Fernando Camacho<\/strong> y <strong>Marco Antonio Pumari<\/strong> deja al descubierto una realidad que los bolivianos conocen hace tiempo: la justicia no funciona como un poder independiente, sino como un ap\u00e9ndice del poder pol\u00edtico. Ambos dirigentes opositores pasaron <strong>tres y cuatro a\u00f1os presos preventivamente sin juicio firme<\/strong>, en un pa\u00eds donde la prisi\u00f3n preventiva deber\u00eda durar solo seis meses. Reci\u00e9n ahora, despu\u00e9s de la <strong>paliza electoral sufrida por el MAS<\/strong>, el Tribunal Supremo de Justicia ordena revisar sus detenciones.<\/p>\n\n\n\n<hr class=\"wp-block-separator has-alpha-channel-opacity\"\/>\n\n\n\n<h3 class=\"wp-block-heading\">Una justicia de conveniencia<\/h3>\n\n\n\n<p>Durante todo este tiempo, jueces y fiscales hicieron silencio frente a la persecuci\u00f3n contra Camacho, Pumari y Jeanine \u00c1\u00f1ez. La excusa era siempre la misma: \u201chay procesos en curso\u201d. Pero la realidad es que se trataba de un mecanismo de disciplinamiento pol\u00edtico. La liberaci\u00f3n de \u00c1\u00f1ez hace pocos d\u00edas y el inminente fallo a favor de Camacho y Pumari no muestran un despertar de la justicia, sino una <strong>adaptaci\u00f3n al nuevo mapa de poder<\/strong>: cuando el MAS mandaba, serv\u00edan a su mafia; ahora que el MAS perdi\u00f3, buscan acomodarse.<\/p>\n\n\n\n<hr class=\"wp-block-separator has-alpha-channel-opacity\"\/>\n\n\n\n<h3 class=\"wp-block-heading\">El carro\u00f1erismo pol\u00edtico-judicial<\/h3>\n\n\n\n<p>El caso refleja lo que en Bolivia se ha vuelto norma: una justicia que no defiende derechos, sino que <strong>mide la conveniencia pol\u00edtica del momento<\/strong>. No es casual que estos gestos lleguen justo ahora: el oficialismo perdi\u00f3 fuerza y los jueces temen quedar expuestos como c\u00f3mplices de la persecuci\u00f3n. Lo que deber\u00eda haber sido una garant\u00eda de libertades b\u00e1sicas, termin\u00f3 siendo una herramienta de represi\u00f3n primero y de <strong>oportunismo carro\u00f1ero despu\u00e9s<\/strong>.<\/p>\n\n\n\n<hr class=\"wp-block-separator has-alpha-channel-opacity\"\/>\n\n\n\n<h3 class=\"wp-block-heading\">Un precedente peligroso<\/h3>\n\n\n\n<p>El mensaje es claro: en Bolivia no existen presos pol\u00edticos por decisi\u00f3n de la justicia, sino por decisi\u00f3n del gobierno de turno. Y cuando ese gobierno se debilita, m\u00e1gicamente se abren las puertas de las c\u00e1rceles. La pregunta de fondo es inevitable: <strong>\u00bfqui\u00e9n protege a los ciudadanos si el poder judicial es solo otro engranaje de la casta pol\u00edtica?<\/strong><\/p>\n\n\n\n<p><\/p>\n","protected":false},"excerpt":{"rendered":"<p>La liberaci\u00f3n de Luis Fernando Camacho y Marco Antonio Pumari revela lo que siempre estuvo a la vista: en Bolivia no hubo justicia independiente, sino una farsa al servicio del MAS. La prisi\u00f3n de opositores fue utilizada como herramienta de persecuci\u00f3n pol\u00edtica y hoy, tras la derrota electoral del oficialismo, los mismos jueces que los mantuvieron presos se apresuran a corregir lo \u201cinsostenible\u201d. Una muestra m\u00e1s de la connivencia entre poder judicial y mafia pol\u00edtica.<\/p>\n","protected":false},"author":2,"featured_media":3577,"comment_status":"open","ping_status":"open","sticky":false,"template":"","format":"standard","meta":{"_acf_changed":false,"advanced_seo_description":"","jetpack_seo_html_title":"","jetpack_seo_noindex":false,"_jetpack_memberships_contains_paid_content":false,"footnotes":""},"categories":[10],"tags":[20],"class_list":["post-3576","post","type-post","status-publish","format-standard","has-post-thumbnail","hentry","category-internacionales","tag-destacados"],"acf":[],"jetpack_featured_media_url":"https:\/\/elliberador.com\/wp-content\/uploads\/2025\/08\/AH4EM72OKJG45H52YECUQKNZKI.avif","jetpack_sharing_enabled":true,"_links":{"self":[{"href":"https:\/\/elliberador.com\/index.php\/wp-json\/wp\/v2\/posts\/3576","targetHints":{"allow":["GET"]}}],"collection":[{"href":"https:\/\/elliberador.com\/index.php\/wp-json\/wp\/v2\/posts"}],"about":[{"href":"https:\/\/elliberador.com\/index.php\/wp-json\/wp\/v2\/types\/post"}],"author":[{"embeddable":true,"href":"https:\/\/elliberador.com\/index.php\/wp-json\/wp\/v2\/users\/2"}],"replies":[{"embeddable":true,"href":"https:\/\/elliberador.com\/index.php\/wp-json\/wp\/v2\/comments?post=3576"}],"version-history":[{"count":2,"href":"https:\/\/elliberador.com\/index.php\/wp-json\/wp\/v2\/posts\/3576\/revisions"}],"predecessor-version":[{"id":3579,"href":"https:\/\/elliberador.com\/index.php\/wp-json\/wp\/v2\/posts\/3576\/revisions\/3579"}],"wp:featuredmedia":[{"embeddable":true,"href":"https:\/\/elliberador.com\/index.php\/wp-json\/wp\/v2\/media\/3577"}],"wp:attachment":[{"href":"https:\/\/elliberador.com\/index.php\/wp-json\/wp\/v2\/media?parent=3576"}],"wp:term":[{"taxonomy":"category","embeddable":true,"href":"https:\/\/elliberador.com\/index.php\/wp-json\/wp\/v2\/categories?post=3576"},{"taxonomy":"post_tag","embeddable":true,"href":"https:\/\/elliberador.com\/index.php\/wp-json\/wp\/v2\/tags?post=3576"}],"curies":[{"name":"wp","href":"https:\/\/api.w.org\/{rel}","templated":true}]}}