{"id":3580,"date":"2025-08-27T11:25:49","date_gmt":"2025-08-27T14:25:49","guid":{"rendered":"https:\/\/elliberador.com\/?p=3580"},"modified":"2025-08-27T11:39:38","modified_gmt":"2025-08-27T14:39:38","slug":"piden-3-anos-y-8-meses-de-prision-para-anibal-fernandez-por-la-causa-futbol-para-todos","status":"publish","type":"post","link":"https:\/\/elliberador.com\/index.php\/2025\/08\/27\/piden-3-anos-y-8-meses-de-prision-para-anibal-fernandez-por-la-causa-futbol-para-todos\/","title":{"rendered":"Piden 3 a\u00f1os y 8 meses de prisi\u00f3n para An\u00edbal Fern\u00e1ndez por la causa \u201cF\u00fatbol para Todos\u201d"},"content":{"rendered":"\n<h3 class=\"wp-block-heading\">Una pena contundente<\/h3>\n\n\n\n<p>En el juicio de la causa \u00abF\u00fatbol para Todos\u00bb, el fiscal general <strong>Miguel \u00c1ngel Osorio<\/strong> solicit\u00f3 para <strong>An\u00edbal Fern\u00e1ndez<\/strong>, ex jefe de Gabinete, <strong>3 a\u00f1os y 8 meses de prisi\u00f3n<\/strong>, de cumplimiento condicional, y una <strong>inhabilitaci\u00f3n perpetua para ejercer cargos p\u00fablicos<\/strong> por administraci\u00f3n fraudulenta y violaci\u00f3n de deberes. Adem\u00e1s, se exige la restituci\u00f3n de aproximadamente <strong>456 millones de pesos<\/strong> actualizados\u2014 provenientes de fondos desviados mediante contratos con la Fundaci\u00f3n \u201cEl Futbolista\u201d y otros mecanismos \u2014 que deber\u00edan dirigirse al ENARD y la AFA.<\/p>\n\n\n\n<h3 class=\"wp-block-heading\">Castigo m\u00e1s leve para Capitanich<\/h3>\n\n\n\n<p>Para <strong>Jorge Capitanich<\/strong>, tambi\u00e9n ex jefe de Gabinete, el pedido es de <strong>8 meses de prisi\u00f3n en suspenso<\/strong>, por incumplimiento de deberes de funcionario p\u00fablico, junto a una inhabilitaci\u00f3n proporcional. El fiscal destaca que sus decisiones permitieron que los adelantos de fondos queden absorbidos como parte de un m\u00ednimo garantizado, sin devolverlos al Estado.<\/p>\n\n\n\n<h3 class=\"wp-block-heading\">Otros involucrados<\/h3>\n\n\n\n<ul class=\"wp-block-list\">\n<li><strong>Luis Segura<\/strong> (ex presidente de AFA): <strong>2 a\u00f1os de prisi\u00f3n<\/strong> solicitados.<\/li>\n\n\n\n<li><strong>Carlos Pandolfi<\/strong> (FAA): <strong>1 a\u00f1o<\/strong>.<\/li>\n\n\n\n<li><strong>Norberto Monteleone<\/strong> (FAA): <strong>1 a\u00f1o<\/strong>.<\/li>\n\n\n\n<li><strong>Natale Rigano<\/strong> (Iveco): <strong>2 a\u00f1os<\/strong>.<\/li>\n\n\n\n<li>Se pidieron absoluciones para <strong>Gabriel Mariotto<\/strong> y varios directivos vinculados al programa.<br><\/li>\n<\/ul>\n\n\n\n<h3 class=\"wp-block-heading\">El caso detr\u00e1s de \u00abF\u00fatbol para Todos\u00bb<\/h3>\n\n\n\n<p>El programa, lanzado en 2009, buscaba garantizar f\u00fatbol gratuito y apoyar econ\u00f3micamente a los clubes. Pero la investigaci\u00f3n judicial revel\u00f3 que esos fondos fueron usados para desviar recursos mediante mecanismos como cheques diferidos endosados en cuevas financieras y patrocinios a precios rid\u00edculos (Iveco). El perjuicio al Estado habr\u00eda sido de m\u00e1s de <strong>131 millones de pesos<\/strong>, excediendo los 456 millones con intereses actualizados.<br><\/p>\n\n\n\n<h3 class=\"wp-block-heading\">El debate de fondo<\/h3>\n\n\n\n<p>Capitanich calific\u00f3 el alegato como un \u201cdesfile de conjeturas\u201d, argumentando que los fondos destinados a la AFA ya no eran bienes estatales y que no se pod\u00eda judicializar esa cadena de control. A su vez, asegura que la ley no facultaba a la Jefatura de Gabinete para fiscalizar esos fondos.<br><\/p>\n\n\n\n<hr class=\"wp-block-separator has-alpha-channel-opacity\"\/>\n\n\n\n<h2 class=\"wp-block-heading\">La voz popular y lo que deja esta batalla<\/h2>\n\n\n\n<p>Este juicio marca un hito: los funcionarios que usaron el f\u00fatbol para atornillarse al poder enfrentan una acusaci\u00f3n de sobra dura. La pena en suspenso e inhabilitaci\u00f3n para Fern\u00e1ndez significa que, aunque evite la c\u00e1rcel, su paso por la funci\u00f3n p\u00fablica habr\u00e1 quedado marcado indeleblemente por la sospecha. Mientras tanto, el pedido de devoluci\u00f3n de cientos de millones enfatiza que, m\u00e1s all\u00e1 del show medi\u00e1tico, el foco est\u00e1 en salvar recursos p\u00fablicos de estas maniobras. Toc\u00f3 definitivamente el lado oscuro de una de las pol\u00edticas de propaganda m\u00e1s extendidas del kirchnerismo.<\/p>\n","protected":false},"excerpt":{"rendered":"<p>La Fiscal\u00eda reclama casi 4 a\u00f1os de prisi\u00f3n en suspenso y la inhabilitaci\u00f3n perpetua para An\u00edbal Fern\u00e1ndez, mientras para Capitanich solicita 8 meses. El Estado exigir\u00e1 la restituci\u00f3n de m\u00e1s de 456 millones de pesos por los fondos desviados.<\/p>\n","protected":false},"author":2,"featured_media":3581,"comment_status":"open","ping_status":"open","sticky":false,"template":"","format":"standard","meta":{"_acf_changed":false,"advanced_seo_description":"","jetpack_seo_html_title":"","jetpack_seo_noindex":false,"_jetpack_memberships_contains_paid_content":false,"footnotes":""},"categories":[59],"tags":[20],"class_list":["post-3580","post","type-post","status-publish","format-standard","has-post-thumbnail","hentry","category-justicia","tag-destacados"],"acf":[],"jetpack_featured_media_url":"https:\/\/elliberador.com\/wp-content\/uploads\/2025\/08\/6I2MQ6M6GRHWLEKGAXN2NLWWQA.avif","jetpack_sharing_enabled":true,"_links":{"self":[{"href":"https:\/\/elliberador.com\/index.php\/wp-json\/wp\/v2\/posts\/3580","targetHints":{"allow":["GET"]}}],"collection":[{"href":"https:\/\/elliberador.com\/index.php\/wp-json\/wp\/v2\/posts"}],"about":[{"href":"https:\/\/elliberador.com\/index.php\/wp-json\/wp\/v2\/types\/post"}],"author":[{"embeddable":true,"href":"https:\/\/elliberador.com\/index.php\/wp-json\/wp\/v2\/users\/2"}],"replies":[{"embeddable":true,"href":"https:\/\/elliberador.com\/index.php\/wp-json\/wp\/v2\/comments?post=3580"}],"version-history":[{"count":1,"href":"https:\/\/elliberador.com\/index.php\/wp-json\/wp\/v2\/posts\/3580\/revisions"}],"predecessor-version":[{"id":3582,"href":"https:\/\/elliberador.com\/index.php\/wp-json\/wp\/v2\/posts\/3580\/revisions\/3582"}],"wp:featuredmedia":[{"embeddable":true,"href":"https:\/\/elliberador.com\/index.php\/wp-json\/wp\/v2\/media\/3581"}],"wp:attachment":[{"href":"https:\/\/elliberador.com\/index.php\/wp-json\/wp\/v2\/media?parent=3580"}],"wp:term":[{"taxonomy":"category","embeddable":true,"href":"https:\/\/elliberador.com\/index.php\/wp-json\/wp\/v2\/categories?post=3580"},{"taxonomy":"post_tag","embeddable":true,"href":"https:\/\/elliberador.com\/index.php\/wp-json\/wp\/v2\/tags?post=3580"}],"curies":[{"name":"wp","href":"https:\/\/api.w.org\/{rel}","templated":true}]}}