{"id":3592,"date":"2025-08-28T10:56:14","date_gmt":"2025-08-28T13:56:14","guid":{"rendered":"https:\/\/elliberador.com\/?p=3592"},"modified":"2025-08-28T10:57:02","modified_gmt":"2025-08-28T13:57:02","slug":"emboscada-en-lomas-de-zamora-militantes-kirchneristas-atacaron-a-milei-a-piedrazos-y-hubo-detenidos","status":"publish","type":"post","link":"https:\/\/elliberador.com\/index.php\/2025\/08\/28\/emboscada-en-lomas-de-zamora-militantes-kirchneristas-atacaron-a-milei-a-piedrazos-y-hubo-detenidos\/","title":{"rendered":"Emboscada en Lomas de Zamora: militantes kirchneristas atacaron a Milei a piedrazos y hubo detenidos"},"content":{"rendered":"\n<h3 class=\"wp-block-heading\">Una emboscada planificada<\/h3>\n\n\n\n<p>Lo que ocurri\u00f3 en Lomas de Zamora no fue un incidente aislado: fue una emboscada. Durante la caravana de Milei y candidatos de La Libertad Avanza, un grupo de militantes opositores organiz\u00f3 una contramarcha en el mismo lugar, con un \u00fanico objetivo: generar disturbios y atacar.<br>Entre los manifestantes estaba <strong>Mat\u00edas Gasparrini<\/strong>, secretario de Gobierno del intendente Federico Oterm\u00edn. Y como si fuera poco, en la zona hab\u00eda colocado un <strong>volquete cargado de escombros<\/strong>, que fue utilizado por los violentos para lanzar piedras y cascotes contra la camioneta presidencial.<\/p>\n\n\n\n<figure class=\"wp-block-image size-large\"><img fetchpriority=\"high\" decoding=\"async\" width=\"1024\" height=\"352\" src=\"https:\/\/elliberador.com\/wp-content\/uploads\/2025\/08\/GzYcifmXQAAdFp9-1024x352.jpeg\" alt=\"\" class=\"wp-image-3597\" srcset=\"https:\/\/elliberador.com\/wp-content\/uploads\/2025\/08\/GzYcifmXQAAdFp9-1024x352.jpeg 1024w, https:\/\/elliberador.com\/wp-content\/uploads\/2025\/08\/GzYcifmXQAAdFp9-300x103.jpeg 300w, https:\/\/elliberador.com\/wp-content\/uploads\/2025\/08\/GzYcifmXQAAdFp9-768x264.jpeg 768w, https:\/\/elliberador.com\/wp-content\/uploads\/2025\/08\/GzYcifmXQAAdFp9-1536x529.jpeg 1536w, https:\/\/elliberador.com\/wp-content\/uploads\/2025\/08\/GzYcifmXQAAdFp9.jpeg 1778w\" sizes=\"(max-width: 1024px) 100vw, 1024px\" \/><\/figure>\n\n\n\n<figure class=\"wp-block-gallery has-nested-images columns-default is-cropped wp-block-gallery-1 is-layout-flex wp-block-gallery-is-layout-flex\">\n<figure class=\"wp-block-image size-large\"><img decoding=\"async\" width=\"1010\" height=\"558\" data-id=\"3598\" src=\"https:\/\/elliberador.com\/wp-content\/uploads\/2025\/08\/GzYcfJ9WAAEPZ0f.jpeg\" alt=\"\" class=\"wp-image-3598\" srcset=\"https:\/\/elliberador.com\/wp-content\/uploads\/2025\/08\/GzYcfJ9WAAEPZ0f.jpeg 1010w, https:\/\/elliberador.com\/wp-content\/uploads\/2025\/08\/GzYcfJ9WAAEPZ0f-300x166.jpeg 300w, https:\/\/elliberador.com\/wp-content\/uploads\/2025\/08\/GzYcfJ9WAAEPZ0f-768x424.jpeg 768w\" sizes=\"(max-width: 1010px) 100vw, 1010px\" \/><\/figure>\n<\/figure>\n\n\n\n<p>La situaci\u00f3n escal\u00f3 al punto de que un hombre, <strong>Jos\u00e9 Marcelino Dabrowski<\/strong>, dirigente de la agrupaci\u00f3n <strong>HIJOS<\/strong>, se arroj\u00f3 directamente sobre la camioneta de Milei y fue detenido por la custodia.<\/p>\n\n\n\n<figure class=\"wp-block-image size-large\"><img decoding=\"async\" width=\"1024\" height=\"560\" src=\"https:\/\/elliberador.com\/wp-content\/uploads\/2025\/08\/GzYla5FW8AAb7sC-1-1024x560.jpeg\" alt=\"\" class=\"wp-image-3599\" srcset=\"https:\/\/elliberador.com\/wp-content\/uploads\/2025\/08\/GzYla5FW8AAb7sC-1-1024x560.jpeg 1024w, https:\/\/elliberador.com\/wp-content\/uploads\/2025\/08\/GzYla5FW8AAb7sC-1-300x164.jpeg 300w, https:\/\/elliberador.com\/wp-content\/uploads\/2025\/08\/GzYla5FW8AAb7sC-1-768x420.jpeg 768w, https:\/\/elliberador.com\/wp-content\/uploads\/2025\/08\/GzYla5FW8AAb7sC-1.jpeg 1068w\" sizes=\"(max-width: 1024px) 100vw, 1024px\" \/><figcaption class=\"wp-element-caption\">Volquetes colocados estrat\u00e9gicamente en el paso de la caravana de LLA<\/figcaption><\/figure>\n\n\n\n<h3 class=\"wp-block-heading\">HIJOS: violencia y operaciones<\/h3>\n\n\n\n<p>El caso de Dabrowski no sorprende. La agrupaci\u00f3n HIJOS fue la misma que, el a\u00f1o pasado, invent\u00f3 una denuncia falsa contra militantes libertarios, acus\u00e1ndolos de abusar de una persona trans y de dejar con l\u00e1piz la sigla \u201cVLLC\u201d en una pared. Una operaci\u00f3n tan burda que daba verg\u00fcenza repetirla, pero que sin embargo fue levantada por varios medios alineados al kirchnerismo. Hoy, el mismo espacio vuelve a mostrarse tal cual es: un aparato de provocaci\u00f3n y violencia pol\u00edtica.<\/p>\n\n\n\n<figure class=\"wp-block-video\"><video height=\"1080\" style=\"aspect-ratio: 1920 \/ 1080;\" width=\"1920\" controls src=\"https:\/\/elliberador.com\/wp-content\/uploads\/2025\/08\/ssstwitter.com_1756388971510.mp4\"><\/video><figcaption class=\"wp-element-caption\">El dirigente de HIJOS lanz\u00e1ndose sobre la camioneta presidencial<\/figcaption><\/figure>\n\n\n\n<h3 class=\"wp-block-heading\">El antecedente de Jun\u00edn: cobard\u00eda kirchnerista<\/h3>\n\n\n\n<p>El ataque de Lomas se suma al brutal episodio en Jun\u00edn, donde el puntero kirchnerista y militante pro-palestino <strong>Santiago Agust\u00edn Byjmuk<\/strong> fue grabado pateando por la espalda a un jubilado libertario. Lo mismo que semanas atr\u00e1s aparec\u00eda sonriente haci\u00e9ndose \u201cla v\u00edctima\u201d en las marchas de los mi\u00e9rcoles, fue el que ahora protagoniz\u00f3 una <strong>patada voladora contra un anciano indefenso<\/strong>, mostrando la mentira permanente en la que viven estos sectores.<\/p>\n\n\n\n<figure class=\"wp-block-image size-full\"><img loading=\"lazy\" decoding=\"async\" width=\"810\" height=\"611\" src=\"https:\/\/elliberador.com\/wp-content\/uploads\/2025\/08\/Captura-de-pantalla-2025-08-28-101201.png\" alt=\"\" class=\"wp-image-3601\" srcset=\"https:\/\/elliberador.com\/wp-content\/uploads\/2025\/08\/Captura-de-pantalla-2025-08-28-101201.png 810w, https:\/\/elliberador.com\/wp-content\/uploads\/2025\/08\/Captura-de-pantalla-2025-08-28-101201-300x226.png 300w, https:\/\/elliberador.com\/wp-content\/uploads\/2025\/08\/Captura-de-pantalla-2025-08-28-101201-768x579.png 768w\" sizes=\"(max-width: 810px) 100vw, 810px\" \/><figcaption class=\"wp-element-caption\">Le militante de izquierda que \u00abdefiende\u00bb jubilados de izquierda y golpea a jubilados libertarios<\/figcaption><\/figure>\n\n\n\n<h3 class=\"wp-block-heading\">La intolerancia de la izquierda<\/h3>\n\n\n\n<p>Los libertarios jam\u00e1s se meten a provocar o reventar marchas de sus opositores. Sin embargo, en cada acto de Milei se organizan contramarchas violentas, buscando generar caos y miedo. Es una metodolog\u00eda que responde a su <strong>hist\u00f3rica pol\u00edtica de violencia<\/strong>: no toleran convivir con otras ideas ni con otras personas, y mucho menos cuando no son gobierno.<\/p>\n\n\n\n<p>No hay debate ni intercambio democr\u00e1tico: hay piedrazos, emboscadas, patadas por la espalda y operaciones de prensa. Esa es la verdadera cara de la izquierda argentina.<\/p>\n\n\n\n<figure class=\"wp-block-image size-full\"><img loading=\"lazy\" decoding=\"async\" width=\"1024\" height=\"856\" src=\"https:\/\/elliberador.com\/wp-content\/uploads\/2025\/08\/GzYpxkVXkAAnXp5.jpeg\" alt=\"\" class=\"wp-image-3604\" srcset=\"https:\/\/elliberador.com\/wp-content\/uploads\/2025\/08\/GzYpxkVXkAAnXp5.jpeg 1024w, https:\/\/elliberador.com\/wp-content\/uploads\/2025\/08\/GzYpxkVXkAAnXp5-300x251.jpeg 300w, https:\/\/elliberador.com\/wp-content\/uploads\/2025\/08\/GzYpxkVXkAAnXp5-768x642.jpeg 768w\" sizes=\"(max-width: 1024px) 100vw, 1024px\" \/><\/figure>\n\n\n\n<hr class=\"wp-block-separator has-alpha-channel-opacity\"\/>\n\n\n\n<h2 class=\"wp-block-heading\">\ud83d\udd0e <strong>Lo que queda en claro<\/strong><\/h2>\n\n\n\n<p>La emboscada en Lomas de Zamora y el ataque en Jun\u00edn son dos cap\u00edtulos de la misma pel\u00edcula: la violencia sistem\u00e1tica del kirchnerismo y la izquierda contra Milei y sus simpatizantes. Hoy qued\u00f3 en evidencia que su discurso de democracia y derechos es puro relato: en la pr\u00e1ctica, recurren al apriete, a la mentira y a la agresi\u00f3n f\u00edsica.<br>La Argentina que quieren es esa: un pa\u00eds donde el que piensa distinto es atacado, silenciado o agredido. Y esa violencia, cada vez m\u00e1s, la gente la ve y deja de creerles.<\/p>\n","protected":false},"excerpt":{"rendered":"<p>El presidente Javier Milei fue v\u00edctima de una emboscada en Lomas de Zamora: un volquete lleno de escombros fue usado como arsenal por militantes de izquierda para atacar la caravana presidencial. Entre los manifestantes estuvo el secretario de Gobierno local Mat\u00edas Gasparrini y fue detenido un dirigente de HIJOS que se lanz\u00f3 sobre la camioneta de Milei. El antecedente inmediato: en Jun\u00edn, el puntero kirchnerista Santiago Agust\u00edn Byjmuk pate\u00f3 brutalmente por la espalda a un jubilado libertario.<\/p>\n","protected":false},"author":2,"featured_media":3593,"comment_status":"open","ping_status":"open","sticky":false,"template":"","format":"standard","meta":{"_acf_changed":false,"advanced_seo_description":"","jetpack_seo_html_title":"","jetpack_seo_noindex":false,"_jetpack_memberships_contains_paid_content":false,"footnotes":""},"categories":[36],"tags":[20],"class_list":["post-3592","post","type-post","status-publish","format-standard","has-post-thumbnail","hentry","category-seguridad","tag-destacados"],"acf":[],"jetpack_featured_media_url":"https:\/\/elliberador.com\/wp-content\/uploads\/2025\/08\/GzYoYx2WIAAQ5pT.jpeg","jetpack_sharing_enabled":true,"_links":{"self":[{"href":"https:\/\/elliberador.com\/index.php\/wp-json\/wp\/v2\/posts\/3592","targetHints":{"allow":["GET"]}}],"collection":[{"href":"https:\/\/elliberador.com\/index.php\/wp-json\/wp\/v2\/posts"}],"about":[{"href":"https:\/\/elliberador.com\/index.php\/wp-json\/wp\/v2\/types\/post"}],"author":[{"embeddable":true,"href":"https:\/\/elliberador.com\/index.php\/wp-json\/wp\/v2\/users\/2"}],"replies":[{"embeddable":true,"href":"https:\/\/elliberador.com\/index.php\/wp-json\/wp\/v2\/comments?post=3592"}],"version-history":[{"count":2,"href":"https:\/\/elliberador.com\/index.php\/wp-json\/wp\/v2\/posts\/3592\/revisions"}],"predecessor-version":[{"id":3605,"href":"https:\/\/elliberador.com\/index.php\/wp-json\/wp\/v2\/posts\/3592\/revisions\/3605"}],"wp:featuredmedia":[{"embeddable":true,"href":"https:\/\/elliberador.com\/index.php\/wp-json\/wp\/v2\/media\/3593"}],"wp:attachment":[{"href":"https:\/\/elliberador.com\/index.php\/wp-json\/wp\/v2\/media?parent=3592"}],"wp:term":[{"taxonomy":"category","embeddable":true,"href":"https:\/\/elliberador.com\/index.php\/wp-json\/wp\/v2\/categories?post=3592"},{"taxonomy":"post_tag","embeddable":true,"href":"https:\/\/elliberador.com\/index.php\/wp-json\/wp\/v2\/tags?post=3592"}],"curies":[{"name":"wp","href":"https:\/\/api.w.org\/{rel}","templated":true}]}}