{"id":3607,"date":"2025-08-28T12:00:05","date_gmt":"2025-08-28T15:00:05","guid":{"rendered":"https:\/\/elliberador.com\/?p=3607"},"modified":"2025-08-28T12:12:54","modified_gmt":"2025-08-28T15:12:54","slug":"ecuador-miguel-uribe-londono-padre-del-candidato-a-presidente-asesinado-toma-el-lugar-de-si-hijo-y-se-postula","status":"publish","type":"post","link":"https:\/\/elliberador.com\/index.php\/2025\/08\/28\/ecuador-miguel-uribe-londono-padre-del-candidato-a-presidente-asesinado-toma-el-lugar-de-si-hijo-y-se-postula\/","title":{"rendered":"Colombia: Miguel Uribe Londo\u00f1o, padre del candidato a presidente asesinado, toma el lugar de su hijo y se postula"},"content":{"rendered":"\n<p>Miguel Uribe Londo\u00f1o formaliz\u00f3 su candidatura presidencial con un mensaje que conmovi\u00f3 profundamente al pa\u00eds. En sus palabras iniciales, expres\u00f3: <em>\u201cLes hablo desde la herida m\u00e1s profunda que puede sufrir un ser humano: la de un padre que despidi\u00f3 a su hijo asesinado por sus ideas\u201d<\/em>. Con esta frase, Uribe Londo\u00f1o no solo canaliza su dolor personal como motor de su compromiso pol\u00edtico, sino que tambi\u00e9n convierte la memoria de su hijo, el senador y precandidato presidencial Miguel Uribe Turbay, en un s\u00edmbolo de lucha colectiva por la dignidad, la seguridad y la defensa de la democracia en Colombia.<\/p>\n\n\n\n<p>La tragedia, sin embargo, no es un hecho aislado en la historia de esta familia. D\u00e9cadas atr\u00e1s, Diana Turbay, reconocida periodista y directora de la revista <em>Hoy x Hoy<\/em>, madre de Miguel Uribe Turbay y esposa de Miguel Uribe Londo\u00f1o, fue secuestrada en 1990 por Pablo Escobar. Su muerte en un fallido operativo de rescate en 1991 dej\u00f3 una marca imborrable en la vida de Uribe Londo\u00f1o, convirti\u00e9ndose en un eje central de su narrativa tanto personal como pol\u00edtica.<\/p>\n\n\n\n<p>M\u00e1s de treinta a\u00f1os despu\u00e9s, la violencia volvi\u00f3 a golpear a la familia con el asesinato de su hijo, un acto que Uribe Londo\u00f1o calific\u00f3 como un crimen dirigido contra las ideas democr\u00e1ticas que su hijo defend\u00eda con convicci\u00f3n. Desde esa profunda herida, insisti\u00f3 en que su candidatura no surge de la ambici\u00f3n personal, sino del sacrificio y la responsabilidad de continuar una lucha por un pa\u00eds m\u00e1s justo y seguro.<\/p>\n\n\n\n<p>En su discurso, advirti\u00f3 que Colombia enfrenta una amenaza real por parte de sectores de izquierda que mantienen al pa\u00eds sometido, limitando la libertad y erosionando las garant\u00edas de seguridad para sus ciudadanos. Subray\u00f3 la urgente necesidad de recuperar el rumbo democr\u00e1tico, fortaleciendo las instituciones y defendiendo la vida frente a proyectos pol\u00edticos que, bajo el disfraz del progresismo, buscan perpetuar la violencia y la opresi\u00f3n.<\/p>\n\n\n\n<p>Su propuesta pol\u00edtica se presenta como un llamado a la unidad nacional, a la reconstrucci\u00f3n del tejido social y a la defensa de los valores democr\u00e1ticos que han sido puestos a prueba por d\u00e9cadas de conflicto y polarizaci\u00f3n. La candidatura de Miguel Uribe Londo\u00f1o se erige as\u00ed como un compromiso que busca inspirar esperanza y acci\u00f3n en la construcci\u00f3n de un futuro m\u00e1s seguro y digno para todos los colombianos.<\/p>\n","protected":false},"excerpt":{"rendered":"<p>Tras el asesinato de su hijo, el senador Miguel Uribe Turbay, el dirigente colombiano formaliz\u00f3 su candidatura presidencial apelando a la memoria, la seguridad y la defensa de la democracia. La historia de su familia, marcada por la violencia del narcoterrorismo y la intolerancia pol\u00edtica, se convierte en un s\u00edmbolo contra la opresi\u00f3n de la izquierda radical.<\/p>\n","protected":false},"author":2,"featured_media":3608,"comment_status":"open","ping_status":"open","sticky":false,"template":"","format":"standard","meta":{"_acf_changed":false,"advanced_seo_description":"","jetpack_seo_html_title":"","jetpack_seo_noindex":false,"_jetpack_memberships_contains_paid_content":false,"footnotes":""},"categories":[10],"tags":[20],"class_list":["post-3607","post","type-post","status-publish","format-standard","has-post-thumbnail","hentry","category-internacionales","tag-destacados"],"acf":[],"jetpack_featured_media_url":"https:\/\/elliberador.com\/wp-content\/uploads\/2025\/08\/padre-del-precandidato-colombiano-asesinado-X3O7ZVK3CZDKXH4XC7KVEVIU4A.avif","jetpack_sharing_enabled":true,"_links":{"self":[{"href":"https:\/\/elliberador.com\/index.php\/wp-json\/wp\/v2\/posts\/3607","targetHints":{"allow":["GET"]}}],"collection":[{"href":"https:\/\/elliberador.com\/index.php\/wp-json\/wp\/v2\/posts"}],"about":[{"href":"https:\/\/elliberador.com\/index.php\/wp-json\/wp\/v2\/types\/post"}],"author":[{"embeddable":true,"href":"https:\/\/elliberador.com\/index.php\/wp-json\/wp\/v2\/users\/2"}],"replies":[{"embeddable":true,"href":"https:\/\/elliberador.com\/index.php\/wp-json\/wp\/v2\/comments?post=3607"}],"version-history":[{"count":3,"href":"https:\/\/elliberador.com\/index.php\/wp-json\/wp\/v2\/posts\/3607\/revisions"}],"predecessor-version":[{"id":3611,"href":"https:\/\/elliberador.com\/index.php\/wp-json\/wp\/v2\/posts\/3607\/revisions\/3611"}],"wp:featuredmedia":[{"embeddable":true,"href":"https:\/\/elliberador.com\/index.php\/wp-json\/wp\/v2\/media\/3608"}],"wp:attachment":[{"href":"https:\/\/elliberador.com\/index.php\/wp-json\/wp\/v2\/media?parent=3607"}],"wp:term":[{"taxonomy":"category","embeddable":true,"href":"https:\/\/elliberador.com\/index.php\/wp-json\/wp\/v2\/categories?post=3607"},{"taxonomy":"post_tag","embeddable":true,"href":"https:\/\/elliberador.com\/index.php\/wp-json\/wp\/v2\/tags?post=3607"}],"curies":[{"name":"wp","href":"https:\/\/api.w.org\/{rel}","templated":true}]}}