{"id":3669,"date":"2025-09-02T22:19:01","date_gmt":"2025-09-03T01:19:01","guid":{"rendered":"https:\/\/elliberador.com\/?p=3669"},"modified":"2025-09-02T22:25:24","modified_gmt":"2025-09-03T01:25:24","slug":"al-amparo-de-la-justicia-o-al-desamparo-del-poder-politico-de-turno","status":"publish","type":"post","link":"https:\/\/elliberador.com\/index.php\/2025\/09\/02\/al-amparo-de-la-justicia-o-al-desamparo-del-poder-politico-de-turno\/","title":{"rendered":"\u00bfAl amparo de la justicia o al desamparo del poder pol\u00edtico de turno?"},"content":{"rendered":"\n<p>El a\u00f1o <strong>2025<\/strong> reviste una relevancia singular en la vida pol\u00edtica de los ciudadanos santafesinos. La iniciativa de <strong>reformar la Constituci\u00f3n provincial<\/strong> constituye un hito de notable trascendencia institucional. Este proceso se inscribe en una trayectoria marcada por diversos intentos previos \u2014promovidos por distintas administraciones provinciales\u2014 que, con sus aciertos y desaciertos, delinearon una hoja de ruta basada en acuerdos pol\u00edticos y consensos multisectoriales. <em>No obstante<\/em>, dicha construcci\u00f3n democr\u00e1tica se ve hoy opacada por una gesti\u00f3n gubernamental que evidencia una preocupante tendencia a la <strong>concentraci\u00f3n del poder<\/strong>, exhibiendo un manifiesto desprecio tanto por el equilibrio republicano entre los poderes del Estado como por el principio de <strong>soberan\u00eda popular<\/strong>.<\/p>\n\n\n\n<p>La <strong>contundente victoria<\/strong> de <strong>Maximiliano Pullaro<\/strong> en las elecciones de <strong>2023<\/strong>, con un respaldo del <strong>58,40 %<\/strong> del electorado, le confiri\u00f3 un predominio incuestionable en el \u00e1mbito pol\u00edtico y un control significativo en ambas c\u00e1maras de la Legislatura provincial. En este contexto de hegemon\u00eda, el gobernador impulsa una reconfiguraci\u00f3n del orden pol\u00edtico mediante la promulgaci\u00f3n de la <strong>Ley 14.384<\/strong>, por la cual declara la necesidad de reformar la Carta Magna provincial. Este proyecto, concebido desde los estratos m\u00e1s altos del poder pol\u00edtico, fue aprobado <strong>\u201csobre tablas\u201d<\/strong>, eludiendo instancias elementales de deliberaci\u00f3n legislativa, lo cual torna cuestionable tanto su <strong>forma<\/strong> como su <strong>contenido<\/strong>.<\/p>\n\n\n\n<p>El texto sancionado desatiende principios fundamentales del constitucionalismo, vulnera la correcta configuraci\u00f3n del <strong>poder constituyente<\/strong> y, en un acto de claro desplazamiento institucional, <strong>excluye a operadores judiciales<\/strong> con reconocida idoneidad t\u00e9cnica y solvencia \u00e9tica.<\/p>\n\n\n\n<p>Frente a esta coyuntura, el espacio pol\u00edtico <strong>La Libertad Avanza<\/strong> irrumpe en el escenario provincial con un discurso centrado en la defensa de las <strong>instituciones republicanas<\/strong>, proponi\u00e9ndose como alternativa frente a lo que denomina el \u201c<em>establishment<\/em>\u201d o la \u201c<em>casta<\/em>\u201d pol\u00edtica local. En este marco, la fuerza opositora introduce en la agenda p\u00fablica la <strong>inconstitucionalidad de la norma<\/strong>.<\/p>\n\n\n\n<p>Asimismo, interpone una <strong>acci\u00f3n de amparo<\/strong> ante el Poder Judicial, denunciando un avasallamiento institucional por parte del Poder Ejecutivo en <strong>tres dimensiones<\/strong> esenciales de toda reforma constitucional: <strong>la representatividad<\/strong> de los actores involucrados, <strong>la legitimidad<\/strong> del contenido propuesto para ser reformado y <strong>la legalidad<\/strong> del procedimiento adoptado, entre otras observaciones.<\/p>\n\n\n\n<p>El Poder Judicial ha adoptado una postura de rechazo casi <em>in limine<\/em>, desestimando el asunto en cuesti\u00f3n, como si la materia en discusi\u00f3n <strong>fuera no justiciable<\/strong>. Esta decisi\u00f3n es cuestionable no solo por el valor y la trascendencia que posee la <strong>Convenci\u00f3n Constituyente<\/strong> y el proceso de reforma en s\u00ed mismo, sino tambi\u00e9n porque han transcurrido <strong>63 a\u00f1os<\/strong> sin que se haya producido una modificaci\u00f3n en el texto constitucional. Y, adem\u00e1s, resulta sumamente riesgoso observar c\u00f3mo el poder pol\u00edtico parece reducir al <strong>Poder Legislativo<\/strong> \u2014y m\u00e1s a\u00fan a la <strong>Convenci\u00f3n Constituyente<\/strong>\u2014 a una <strong>escriban\u00eda de Estado<\/strong>.<\/p>\n\n\n\n<p>Una vez iniciada la v\u00eda judicial y denegada en primera instancia, el \u00fanico recurso disponible es el <strong>de alzada<\/strong>, a fin de determinar si el \u00f3rgano del Estado <strong>encargado de realizar<\/strong> el control de constitucionalidad revisar\u00e1 el plexo normativo impugnado. Este an\u00e1lisis se ve reforzado por el <strong>dictamen del fiscal de C\u00e1mara<\/strong>, quien sustenta el argumento en la vulneraci\u00f3n del <strong>art\u00edculo 114<\/strong> de la Constituci\u00f3n provincial vigente, relacionado con los procedimientos de reforma y la exclusi\u00f3n de funcionarios judiciales del proceso.<\/p>\n\n\n\n<p>Mientras la reforma constitucional sigue su curso en la etapa de redacci\u00f3n, el <strong>Poder Judicial<\/strong> demora el <strong>llamamiento de autos<\/strong> para resolver. Y no est\u00e1 claro si esto responde a una estrategia de perpetuar la lentitud judicial o si, por el contrario, el <strong>Poder Ejecutivo<\/strong> ya ha logrado consolidar su influencia sobre aquel, completando as\u00ed su proyecto de <strong>control<\/strong>.<\/p>\n\n\n\n<p>Como conclusi\u00f3n, es pertinente destacar el <strong>m\u00e9rito del accionante<\/strong>, que no solo intenta un recorrido judicial relevante, sino que <strong>anticipa redoblar sus esfuerzos<\/strong> hasta alcanzar el <strong>Alto Tribunal<\/strong>. Este accionar, adem\u00e1s, establece un <strong>precedente<\/strong> para la formulaci\u00f3n de futuras <strong>acciones de inconstitucionalidad<\/strong> derivadas de esta reforma constitucional, las cuales podr\u00edan fundamentarse, incluso, en los <strong>compromisos internacionales<\/strong> suscriptos por el <strong>Estado Nacional<\/strong> en la reforma de la <strong>Constituci\u00f3n Nacional<\/strong> del a\u00f1o <strong>1994<\/strong>.<\/p>\n","protected":false},"excerpt":{"rendered":"<p>Con mayor\u00eda y apuro, el gobierno provincial empuja la reforma \u201csobre tablas\u201d y sin debate real, excluyendo voces judiciales. La Libertad Avanza la impugn\u00f3 por inconstitucional, mientras la Justicia demora definirse y crece la sospecha de concentraci\u00f3n de poder.<\/p>\n","protected":false},"author":2,"featured_media":3670,"comment_status":"open","ping_status":"open","sticky":false,"template":"","format":"standard","meta":{"_acf_changed":false,"advanced_seo_description":"","jetpack_seo_html_title":"","jetpack_seo_noindex":false,"_jetpack_memberships_contains_paid_content":false,"footnotes":""},"categories":[35],"tags":[20],"class_list":["post-3669","post","type-post","status-publish","format-standard","has-post-thumbnail","hentry","category-opinion","tag-destacados"],"acf":[],"jetpack_featured_media_url":"https:\/\/elliberador.com\/wp-content\/uploads\/2025\/09\/IMG-20250714-WA0151-1080x675-1.jpg","jetpack_sharing_enabled":true,"_links":{"self":[{"href":"https:\/\/elliberador.com\/index.php\/wp-json\/wp\/v2\/posts\/3669","targetHints":{"allow":["GET"]}}],"collection":[{"href":"https:\/\/elliberador.com\/index.php\/wp-json\/wp\/v2\/posts"}],"about":[{"href":"https:\/\/elliberador.com\/index.php\/wp-json\/wp\/v2\/types\/post"}],"author":[{"embeddable":true,"href":"https:\/\/elliberador.com\/index.php\/wp-json\/wp\/v2\/users\/2"}],"replies":[{"embeddable":true,"href":"https:\/\/elliberador.com\/index.php\/wp-json\/wp\/v2\/comments?post=3669"}],"version-history":[{"count":2,"href":"https:\/\/elliberador.com\/index.php\/wp-json\/wp\/v2\/posts\/3669\/revisions"}],"predecessor-version":[{"id":3672,"href":"https:\/\/elliberador.com\/index.php\/wp-json\/wp\/v2\/posts\/3669\/revisions\/3672"}],"wp:featuredmedia":[{"embeddable":true,"href":"https:\/\/elliberador.com\/index.php\/wp-json\/wp\/v2\/media\/3670"}],"wp:attachment":[{"href":"https:\/\/elliberador.com\/index.php\/wp-json\/wp\/v2\/media?parent=3669"}],"wp:term":[{"taxonomy":"category","embeddable":true,"href":"https:\/\/elliberador.com\/index.php\/wp-json\/wp\/v2\/categories?post=3669"},{"taxonomy":"post_tag","embeddable":true,"href":"https:\/\/elliberador.com\/index.php\/wp-json\/wp\/v2\/tags?post=3669"}],"curies":[{"name":"wp","href":"https:\/\/api.w.org\/{rel}","templated":true}]}}