{"id":3674,"date":"2025-09-04T14:51:03","date_gmt":"2025-09-04T17:51:03","guid":{"rendered":"https:\/\/elliberador.com\/?p=3674"},"modified":"2025-09-04T22:29:53","modified_gmt":"2025-09-05T01:29:53","slug":"santafest-la-libertad-avanza-lanza-su-campana-en-rosario-con-cobertura-exclusiva-de-el-liberador","status":"publish","type":"post","link":"https:\/\/elliberador.com\/index.php\/2025\/09\/04\/santafest-la-libertad-avanza-lanza-su-campana-en-rosario-con-cobertura-exclusiva-de-el-liberador\/","title":{"rendered":"SantaFest: La Libertad Avanza lanza su campa\u00f1a en Rosario con cobertura exclusiva de El Liberador"},"content":{"rendered":"\n<h2 class=\"wp-block-heading\">Un lanzamiento con sello propio: \u201cSantaFest\u201d<\/h2>\n\n\n\n<p>La Libertad Avanza Santa Fe bautiza su lanzamiento como <strong>\u201cSantaFest\u201d<\/strong>, una puesta en escena que combina <strong>contenido pol\u00edtico<\/strong>, <strong>juventud<\/strong> y <strong>m\u00edstica libertaria<\/strong>. El encuentro contar\u00e1 con militancia, equipos t\u00e9cnicos y referentes de toda la provincia.<\/p>\n\n\n\n<h2 class=\"wp-block-heading\">Oradores invitados y la \u201cpura sangre\u201d libertaria<\/h2>\n\n\n\n<ul class=\"wp-block-list\">\n<li><strong>Disertantes nacionales:<\/strong> <strong>I\u00f1aki Guti\u00e9rrez<\/strong> y <strong>Eugenia Rol\u00f3n<\/strong>.<\/li>\n\n\n\n<li><strong>Los primeros 5 de la lista:<\/strong> <strong>Agust\u00edn Pellegrini<\/strong>, <strong>Yamile Tomassoni<\/strong>, <strong>Juan Pablo Montenegro<\/strong>, <strong>Valentina Ravera<\/strong> y <strong>Germ\u00e1n Pugnaloni<\/strong>.<\/li>\n\n\n\n<li><strong>Cierre:<\/strong> <strong>Romina Diez<\/strong>, <strong>presidente<\/strong> de LLA Santa Fe y diputada nacional.<\/li>\n\n\n\n<li><strong>Adem\u00e1s:<\/strong> presencia de la <strong>lista completa<\/strong> y de <strong>concejales electos<\/strong> de toda la provincia.<\/li>\n<\/ul>\n\n\n\n<h2 class=\"wp-block-heading\">Acceso y cobertura: se marca la cancha<\/h2>\n\n\n\n<p>En l\u00ednea con la pol\u00edtica de la <strong>l\u00ednea nacional de Milei<\/strong>, el <strong>\u00fanico medio con acceso al evento ser\u00e1 <em>El Liberador<\/em><\/strong>. La organizaci\u00f3n <strong>deja de lado a los medios convencionales<\/strong> que, m\u00e1s que hacer periodismo, <strong>operan como agencias de publicidad del poder<\/strong> financiadas por <strong>pauta publicitaria<\/strong>. La prioridad es <strong>garantizar cobertura independiente<\/strong>, sin condicionamientos ni peajes de la pauta.<\/p>\n\n\n\n<h2 class=\"wp-block-heading\">Contexto y antecedente de convocatoria<\/h2>\n\n\n\n<p>LLA Santa Fe viene de un <strong>hito de 2024<\/strong> en la capital provincial: una movilizaci\u00f3n de <strong>1.500 personas<\/strong> junto a <strong>Romina Diez<\/strong>, <strong>Karina Milei<\/strong> y <strong>Mart\u00edn Menem<\/strong> \u2014uno de los actos con mayor convocatoria del pa\u00eds <strong>sin<\/strong> la presencia del presidente Milei. <strong>SantaFest<\/strong> busca <strong>subir la vara<\/strong> en Rosario y proyectar a la lista \u201c<strong>pura sangre<\/strong>\u201d libertaria hacia la contienda nacional.<\/p>\n\n\n\n<h2 class=\"wp-block-heading\">Qu\u00e9 se espera<\/h2>\n\n\n\n<ul class=\"wp-block-list\">\n<li><strong>Eje program\u00e1tico:<\/strong> orden fiscal, desregulaci\u00f3n, seguridad y agenda productiva para Santa Fe.<\/li>\n\n\n\n<li><strong>Perfil del armado:<\/strong> <strong>juventud<\/strong>, renovaci\u00f3n y presencia territorial en todos los departamentos.<\/li>\n\n\n\n<li><strong>Mensaje pol\u00edtico:<\/strong> consolidar la <strong>alternativa liberal-libertaria<\/strong> frente al \u201cpartido del Estado\u201d de siempre.<\/li>\n<\/ul>\n\n\n\n<p><\/p>\n","protected":false},"excerpt":{"rendered":"<p>Con el \u201cSantaFest\u201d, La Libertad Avanza Santa Fe presenta su lista de diputados nacionales en un evento hist\u00f3rico. Habr\u00e1 disertaciones de I\u00f1aki Guti\u00e9rrez y Eugenia Rol\u00f3n, la presencia de la lista completa y concejales electos de toda la provincia, y un cierre de lujo a cargo de la presidente de LLA Santa Fe, la diputada Romina Diez. El Liberador realizar\u00e1 cobertura exclusiva.<\/p>\n","protected":false},"author":2,"featured_media":3675,"comment_status":"open","ping_status":"open","sticky":false,"template":"","format":"standard","meta":{"_acf_changed":false,"advanced_seo_description":"","jetpack_seo_html_title":"","jetpack_seo_noindex":false,"_jetpack_memberships_contains_paid_content":false,"footnotes":""},"categories":[4],"tags":[20],"class_list":["post-3674","post","type-post","status-publish","format-standard","has-post-thumbnail","hentry","category-politica","tag-destacados"],"acf":[],"jetpack_featured_media_url":"https:\/\/elliberador.com\/wp-content\/uploads\/2025\/09\/SantaFest.jpg","jetpack_sharing_enabled":true,"_links":{"self":[{"href":"https:\/\/elliberador.com\/index.php\/wp-json\/wp\/v2\/posts\/3674","targetHints":{"allow":["GET"]}}],"collection":[{"href":"https:\/\/elliberador.com\/index.php\/wp-json\/wp\/v2\/posts"}],"about":[{"href":"https:\/\/elliberador.com\/index.php\/wp-json\/wp\/v2\/types\/post"}],"author":[{"embeddable":true,"href":"https:\/\/elliberador.com\/index.php\/wp-json\/wp\/v2\/users\/2"}],"replies":[{"embeddable":true,"href":"https:\/\/elliberador.com\/index.php\/wp-json\/wp\/v2\/comments?post=3674"}],"version-history":[{"count":2,"href":"https:\/\/elliberador.com\/index.php\/wp-json\/wp\/v2\/posts\/3674\/revisions"}],"predecessor-version":[{"id":3685,"href":"https:\/\/elliberador.com\/index.php\/wp-json\/wp\/v2\/posts\/3674\/revisions\/3685"}],"wp:featuredmedia":[{"embeddable":true,"href":"https:\/\/elliberador.com\/index.php\/wp-json\/wp\/v2\/media\/3675"}],"wp:attachment":[{"href":"https:\/\/elliberador.com\/index.php\/wp-json\/wp\/v2\/media?parent=3674"}],"wp:term":[{"taxonomy":"category","embeddable":true,"href":"https:\/\/elliberador.com\/index.php\/wp-json\/wp\/v2\/categories?post=3674"},{"taxonomy":"post_tag","embeddable":true,"href":"https:\/\/elliberador.com\/index.php\/wp-json\/wp\/v2\/tags?post=3674"}],"curies":[{"name":"wp","href":"https:\/\/api.w.org\/{rel}","templated":true}]}}