{"id":3776,"date":"2025-09-10T18:51:34","date_gmt":"2025-09-10T21:51:34","guid":{"rendered":"https:\/\/elliberador.com\/?p=3776"},"modified":"2025-09-10T18:51:36","modified_gmt":"2025-09-10T21:51:36","slug":"asesinan-a-charlie-kirk-en-la-universidad-del-valle-de-utah-un-ataque-mas-de-la-violencia-de-la-izquierda-contra-el-libre-discurso","status":"publish","type":"post","link":"https:\/\/elliberador.com\/index.php\/2025\/09\/10\/asesinan-a-charlie-kirk-en-la-universidad-del-valle-de-utah-un-ataque-mas-de-la-violencia-de-la-izquierda-contra-el-libre-discurso\/","title":{"rendered":"Asesinan a Charlie Kirk en la Universidad del Valle de Utah; Un ataque m\u00e1s de la violencia de la izquierda contra el libre discurso."},"content":{"rendered":"\n<p>El activista y fundador de Turning Point USA, Charlie Kirk, falleci\u00f3 este mi\u00e9rcoles luego de ser baleado en el cuello mientras daba una charla en la Universidad del Valle de Utah. El presidente Donald Trump confirm\u00f3 la noticia en Truth Social:<\/p>\n\n\n\n<blockquote class=\"wp-block-quote is-layout-flow wp-block-quote-is-layout-flow\">\n<p>\u00abEl gran, e incluso legendario, Charlie Kirk ha fallecido. Nadie comprendi\u00f3 ni tuvo el coraz\u00f3n de la juventud de Estados Unidos mejor que Charlie. Era querido y admirado por todos, especialmente por m\u00ed. Melania y yo expresamos nuestro m\u00e1s sentido p\u00e9same a su hermosa esposa Erika y a su familia. \u00a1Charlie, te queremos!\u00bb<\/p>\n<\/blockquote>\n\n\n\n<p>El ataque ocurri\u00f3 durante un evento universitario. Kirk participaba de la gira The American Comeback Tour, organizada por la filial de Turning Point USA en la universidad. Videos difundidos en redes sociales muestran el momento exacto del disparo, realizado desde el Losee Center, un edificio situado a unos 200 metros del escenario.<\/p>\n\n\n\n<p>La universidad confirm\u00f3 que Kirk fue la \u00fanica persona baleada. Testigos aseguran que la polic\u00eda detuvo a un individuo, pero hasta ahora no hay sospechosos bajo custodia.<\/p>\n\n\n\n<h2 class=\"wp-block-heading\">La izquierda vuelve a demostrar su violencia y odio al libre discurso<\/h2>\n\n\n\n<p>Este hecho no es aislado. Activistas conservadores y defensores del libre pensamiento han sido atacados en m\u00faltiples ocasiones en campus universitarios, evidenciando un patr\u00f3n de intolerancia y agresi\u00f3n por parte de sectores radicales de la izquierda.<\/p>\n\n\n\n<p>Charlie Kirk se convirti\u00f3 en un referente del movimiento juvenil conservador, movilizando a j\u00f3venes en m\u00e1s de 1.000 campus y defendiendo la libertad de expresi\u00f3n y los valores tradicionales. Su asesinato representa un nuevo episodio de violencia pol\u00edtica y de ataque a quienes defienden el libre discurso en Estados Unidos<\/p>\n\n\n\n<p>La noticia conmociona al mundo y reaviva el debate sobre la intolerancia y la violencia ideol\u00f3gica de ciertos sectores de la izquierda, que una vez m\u00e1s atacan a quienes piensan distinto.<\/p>\n","protected":false},"excerpt":{"rendered":"<p>Charlie Kirk, l\u00edder conservador y fundador de Turning Point USA, fue asesinado mientras daba una charla en la Universidad del Valle de Utah. Este nuevo ataque demuestra una vez m\u00e1s la violencia de la izquierda radical, que persiste en atacar a quienes defienden el libre discurso y los valores tradicionales en Estados Unidos. La intolerancia y el odio hacia la libertad de expresi\u00f3n se cobraron la vida de un joven activista.<\/p>\n","protected":false},"author":2,"featured_media":3779,"comment_status":"open","ping_status":"open","sticky":false,"template":"","format":"standard","meta":{"_acf_changed":false,"advanced_seo_description":"","jetpack_seo_html_title":"","jetpack_seo_noindex":false,"_jetpack_memberships_contains_paid_content":false,"footnotes":""},"categories":[10],"tags":[20],"class_list":["post-3776","post","type-post","status-publish","format-standard","has-post-thumbnail","hentry","category-internacionales","tag-destacados"],"acf":[],"jetpack_featured_media_url":"https:\/\/elliberador.com\/wp-content\/uploads\/2025\/09\/charlie-kirk-and-trump-04292020.webp","jetpack_sharing_enabled":true,"_links":{"self":[{"href":"https:\/\/elliberador.com\/index.php\/wp-json\/wp\/v2\/posts\/3776","targetHints":{"allow":["GET"]}}],"collection":[{"href":"https:\/\/elliberador.com\/index.php\/wp-json\/wp\/v2\/posts"}],"about":[{"href":"https:\/\/elliberador.com\/index.php\/wp-json\/wp\/v2\/types\/post"}],"author":[{"embeddable":true,"href":"https:\/\/elliberador.com\/index.php\/wp-json\/wp\/v2\/users\/2"}],"replies":[{"embeddable":true,"href":"https:\/\/elliberador.com\/index.php\/wp-json\/wp\/v2\/comments?post=3776"}],"version-history":[{"count":1,"href":"https:\/\/elliberador.com\/index.php\/wp-json\/wp\/v2\/posts\/3776\/revisions"}],"predecessor-version":[{"id":3780,"href":"https:\/\/elliberador.com\/index.php\/wp-json\/wp\/v2\/posts\/3776\/revisions\/3780"}],"wp:featuredmedia":[{"embeddable":true,"href":"https:\/\/elliberador.com\/index.php\/wp-json\/wp\/v2\/media\/3779"}],"wp:attachment":[{"href":"https:\/\/elliberador.com\/index.php\/wp-json\/wp\/v2\/media?parent=3776"}],"wp:term":[{"taxonomy":"category","embeddable":true,"href":"https:\/\/elliberador.com\/index.php\/wp-json\/wp\/v2\/categories?post=3776"},{"taxonomy":"post_tag","embeddable":true,"href":"https:\/\/elliberador.com\/index.php\/wp-json\/wp\/v2\/tags?post=3776"}],"curies":[{"name":"wp","href":"https:\/\/api.w.org\/{rel}","templated":true}]}}