{"id":3907,"date":"2025-09-30T19:50:23","date_gmt":"2025-09-30T22:50:23","guid":{"rendered":"https:\/\/elliberador.com\/?p=3907"},"modified":"2025-09-30T19:50:26","modified_gmt":"2025-09-30T22:50:26","slug":"milei-sera-recibido-por-trump-en-la-casa-blanca-el-14-de-octubre","status":"publish","type":"post","link":"https:\/\/elliberador.com\/index.php\/2025\/09\/30\/milei-sera-recibido-por-trump-en-la-casa-blanca-el-14-de-octubre\/","title":{"rendered":"Milei ser\u00e1 recibido por Trump en la Casa Blanca el 14 de octubre"},"content":{"rendered":"\n<p>El presidente <strong>Javier Milei<\/strong> realizar\u00e1 una visita oficial a Washington el pr\u00f3ximo <strong>14 de octubre<\/strong>, donde ser\u00e1 recibido por <strong>Donald Trump en el Sal\u00f3n Oval de la Casa Blanca<\/strong>. La reuni\u00f3n, confirmada por la Canciller\u00eda argentina, representa un <strong>nuevo gesto de respaldo pol\u00edtico y financiero de Estados Unidos hacia la Argentina<\/strong>, a solo doce d\u00edas de las elecciones de medio t\u00e9rmino.<\/p>\n\n\n\n<p>En el plano protocolar, la importancia del encuentro se refleja en que la comitiva argentina se alojar\u00e1 en <strong>Blair House<\/strong>, la residencia destinada a jefes de Estado en visita oficial, algo reservado a las relaciones bilaterales m\u00e1s cercanas.<\/p>\n\n\n\n<h2 class=\"wp-block-heading\"><strong>El contexto: apoyo pol\u00edtico y negociaciones con el FMI<\/strong><\/h2>\n\n\n\n<p>La visita se producir\u00e1 en paralelo a las <strong>reuniones anuales del Fondo Monetario Internacional (FMI)<\/strong> en Washington. All\u00ed, el ministro de Econom\u00eda, <strong>Luis Caputo<\/strong>, mantendr\u00e1 un encuentro clave con la directora del organismo, Kristalina Georgieva, para avanzar en la instrumentaci\u00f3n del paquete de asistencia dise\u00f1ado por el secretario del Tesoro, Scott Bessent.<\/p>\n\n\n\n<p>La foto de Milei junto a Trump en la Casa Blanca <strong>busca disipar dudas entre algunos directores europeos del FMI<\/strong>respecto a la fortaleza del apoyo de Estados Unidos a la gesti\u00f3n de La Libertad Avanza. En ese sentido, la reuni\u00f3n se interpreta como una se\u00f1al pol\u00edtica decisiva en un momento de fragilidad financiera para la Argentina.<\/p>\n\n\n\n<h2 class=\"wp-block-heading\"><strong>Temas en agenda: comercio, financiamiento y geopol\u00edtica<\/strong><\/h2>\n\n\n\n<p>En la cumbre Milei-Trump se espera abordar tres grandes ejes:<\/p>\n\n\n\n<ul class=\"wp-block-list\">\n<li><strong>Financiamiento internacional<\/strong>: discutir la implementaci\u00f3n de los mecanismos prometidos por el Tesoro norteamericano \u2014swap, standby o compras en el mercado en caso de emergencia financiera\u2014 que podr\u00edan ser vitales para estabilizar la econom\u00eda argentina.<\/li>\n\n\n\n<li><strong>Relaciones comerciales<\/strong>: Argentina insistir\u00e1 en la necesidad de revisar los <strong>aranceles impuestos por Estados Unidos<\/strong>, que actualmente alcanzan el 10% en varias exportaciones y hasta un 50% en acero y aluminio, con fuerte impacto en las industrias locales.<\/li>\n\n\n\n<li><strong>Geopol\u00edtica regional<\/strong>: la relaci\u00f3n con China ser\u00e1 otro de los puntos centrales. Trump busca frenar la expansi\u00f3n de Beijing en Am\u00e9rica Latina, mientras que Argentina mantiene un swap por 18.500 millones de d\u00f3lares con el Banco Central chino y proyectos de infraestructura y tecnolog\u00eda en diferentes provincias.<\/li>\n<\/ul>\n\n\n\n<figure class=\"wp-block-image size-large\"><img fetchpriority=\"high\" decoding=\"async\" width=\"1024\" height=\"683\" src=\"https:\/\/elliberador.com\/wp-content\/uploads\/2025\/09\/Caputo-Milei-Trump-1024x683.jpg\" alt=\"\" class=\"wp-image-3908\" srcset=\"https:\/\/elliberador.com\/wp-content\/uploads\/2025\/09\/Caputo-Milei-Trump-1024x683.jpg 1024w, https:\/\/elliberador.com\/wp-content\/uploads\/2025\/09\/Caputo-Milei-Trump-300x200.jpg 300w, https:\/\/elliberador.com\/wp-content\/uploads\/2025\/09\/Caputo-Milei-Trump-768x512.jpg 768w, https:\/\/elliberador.com\/wp-content\/uploads\/2025\/09\/Caputo-Milei-Trump-1536x1024.jpg 1536w, https:\/\/elliberador.com\/wp-content\/uploads\/2025\/09\/Caputo-Milei-Trump-2048x1365.jpg 2048w\" sizes=\"(max-width: 1024px) 100vw, 1024px\" \/><\/figure>\n\n\n\n<h2 class=\"wp-block-heading\"><strong>Una relaci\u00f3n ideol\u00f3gica y estrat\u00e9gic<\/strong>a<\/h2>\n\n\n\n<p>La sinton\u00eda entre Milei y Trump ya se evidenci\u00f3 en varios encuentros previos: la <strong>Cumbre de la CPAC<\/strong>, la reuni\u00f3n en <strong>Mar-a-Lago<\/strong> y la <strong>Asamblea General de la ONU<\/strong>. Sin embargo, la visita oficial al Sal\u00f3n Oval marca un <strong>salto cualitativo en la relaci\u00f3n bilateral<\/strong>, al consolidar a la Argentina como un socio estrat\u00e9gico para la administraci\u00f3n republicana.<\/p>\n\n\n\n<p>Desde la Canciller\u00eda argentina destacaron que el encuentro \u201c<strong>representa una nueva oportunidad para continuar fortaleciendo la asociaci\u00f3n estrat\u00e9gica entre ambos pa\u00edses, basada en valores compartidos de libertad, democracia y prosperidad<\/strong>\u201d.<\/p>\n\n\n\n<h2 class=\"wp-block-heading\"><strong>Un gesto pol\u00edtico en la previa electoral<\/strong><\/h2>\n\n\n\n<p>La reuni\u00f3n en la Casa Blanca se producir\u00e1 en la recta final hacia los <strong>comicios legislativos del 26 de octubre<\/strong>, donde Milei buscar\u00e1 consolidar su base de apoyo interno con una imagen de fortaleza internacional.<\/p>\n\n\n\n<p>El respaldo expl\u00edcito de Trump funciona, en este marco, como una <strong>se\u00f1al de confianza hacia los mercados y hacia los organismos internacionales<\/strong>, y al mismo tiempo, como una demostraci\u00f3n del peso que Argentina puede tener en la disputa geopol\u00edtica global entre Washington y Beijing.<\/p>\n","protected":false},"excerpt":{"rendered":"<p>El presidente Javier Milei ser\u00e1 recibido por Donald Trump el pr\u00f3ximo 14 de octubre en la Casa Blanca, en su primera visita oficial al Sal\u00f3n Oval. La comitiva argentina se alojar\u00e1 en Blair House, en un gesto que confirma la alianza estrat\u00e9gica entre Argentina y Estados Unidos.<\/p>\n","protected":false},"author":2,"featured_media":3909,"comment_status":"open","ping_status":"open","sticky":false,"template":"","format":"standard","meta":{"_acf_changed":false,"advanced_seo_description":"","jetpack_seo_html_title":"","jetpack_seo_noindex":false,"_jetpack_memberships_contains_paid_content":false,"footnotes":""},"categories":[10],"tags":[20],"class_list":["post-3907","post","type-post","status-publish","format-standard","has-post-thumbnail","hentry","category-internacionales","tag-destacados"],"acf":[],"jetpack_featured_media_url":"https:\/\/elliberador.com\/wp-content\/uploads\/2025\/09\/Milei-Trump3-1-scaled-2.jpg","jetpack_sharing_enabled":true,"_links":{"self":[{"href":"https:\/\/elliberador.com\/index.php\/wp-json\/wp\/v2\/posts\/3907","targetHints":{"allow":["GET"]}}],"collection":[{"href":"https:\/\/elliberador.com\/index.php\/wp-json\/wp\/v2\/posts"}],"about":[{"href":"https:\/\/elliberador.com\/index.php\/wp-json\/wp\/v2\/types\/post"}],"author":[{"embeddable":true,"href":"https:\/\/elliberador.com\/index.php\/wp-json\/wp\/v2\/users\/2"}],"replies":[{"embeddable":true,"href":"https:\/\/elliberador.com\/index.php\/wp-json\/wp\/v2\/comments?post=3907"}],"version-history":[{"count":1,"href":"https:\/\/elliberador.com\/index.php\/wp-json\/wp\/v2\/posts\/3907\/revisions"}],"predecessor-version":[{"id":3910,"href":"https:\/\/elliberador.com\/index.php\/wp-json\/wp\/v2\/posts\/3907\/revisions\/3910"}],"wp:featuredmedia":[{"embeddable":true,"href":"https:\/\/elliberador.com\/index.php\/wp-json\/wp\/v2\/media\/3909"}],"wp:attachment":[{"href":"https:\/\/elliberador.com\/index.php\/wp-json\/wp\/v2\/media?parent=3907"}],"wp:term":[{"taxonomy":"category","embeddable":true,"href":"https:\/\/elliberador.com\/index.php\/wp-json\/wp\/v2\/categories?post=3907"},{"taxonomy":"post_tag","embeddable":true,"href":"https:\/\/elliberador.com\/index.php\/wp-json\/wp\/v2\/tags?post=3907"}],"curies":[{"name":"wp","href":"https:\/\/api.w.org\/{rel}","templated":true}]}}