{"id":4001,"date":"2025-10-07T23:23:28","date_gmt":"2025-10-08T02:23:28","guid":{"rendered":"https:\/\/elliberador.com\/?p=4001"},"modified":"2025-10-07T23:23:30","modified_gmt":"2025-10-08T02:23:30","slug":"un-concejal-peronista-a-cargo-la-violencia-y-los-incidentes-en-la-ciudad-de-santa-fe","status":"publish","type":"post","link":"https:\/\/elliberador.com\/index.php\/2025\/10\/07\/un-concejal-peronista-a-cargo-la-violencia-y-los-incidentes-en-la-ciudad-de-santa-fe\/","title":{"rendered":"Un concejal peronista a cargo la violencia y los incidentes en la ciudad de Santa Fe"},"content":{"rendered":"\n<p>La visita del presidente <strong>Javier Milei<\/strong> a la ciudad de <strong>Santa Fe<\/strong> \u2014una jornada que deb\u00eda ser de celebraci\u00f3n y encuentro con los ciudadanos\u2014 estuvo marcada por momentos de tensi\u00f3n luego de que un <strong>grupo reducido de militantes peronistas<\/strong> intentara <strong>interrumpir el acto oficial<\/strong> que el mandatario encabezaba pac\u00edficamente en la zona del puerto.<\/p>\n\n\n\n<p>La maniobra, impulsada por sectores de la oposici\u00f3n, <strong>termin\u00f3 en un papel\u00f3n<\/strong>: no solo fracas\u00f3 en su intento de provocar disturbios, sino que dej\u00f3 en evidencia la <strong>desesperaci\u00f3n y el nerviosismo<\/strong> de ciertos sectores del kirchnerismo local frente al crecimiento del apoyo popular al presidente.<\/p>\n\n\n\n<p>Entre los manifestantes se encontraba el <strong>concejal electo del peronismo santafesino, Pedro Medei<\/strong>, quien \u2014seg\u00fan m\u00faltiples testigos y registros audiovisuales\u2014 <strong>lider\u00f3 y areng\u00f3 personalmente a los participantes de la protesta<\/strong>. Durante varios minutos, el grupo busc\u00f3 <strong>alterar el orden y provocar a los simpatizantes libertarios<\/strong>, que se encontraban all\u00ed de manera pac\u00edfica, acompa\u00f1ando el recorrido presidencial.<\/p>\n\n\n\n<figure class=\"wp-block-image size-large\"><img fetchpriority=\"high\" decoding=\"async\" width=\"768\" height=\"1024\" src=\"https:\/\/elliberador.com\/wp-content\/uploads\/2025\/10\/Imagen-de-WhatsApp-2025-10-07-a-las-23.21.00_bd2484d2-768x1024.jpg\" alt=\"\" class=\"wp-image-4003\" srcset=\"https:\/\/elliberador.com\/wp-content\/uploads\/2025\/10\/Imagen-de-WhatsApp-2025-10-07-a-las-23.21.00_bd2484d2-768x1024.jpg 768w, https:\/\/elliberador.com\/wp-content\/uploads\/2025\/10\/Imagen-de-WhatsApp-2025-10-07-a-las-23.21.00_bd2484d2-225x300.jpg 225w, https:\/\/elliberador.com\/wp-content\/uploads\/2025\/10\/Imagen-de-WhatsApp-2025-10-07-a-las-23.21.00_bd2484d2.jpg 960w\" sizes=\"(max-width: 768px) 100vw, 768px\" \/><\/figure>\n\n\n\n<h3 class=\"wp-block-heading\">Un intento de agresi\u00f3n frustrado<\/h3>\n\n\n\n<p>La situaci\u00f3n se desbord\u00f3 cuando uno de los manifestantes, ubicado junto a Medei, <strong>arroj\u00f3 una bolsa de basura contra la camioneta presidencial<\/strong>, en un claro intento de agresi\u00f3n. Sin embargo, <strong>la r\u00e1pida reacci\u00f3n de militantes libertarios<\/strong> presentes en el lugar permiti\u00f3 frenar el ataque y contener la situaci\u00f3n, <strong>sin que se registraran heridos ni da\u00f1os materiales<\/strong>.<\/p>\n\n\n\n<p>El personal de seguridad, sorprendido por la acci\u00f3n del grupo violento, <strong>actu\u00f3 con calma y profesionalismo<\/strong> para dispersar a los agresores, mientras el presidente Milei <strong>continu\u00f3 con su agenda con total serenidad<\/strong>, demostrando, una vez m\u00e1s, que la provocaci\u00f3n no detiene su compromiso con la gente.<\/p>\n\n\n\n<h3 class=\"wp-block-heading\">Medei, el \u201csoldado\u201d de Cachi Mart\u00ednez<\/h3>\n\n\n\n<p>Fuentes locales se\u00f1alan que <strong>Pedro Medei es un estrecho colaborador de Oscar \u201cCachi\u201d Mart\u00ednez<\/strong>, un <strong>experimentado operador pol\u00edtico del kirchnerismo santafesino<\/strong>, con <strong>extensos y oscuros antecedentes<\/strong> dentro del Partido Justicialista provincial. Mart\u00ednez, que lleva d\u00e9cadas construyendo poder a trav\u00e9s de estructuras clientelares, <strong>ha sido denunciado por el uso de planes sociales como herramienta de control pol\u00edtico<\/strong>, <strong>la manipulaci\u00f3n de comedores fantasmas<\/strong> y <strong>v\u00ednculos con entramados de corrupci\u00f3n y narcotr\u00e1fico<\/strong> en la ciudad de Santa Fe.<\/p>\n\n\n\n<p>Medei, considerado uno de sus \u201csoldados pol\u00edticos\u201d, <strong>habr\u00eda llevado al acto a un grupo de beneficiarios de planes sociales<\/strong>, <strong>obligados a asistir bajo amenaza de perder sus ayudas estatales<\/strong>, una pr\u00e1ctica que en los \u00faltimos a\u00f1os se volvi\u00f3 costumbre en las movilizaciones organizadas por los sectores m\u00e1s radicalizados del kirchnerismo.<\/p>\n\n\n\n<h3 class=\"wp-block-heading\">Manipulaci\u00f3n y cinismo pol\u00edtico<\/h3>\n\n\n\n<p>Lejos de asumir responsabilidad por los hechos, <strong>Medei intent\u00f3 victimizarse<\/strong> tras el episodio. En redes sociales, difundi\u00f3 una <strong>versi\u00f3n falsa<\/strong> en la que se present\u00f3 como <strong>v\u00edctima de una supuesta represi\u00f3n<\/strong>, acusando al Gobierno nacional de lo sucedido.<br>No obstante, <strong>los videos que comenzaron a circular minutos despu\u00e9s lo desmintieron por completo<\/strong>: en todos ellos se observa <strong>al grupo peronista iniciando las agresiones<\/strong>, instigado por las arengas del propio concejal.<\/p>\n\n\n\n<p>\u201c<strong>Todo estaba preparado para un acto pac\u00edfico, pero este grupo vino con la clara intenci\u00f3n de provocar<\/strong>\u201d, aseguraron fuentes cercanas a la organizaci\u00f3n del evento.<br>Desde el <strong>entorno presidencial<\/strong> tambi\u00e9n repudiaron los hechos, destacando que la <strong>visita de Milei a Santa Fe simboliz\u00f3 esperanza y cambio<\/strong>, mientras \u201c<strong>algunos sectores minoritarios siguen optando por la violencia y la mentira<\/strong>\u201d.<\/p>\n\n\n\n<h3 class=\"wp-block-heading\">Una vieja pr\u00e1ctica de la pol\u00edtica tradicional<\/h3>\n\n\n\n<p>El episodio encaja en un <strong>patr\u00f3n que se repite a lo largo del pa\u00eds<\/strong>: <strong>intentos de sabotaje pol\u00edtico<\/strong> organizados por estructuras que se resisten a perder el control de los recursos estatales.<br>Con <strong>la pol\u00edtica clientelar en retroceso<\/strong> y <strong>la transparencia en ascenso<\/strong>, el kirchnerismo santafesino \u2014de la mano de figuras como Cachi Mart\u00ednez y su delf\u00edn Medei\u2014 <strong>busca sostener su poder a trav\u00e9s de la agitaci\u00f3n y la desinformaci\u00f3n<\/strong>.<\/p>\n\n\n\n<p>Sin embargo, <strong>la sociedad ya cambi\u00f3<\/strong>.<br>Los santafesinos, como gran parte del pa\u00eds, <strong>ya no se dejan manipular<\/strong>. Intentaron boicotear al presidente, pero <strong>solo lograron exponer qui\u00e9nes siguen apostando al odio<\/strong> y <strong>qui\u00e9nes defienden la libertad<\/strong>.<\/p>\n\n\n\n<hr class=\"wp-block-separator has-alpha-channel-opacity\"\/>\n\n\n\n<p><strong>Desde El Liberador,<\/strong> la conclusi\u00f3n es clara:<br>Lo ocurrido en Santa Fe <strong>no fue un hecho aislado<\/strong>, sino la <strong>expresi\u00f3n m\u00e1s visible de un sistema que se resiste a morir<\/strong>.<br>Un sistema que <strong>confunde poder con impunidad<\/strong> y que, al sentirse acorralado por la verdad y la libertad, <strong>recurre a la violencia, la mentira y el clientelismo<\/strong>.<\/p>\n","protected":false},"excerpt":{"rendered":"<p>Pedro Medei, soldado pol\u00edtico de Cachi Mart\u00ednez, reaparece como rostro visible del kirchnerismo violento en Santa Fe<\/p>\n","protected":false},"author":2,"featured_media":4002,"comment_status":"open","ping_status":"open","sticky":false,"template":"","format":"standard","meta":{"_acf_changed":false,"advanced_seo_description":"","jetpack_seo_html_title":"","jetpack_seo_noindex":false,"_jetpack_memberships_contains_paid_content":false,"footnotes":""},"categories":[36],"tags":[20],"class_list":["post-4001","post","type-post","status-publish","format-standard","has-post-thumbnail","hentry","category-seguridad","tag-destacados"],"acf":[],"jetpack_featured_media_url":"https:\/\/elliberador.com\/wp-content\/uploads\/2025\/10\/Imagen-de-WhatsApp-2025-10-07-a-las-23.21.00_f6a57536.jpg","jetpack_sharing_enabled":true,"_links":{"self":[{"href":"https:\/\/elliberador.com\/index.php\/wp-json\/wp\/v2\/posts\/4001","targetHints":{"allow":["GET"]}}],"collection":[{"href":"https:\/\/elliberador.com\/index.php\/wp-json\/wp\/v2\/posts"}],"about":[{"href":"https:\/\/elliberador.com\/index.php\/wp-json\/wp\/v2\/types\/post"}],"author":[{"embeddable":true,"href":"https:\/\/elliberador.com\/index.php\/wp-json\/wp\/v2\/users\/2"}],"replies":[{"embeddable":true,"href":"https:\/\/elliberador.com\/index.php\/wp-json\/wp\/v2\/comments?post=4001"}],"version-history":[{"count":1,"href":"https:\/\/elliberador.com\/index.php\/wp-json\/wp\/v2\/posts\/4001\/revisions"}],"predecessor-version":[{"id":4004,"href":"https:\/\/elliberador.com\/index.php\/wp-json\/wp\/v2\/posts\/4001\/revisions\/4004"}],"wp:featuredmedia":[{"embeddable":true,"href":"https:\/\/elliberador.com\/index.php\/wp-json\/wp\/v2\/media\/4002"}],"wp:attachment":[{"href":"https:\/\/elliberador.com\/index.php\/wp-json\/wp\/v2\/media?parent=4001"}],"wp:term":[{"taxonomy":"category","embeddable":true,"href":"https:\/\/elliberador.com\/index.php\/wp-json\/wp\/v2\/categories?post=4001"},{"taxonomy":"post_tag","embeddable":true,"href":"https:\/\/elliberador.com\/index.php\/wp-json\/wp\/v2\/tags?post=4001"}],"curies":[{"name":"wp","href":"https:\/\/api.w.org\/{rel}","templated":true}]}}