{"id":4005,"date":"2025-10-08T00:23:14","date_gmt":"2025-10-08T03:23:14","guid":{"rendered":"https:\/\/elliberador.com\/?p=4005"},"modified":"2025-10-08T00:39:29","modified_gmt":"2025-10-08T03:39:29","slug":"aniversario-del-7-de-octubre-del-ataque-terrorista-de-hamas-a-la-guerra-en-gaza","status":"publish","type":"post","link":"https:\/\/elliberador.com\/index.php\/2025\/10\/08\/aniversario-del-7-de-octubre-del-ataque-terrorista-de-hamas-a-la-guerra-en-gaza\/","title":{"rendered":"Aniversario del 7 de octubre: el mayor ataque terrorista de Ham\u00e1s sobre Israel que desat\u00f3 la guerra"},"content":{"rendered":"\n<p>El 7 de octubre de 2023, Israel sufri\u00f3 el peor ataque terrorista de su historia en manos del grupo islamista Ham\u00e1s. Aquella <strong>invasi\u00f3n sorpresa desde Gaza<\/strong> dej\u00f3 un rastro de horror: <strong>unas 1.195 personas asesinadas<\/strong> (766 civiles \u2013 36 de ellos ni\u00f1os \u2013 y 373 militares) y <strong>251 secuestrados<\/strong> como rehenes llevados a Gaza. Fue <strong>la jornada m\u00e1s sangrienta para el pueblo jud\u00edo desde el Holocausto<\/strong>. Este ataque sin precedentes desat\u00f3 inmediatamente <strong>una guerra en la Franja de Gaza<\/strong>, cuyo impacto se sigue sintiendo hasta hoy.<\/p>\n\n\n\n<h2 class=\"wp-block-heading\">El ataque terrorista del 7 de octubre de 2023<\/h2>\n\n\n\n<p>En la ma\u00f1ana del 7 de octubre, miles de militantes de Ham\u00e1s <strong>irrumpieron en territorio israel\u00ed<\/strong> tras bombardear las defensas fronterizas con <em>cohetes<\/em> y usar planeadores motorizados. Las <strong>comunidades civiles cercanas a Gaza<\/strong> fueron blanco directo. Los terroristas arrasaron el <em>festival de m\u00fasica Nova<\/em>, asaltaron bases militares y masacraron a familias enteras en varios <strong>kibutz<\/strong> de la zona fronteriza. Hombres, mujeres, ni\u00f1os y ancianos fueron ejecutados sin piedad en sus casas.<\/p>\n\n\n\n<p>Las escenas de aquel d\u00eda estremecen por su brutalidad. <strong>Ham\u00e1s perpetr\u00f3 asesinatos masivos de civiles desarmados<\/strong>, incluso beb\u00e9s y menores de edad, con una crueldad que Israel compar\u00f3 con las atrocidades cometidas por el ISIS. Los terroristas <strong>incendiaron viviendas con familias dentro, tirotearon veh\u00edculos en las carreteras y atacaron incluso a los asistentes de un concierto<\/strong> al aire libre, dejando cientos de cad\u00e1veres a su paso. <em>\u201cCuando alguien salta una cerca, entra en la casa de una familia y <strong>quema a su beb\u00e9 en su cuna<\/strong>, no importa cu\u00e1l diga que es su causa: es un acto de maldad absoluta\u201d<\/em>, sentenci\u00f3 con indignaci\u00f3n el presentador estadounidense Dr. Phil al describir los hechos.<\/p>\n\n\n\n<figure class=\"wp-block-video\"><video height=\"1086\" style=\"aspect-ratio: 720 \/ 1086;\" width=\"720\" controls src=\"https:\/\/elliberador.com\/wp-content\/uploads\/2025\/10\/ssstwitter.com_1759893418718.mp4\"><\/video><figcaption class=\"wp-element-caption\">As\u00ed tratan a las mujeres el islamismo que la izquierda feminista defiende<\/figcaption><\/figure>\n\n\n\n<h2 class=\"wp-block-heading\">V\u00edctimas y atrocidades documentadas<\/h2>\n\n\n\n<p>Las cifras del ataque son escalofriantes. <strong>Murieron alrededor de 1.200 israel\u00edes<\/strong>, en su mayor\u00eda civiles, entre ellos decenas de ni\u00f1os, y <strong>unos 250 fueron tomados como rehenes<\/strong>. Investigaciones independientes y organismos de derechos humanos han confirmado que lo ocurrido <strong>no fue un \u201cexceso\u201d en el calor del combate<\/strong>, sino una matanza planificada de civiles constitutiva de <strong>cr\u00edmenes de guerra y cr\u00edmenes de lesa humanidad<\/strong>. Entre los cr\u00edmenes cometidos aquel d\u00eda se cuentan, por ejemplo:<\/p>\n\n\n\n<ul class=\"wp-block-list\">\n<li><strong>Asesinatos deliberados de familias enteras<\/strong> en sus hogares, con ancianos, padres e hijos ejecutados uno por uno. Organismos como Human Rights Watch documentaron <strong>ejecuciones sumarias<\/strong> de civiles en al menos 19 comunidades atacadas. Ham\u00e1s y otras facciones armadas <em>\u201cdise\u00f1aron el asalto del 7 de octubre para <strong>matar civiles<\/strong> y tomar el mayor n\u00famero de rehenes posible\u201d<\/em>, concluy\u00f3 un reporte forense de HRW.<\/li>\n\n\n\n<li><strong>Violaciones y abusos sexuales<\/strong>: decenas de mujeres sufrieron agresiones sexuales atroces durante el ataque. Posteriores ex\u00e1menes forenses hallaron evidencia de violaciones, mutilaciones y otros ultrajes, aunque Ham\u00e1s y la izquierda internacional c\u00ednicamente neg\u00f3 estos hechos pese a las pruebas.<\/li>\n\n\n\n<li><strong>Torturas y mutilaciones<\/strong>: sobrevivientes y rescatistas relataron escenas dantescas, con cuerpos decapitados o quemados. En Kibutz Kfar Aza, por ejemplo, los atacantes dejaron cad\u00e1veres de <strong>beb\u00e9s decapitados y personas calcinadas<\/strong> entre los escombros, seg\u00fan testimonios recogidos por militares israel\u00edes (hallazgos que luego se exhibieron como prueba del salvajismo del ataque). Las <strong>\u00f3rdenes escritas de Ham\u00e1s<\/strong> incautadas tras la masacre revelaron instrucciones expl\u00edcitas de <strong>\u201cviolar a las mujeres, quemar a los beb\u00e9s vivos y secuestrar a cientos\u201d<\/strong> de civiles \u2013 una lista de horrores que los terroristas <em>efectivamente llevaron a cabo<\/em>.<\/li>\n\n\n\n<li><strong>Secuestro masivo de rehenes<\/strong>: Alrededor de <strong>250 israel\u00edes fueron raptados<\/strong> y llevados a Gaza esa ma\u00f1ana, entre ellos ni\u00f1os (incluso beb\u00e9s de pocos meses), madres, abuelos de m\u00e1s de 80 a\u00f1os y familias enteras. Las im\u00e1genes de v\u00edctimas \u2013 incluyendo mujeres ensangrentadas y atadas siendo subidas a motocicletas o camionetas \u2013 dieron la vuelta al mundo, ilustrando el <strong>car\u00e1cter terrorista y despiadado<\/strong> de la operaci\u00f3n.<\/li>\n<\/ul>\n\n\n\n<p>La comunidad internacional conden\u00f3 de inmediato la masacre del 7 de octubre como un <strong>acto terrorista de barbarie in\u00e9dita<\/strong> en d\u00e9cadas. En Israel, el impacto emocional y psicol\u00f3gico fue comparable al del 11-S en Estados Unidos: una sensaci\u00f3n de vulnerabilidad absoluta ante unos atacantes que no mostraron <em>ning\u00fan respeto por la vida humana<\/em>.<\/p>\n\n\n\n<h2 class=\"wp-block-heading\">Rehenes en cautiverio y condiciones infrahumanas<\/h2>\n\n\n\n<p>Desde el primer d\u00eda, Ham\u00e1s dej\u00f3 claro que usar\u00eda a los <strong>rehenes como moneda de cambio<\/strong>. Decenas de civiles israel\u00edes \u2013 hombres y mujeres, desde ni\u00f1os de apenas 9 meses hasta ancianos de m\u00e1s de 85 a\u00f1os \u2013 fueron arrastrados a Gaza y <strong>encarcelados en condiciones infrahumanas<\/strong>. Muchos fueron hacinados en oscuros t\u00faneles subterr\u00e1neos, <strong>sin luz solar, con poca comida o agua, y sometidos a tratos crueles<\/strong>, seg\u00fan relataron algunos sobrevivientes liberados tras semanas de cautiverio.<\/p>\n\n\n\n<p>A medida que avanz\u00f3 la guerra, Ham\u00e1s difundi\u00f3 videos propagand\u00edsticos donde mostraba a algunos rehenes con vida para presionar negociaciones, mientras otros cautivos <strong>fallecieron por la dureza del cautiverio o fueron asesinados<\/strong>. Familias enteras quedaron desgarradas: m\u00e1s de 30 ni\u00f1os pasaron meses sin sus padres, y viceversa, sin saber si estaban vivos o muertos.<\/p>\n\n\n\n<p>Tras intensas negociaciones mediadas internacionalmente, Ham\u00e1s liber\u00f3 a varias decenas de rehenes en intercambios por prisioneros palestinos a fines de 2023. Sin embargo, <strong>al cumplirse dos a\u00f1os del ataque a\u00fan quedaban 47 personas cautivas en Gaza<\/strong>, bajo control de Ham\u00e1s u otras milicias aliadas, <em>\u201cen condiciones <strong>infrahumanas<\/strong> y violando todas las leyes internacionales\u201d<\/em>. De ellas, se cree que <strong>solo una veintena seguir\u00edan con vida<\/strong>, mientras que el resto habr\u00edan muerto en cautiverio (algunos por enfermedades no tratadas, otros bajo bombardeos). La incertidumbre y el dolor de los familiares de estos rehenes <strong>contin\u00faan hasta hoy<\/strong>, sin que Ham\u00e1s brinde informaci\u00f3n fidedigna sobre su destino.<\/p>\n\n\n\n<figure class=\"wp-block-image size-large\"><img fetchpriority=\"high\" decoding=\"async\" width=\"1024\" height=\"576\" src=\"https:\/\/elliberador.com\/wp-content\/uploads\/2025\/10\/G2qCVqvW0AAGjId-1024x576.jpeg\" alt=\"\" class=\"wp-image-4009\" srcset=\"https:\/\/elliberador.com\/wp-content\/uploads\/2025\/10\/G2qCVqvW0AAGjId-1024x576.jpeg 1024w, https:\/\/elliberador.com\/wp-content\/uploads\/2025\/10\/G2qCVqvW0AAGjId-300x169.jpeg 300w, https:\/\/elliberador.com\/wp-content\/uploads\/2025\/10\/G2qCVqvW0AAGjId-768x432.jpeg 768w, https:\/\/elliberador.com\/wp-content\/uploads\/2025\/10\/G2qCVqvW0AAGjId.jpeg 1200w\" sizes=\"(max-width: 1024px) 100vw, 1024px\" \/><figcaption class=\"wp-element-caption\">Palestinos de Ham\u00e1s con una mujer supuestamente muerta como trofeo de guerra durante el ataque del 7 de octubre de 2023<\/figcaption><\/figure>\n\n\n\n<h2 class=\"wp-block-heading\">La guerra desatada en Gaza y sus consecuencias<\/h2>\n\n\n\n<p>El horror del 7 de octubre provoc\u00f3 una respuesta fulminante de Israel. <strong>Horas despu\u00e9s del ataque<\/strong>, el gobierno israel\u00ed declar\u00f3 el estado de guerra y lanz\u00f3 la <strong>operaci\u00f3n \u201cEspadas de Hierro\u201d<\/strong> para <strong>destruir a Ham\u00e1s<\/strong> en la Franja de Gaza. Lo que sigui\u00f3 fue un conflicto de alta intensidad: <strong>bombardeos masivos<\/strong> sobre posiciones de Ham\u00e1s, combates urbanos en las calles de Gaza y un asedio total al territorio controlado por el grupo islamista.<\/p>\n\n\n\n<p>Israel argument\u00f3 que <strong>no ten\u00eda otra opci\u00f3n<\/strong> frente a un enemigo que hab\u00eda cometido semejante masacre de civiles. El objetivo declarado era <strong>desmantelar la infraestructura militar de Ham\u00e1s<\/strong>, eliminar a sus l\u00edderes y recuperar a los rehenes. En la pr\u00e1ctica, la guerra desencadenada tuvo un coste humano enorme tambi\u00e9n para la poblaci\u00f3n de Gaza: los combates y bombardeos prolongados causaron miles de muertos y heridos palestinos (incluyendo civiles atrapados en el fuego cruzado), y destruyeron gran parte de la ciudad de Gaza y otras localidades. Al cabo de semanas de lucha, <strong>Ham\u00e1s fue expulsado de sus bastiones urbanos<\/strong> \u2013 t\u00faneles incluidos \u2013 pero <strong>las secuelas humanitarias<\/strong> en Gaza fueron devastadoras, agravando una crisis que ya exist\u00eda en el enclave bloqueado desde a\u00f1os atr\u00e1s.<\/p>\n\n\n\n<p>Diversos analistas se\u00f1alaron que Ham\u00e1s, al planear su asalto, <em>anticipaba<\/em> que la represalia israel\u00ed ser\u00eda feroz y devastadora para Gaza \u2013 y <strong>buscaba exactamente ese resultado<\/strong> para galvanizar a sus seguidores y la opini\u00f3n p\u00fablica regional contra Israel. En este sentido, Ham\u00e1s actu\u00f3 <strong>c\u00ednicamente<\/strong>: sacrific\u00f3 a la poblaci\u00f3n gazat\u00ed al esconderse entre civiles y usar escudos humanos, esperando obtener r\u00e9dito pol\u00edtico del sufrimiento que provocar\u00eda la inevitable respuesta militar israel\u00ed.<\/p>\n\n\n\n<p>Tras varios meses de conflicto, la guerra entr\u00f3 en una fase de menor intensidad, pero <strong>la regi\u00f3n qued\u00f3 profundamente marcada<\/strong>. En Israel, el <strong>trauma colectivo<\/strong> por la masacre del 7-O perdura; en Gaza, la destrucci\u00f3n y p\u00e9rdidas humanas han dejado heridas dif\u00edciles de sanar. La comunidad internacional, por su parte, qued\u00f3 dividida entre quienes respaldaron el derecho de Israel a defenderse de un terrorismo brutal, y quienes criticaron el elevado coste en vidas civiles palestinas.<\/p>\n\n\n\n<h2 class=\"wp-block-heading\">Fanatismo religioso: la ideolog\u00eda detr\u00e1s de Ham\u00e1s<\/h2>\n\n\n\n<p>Para entender la magnitud de lo ocurrido el 7 de octubre, es necesario comprender la <strong>ideolog\u00eda extremista<\/strong> que motiv\u00f3 a sus perpetradores. Ham\u00e1s no es simplemente un movimiento nacionalista palestino: es, ante todo, un grupo <strong>islamista radical<\/strong> que promueve una visi\u00f3n teocr\u00e1tica y milenarista. Sus militantes act\u00faan convencidos de librar una <em>\u201cguerra santa\u201d<\/em> (<em>yihad<\/em>) en la que <strong>el enemigo no es solo Israel, sino cualquier sociedad no sometida a su interpretaci\u00f3n del islam<\/strong>.<\/p>\n\n\n\n<p>Mosab Hassan Yousef \u2013 conocido como el \u201cHijo de Ham\u00e1s\u201d por ser hijo de uno de los fundadores del grupo \u2013 ofrece una perspectiva reveladora al respecto. Yousef creci\u00f3 dentro de la \u00e9lite de Ham\u00e1s, pero a\u00f1os despu\u00e9s reneg\u00f3 de la organizaci\u00f3n y colabor\u00f3 con Israel para frenar ataques terroristas. Desde su experiencia, \u00e9l ha denunciado abiertamente el <em>fanatismo violento<\/em> de Ham\u00e1s y su desprecio por la vida. <em>\u201cHamas no est\u00e1 solo en guerra con Israel. <strong>Est\u00e1 en guerra con los jud\u00edos, con los cristianos y contra los propios fundamentos de la civilizaci\u00f3n<\/strong>\u201d<\/em>, afirm\u00f3 Yousef en una entrevista, subrayando que la ambici\u00f3n \u00faltima del grupo es <strong>imponer el islamismo radical y eliminar a quienes no lo acepten<\/strong>. En su educaci\u00f3n dentro de Ham\u00e1s, cuenta, <em>\u201cme ense\u00f1aron desde ni\u00f1o que <strong>a los jud\u00edos hay que matarlos, a los cristianos eliminarlos y a los \u2018infieles\u2019 subyugarlos<\/strong>\u201d<\/em>. Esta mentalidad absolutista \u2013 que considera <strong>\u201ccriminal\u201d o imp\u00edo a todo aquel que no sea musulm\u00e1n radical<\/strong> \u2013 es la que alimenta la violencia indiscriminada de grupos como Ham\u00e1s.<\/p>\n\n\n\n<p>Yousef describe a Ham\u00e1s como un <strong>\u201cculto de la muerte\u201d<\/strong> (<em>death cult<\/em>) que <strong>no busca ning\u00fan compromiso ni soluci\u00f3n de dos Estados<\/strong>, sino \u00fanicamente <em>la aniquilaci\u00f3n del otro<\/em>. <em>\u201cHamas es un monstruo que empuja a todo Oriente Medio hacia una guerra global\u201d<\/em>, advirti\u00f3, <strong>indignado por la glorificaci\u00f3n<\/strong> que algunos sectores hacen de la causa de Ham\u00e1s ignorando sus cr\u00edmenes. Incluso lleg\u00f3 a afirmar que, tras la barbarie del 7 de octubre, <em>\u201cno hay diferencia entre Ham\u00e1s y el pueblo palestino\u201d<\/em>, criticando que la sociedad gobernada por Ham\u00e1s ha abrazado ese odio y que <em>\u201cen realidad no existen los palestinos [unidos], sino tribus que, si no tuvieran a Israel como enemigo com\u00fan, se pelear\u00edan entre ellas\u201d<\/em>.<\/p>\n\n\n\n<figure class=\"wp-block-image size-full\"><img decoding=\"async\" width=\"785\" height=\"900\" src=\"https:\/\/elliberador.com\/wp-content\/uploads\/2025\/10\/Gn9JhIYWwAAAaqA.jpeg\" alt=\"\" class=\"wp-image-4010\" srcset=\"https:\/\/elliberador.com\/wp-content\/uploads\/2025\/10\/Gn9JhIYWwAAAaqA.jpeg 785w, https:\/\/elliberador.com\/wp-content\/uploads\/2025\/10\/Gn9JhIYWwAAAaqA-262x300.jpeg 262w, https:\/\/elliberador.com\/wp-content\/uploads\/2025\/10\/Gn9JhIYWwAAAaqA-768x881.jpeg 768w\" sizes=\"(max-width: 785px) 100vw, 785px\" \/><figcaption class=\"wp-element-caption\">Yihadista antes de asesinar a madre enferma y su hija en el ataque a Israel<\/figcaption><\/figure>\n\n\n\n<h2 class=\"wp-block-heading\">Reflexi\u00f3n final<\/h2>\n\n\n\n<p>Al cumplirse este aniversario del 7 de octubre, el recuerdo de la <strong>masacre perpetrada por Ham\u00e1s<\/strong> sigue siendo profundamente doloroso. Las im\u00e1genes de comunidades enteras diezmadas, de madres con sus hijos asesinados, de j\u00f3venes torturados y rehenes aterrorizados, <strong>no se borrar\u00e1n jam\u00e1s de la memoria colectiva<\/strong> de Israel. Aquel ataque no solo desencaden\u00f3 una guerra; tambi\u00e9n fue un <strong>llamado de atenci\u00f3n al mundo<\/strong> sobre los peligros del extremismo religioso descontrolado.<\/p>\n\n\n\n<p>El legado del 7-O es una sombr\u00eda lecci\u00f3n: <strong>el fanatismo y el odio convierten a seres humanos comunes en asesinos despiadados<\/strong>. Ham\u00e1s demostr\u00f3 con sus actos que <strong>no respeta ning\u00fan principio b\u00e1sico de humanidad<\/strong>, y que est\u00e1 dispuesto a sacrificar incluso a su propio pueblo con tal de avanzar su agenda totalitaria. <em>\u201cEsta no es una lucha pol\u00edtica, es una guerra religiosa\u2026 Si el mundo no lo entiende, todos pagar\u00e1n el precio\u201d<\/em>, advirti\u00f3 Mosab Hassan Yousef. Dos a\u00f1os despu\u00e9s, esas palabras resuenan con verdad.<\/p>\n\n\n\n<p>En \u00faltima instancia, <strong>el 7 de octubre de 2023 marc\u00f3 un antes y un despu\u00e9s<\/strong>. Israel reafirma que <strong>no puede permitirse la existencia de una organizaci\u00f3n como Ham\u00e1s<\/strong> en su frontera, tras haber visto de lo que es capaz. Y a nivel internacional, qued\u00f3 expuesto que los <em>discursos de odio y la ideolog\u00eda yihadista<\/em> de grupos terroristas son una amenaza no solo para Israel, sino para <strong>los valores universales de la vida y la libertad<\/strong>. En este aniversario de dolor, la comunidad global enfrenta el reto de <strong>recordar la barbarie para no repetirla<\/strong>, de apoyar a las v\u00edctimas y de <em>no ceder ante el terror<\/em>. Porque la paz nunca podr\u00e1 construirse sobre la negaci\u00f3n de la justicia ni sobre la <strong>impunidad de los fan\u00e1ticos<\/strong>. El 7 de octubre ser\u00e1 recordado como el d\u00eda en que la barbarie golpe\u00f3 a inocentes, pero tambi\u00e9n como el d\u00eda en que el mundo vio, con estremecedora claridad, <strong>el rostro del extremismo<\/strong> al que hay que enfrentar para que algo as\u00ed <em>no vuelva a suceder<\/em>.<\/p>\n","protected":false},"excerpt":{"rendered":"<p>A un a\u00f1o del ataque terrorista del 7 de octubre de 2023, el mundo recuerda la jornada m\u00e1s sangrienta en la historia reciente de Israel: m\u00e1s de 1.200 civiles asesinados, familias enteras masacradas y cientos de rehenes secuestrados por Ham\u00e1s en una ola de barbarie que reaviv\u00f3 la guerra en Gaza.<\/p>\n","protected":false},"author":2,"featured_media":4006,"comment_status":"open","ping_status":"open","sticky":false,"template":"","format":"standard","meta":{"_acf_changed":false,"advanced_seo_description":"","jetpack_seo_html_title":"","jetpack_seo_noindex":false,"_jetpack_memberships_contains_paid_content":false,"footnotes":""},"categories":[10],"tags":[20],"class_list":["post-4005","post","type-post","status-publish","format-standard","has-post-thumbnail","hentry","category-internacionales","tag-destacados"],"acf":[],"jetpack_featured_media_url":"https:\/\/elliberador.com\/wp-content\/uploads\/2025\/10\/68e4a96539e84.image_.jpg","jetpack_sharing_enabled":true,"_links":{"self":[{"href":"https:\/\/elliberador.com\/index.php\/wp-json\/wp\/v2\/posts\/4005","targetHints":{"allow":["GET"]}}],"collection":[{"href":"https:\/\/elliberador.com\/index.php\/wp-json\/wp\/v2\/posts"}],"about":[{"href":"https:\/\/elliberador.com\/index.php\/wp-json\/wp\/v2\/types\/post"}],"author":[{"embeddable":true,"href":"https:\/\/elliberador.com\/index.php\/wp-json\/wp\/v2\/users\/2"}],"replies":[{"embeddable":true,"href":"https:\/\/elliberador.com\/index.php\/wp-json\/wp\/v2\/comments?post=4005"}],"version-history":[{"count":4,"href":"https:\/\/elliberador.com\/index.php\/wp-json\/wp\/v2\/posts\/4005\/revisions"}],"predecessor-version":[{"id":4015,"href":"https:\/\/elliberador.com\/index.php\/wp-json\/wp\/v2\/posts\/4005\/revisions\/4015"}],"wp:featuredmedia":[{"embeddable":true,"href":"https:\/\/elliberador.com\/index.php\/wp-json\/wp\/v2\/media\/4006"}],"wp:attachment":[{"href":"https:\/\/elliberador.com\/index.php\/wp-json\/wp\/v2\/media?parent=4005"}],"wp:term":[{"taxonomy":"category","embeddable":true,"href":"https:\/\/elliberador.com\/index.php\/wp-json\/wp\/v2\/categories?post=4005"},{"taxonomy":"post_tag","embeddable":true,"href":"https:\/\/elliberador.com\/index.php\/wp-json\/wp\/v2\/tags?post=4005"}],"curies":[{"name":"wp","href":"https:\/\/api.w.org\/{rel}","templated":true}]}}