{"id":4083,"date":"2025-10-12T15:24:51","date_gmt":"2025-10-12T18:24:51","guid":{"rendered":"https:\/\/elliberador.com\/?p=4083"},"modified":"2025-10-12T15:26:27","modified_gmt":"2025-10-12T18:26:27","slug":"romina-diez-cruzo-a-caren-tepp-y-la-tildo-de-generar-odio-de-genero","status":"publish","type":"post","link":"https:\/\/elliberador.com\/index.php\/2025\/10\/12\/romina-diez-cruzo-a-caren-tepp-y-la-tildo-de-generar-odio-de-genero\/","title":{"rendered":"Romina Diez cruz\u00f3 a Caren Tepp y la tild\u00f3 de generar odio de g\u00e9nero"},"content":{"rendered":"\n<p>En una serie de posteos replicados por medios locales, la diputada nacional <strong>Romina Diez<\/strong> (La Libertad Avanza) sali\u00f3 a cuestionar el discurso con el que <strong>Caren Tepp<\/strong> \u2013candidata peronista que encabeza la lista de <strong>Fuerza Patria<\/strong> en Santa Fe\u2013 busca interpelar al electorado femenino. \u201c\u00bfPor qu\u00e9 tanto odio? Lo importante es que haya <strong>igualdad ante la ley<\/strong>, <strong>no una guerra de g\u00e9neros<\/strong>\u201d, escribi\u00f3 Diez, al tiempo que pidi\u00f3 a los santafesinos \u201cno dejarse arrastrar por un relato que divide\u201d y alert\u00f3 que \u201c<strong>los hombres santafesinos deber\u00edan tener cuidado<\/strong> con que se instale este relato otra vez\u201d. Las frases abrieron un debate en plena recta final hacia el 26 de octubre.<\/p>\n\n\n\n<figure class=\"wp-block-image size-full\"><img fetchpriority=\"high\" decoding=\"async\" width=\"749\" height=\"514\" src=\"https:\/\/elliberador.com\/wp-content\/uploads\/2025\/10\/Captura-de-pantalla-2025-10-12-150658.png\" alt=\"\" class=\"wp-image-4084\" srcset=\"https:\/\/elliberador.com\/wp-content\/uploads\/2025\/10\/Captura-de-pantalla-2025-10-12-150658.png 749w, https:\/\/elliberador.com\/wp-content\/uploads\/2025\/10\/Captura-de-pantalla-2025-10-12-150658-300x206.png 300w\" sizes=\"(max-width: 749px) 100vw, 749px\" \/><\/figure>\n\n\n\n<p>El planteo de Diez tiene dos capas. La primera es expl\u00edcita y est\u00e1 en sus propias palabras: <strong>rechazo a la victimizaci\u00f3n estatal<\/strong> y reivindicaci\u00f3n de la <strong>autonom\u00eda individual<\/strong>. \u201cLas mujeres santafesinas no necesitamos que el Estado nos diga qu\u00e9 hacer ni que nos victimicen. Somos libres, fuertes y capaces de construir nuestro propio futuro sin tutelas ni relatos\u201d, afirm\u00f3. En la misma l\u00ednea, se diferenci\u00f3 de un feminismo partidario que, a su juicio, convierte la pol\u00edtica en una contienda permanente entre varones y mujeres, donde se pierde de vista el principio liberal b\u00e1sico: <strong>las mismas reglas para todos<\/strong>.<\/p>\n\n\n\n<p>La segunda capa es pol\u00edtica y apunta a <strong>las alianzas de Tepp<\/strong>. Desde LLA remarcan que la dirigente de Ciudad Futura <strong>encabeza la boleta peronista junto a Agust\u00edn Rossi<\/strong>, un armado de \u201cunidad\u201d que el PJ sell\u00f3 tras semanas de tensi\u00f3n interna. Para Diez, esa compa\u00f1\u00eda no es un detalle menor: forma parte de una <strong>narrativa militante<\/strong> que usa causas nobles como mascar\u00f3n de proa mientras <strong>protege a cuadros con prontuarios y denuncias<\/strong>. En ese sentido, su mensaje fue directo: \u201cLas mujeres de bien trabajamos codo a codo con hombres de bien y <strong>no tapamos delincuentes<\/strong> como vos a tu compa\u00f1ero Rossi\u201d. El dato electoral que subyace es verificable: <strong>Tepp primera, Rossi segundo<\/strong> en Fuerza Patria.<\/p>\n\n\n\n<figure class=\"wp-block-image size-full\"><img decoding=\"async\" width=\"891\" height=\"667\" src=\"https:\/\/elliberador.com\/wp-content\/uploads\/2025\/10\/Captura-de-pantalla-2025-10-12-151229.png\" alt=\"\" class=\"wp-image-4085\" srcset=\"https:\/\/elliberador.com\/wp-content\/uploads\/2025\/10\/Captura-de-pantalla-2025-10-12-151229.png 891w, https:\/\/elliberador.com\/wp-content\/uploads\/2025\/10\/Captura-de-pantalla-2025-10-12-151229-300x225.png 300w, https:\/\/elliberador.com\/wp-content\/uploads\/2025\/10\/Captura-de-pantalla-2025-10-12-151229-768x575.png 768w\" sizes=\"(max-width: 891px) 100vw, 891px\" \/><\/figure>\n\n\n\n<p>El contrapunto se potencia por los <strong>movimientos recientes en agenda<\/strong>. D\u00edas atr\u00e1s, Tepp viaj\u00f3 a <strong>Ca\u00f1ada de G\u00f3mez<\/strong> y se mostr\u00f3 con <strong>Stella Cl\u00e9rici<\/strong> (exintendente, hoy concejal electa), en momentos en que la gesti\u00f3n anterior qued\u00f3 bajo la lupa por <strong>manejo irregular de fondos<\/strong>. La denuncia fue presentada en <strong>septiembre de 2024<\/strong> por el intendente <strong>Mat\u00edas Chale<\/strong>, quien habl\u00f3 de una \u201c<strong>cueva financiera<\/strong>\u201d montada durante dos d\u00e9cadas, con gastos personales, viajes y anticipos sin rendici\u00f3n adecuada. La foto de campa\u00f1a, entonces, oper\u00f3 como un gesto pol\u00edtico que reaviv\u00f3 cr\u00edticas sobre el <strong>doble est\u00e1ndar<\/strong>: el peronismo santafesino exige \u201cmemoria, verdad y justicia\u201d para los dem\u00e1s, pero <strong>minimiza<\/strong> \u2013o acompa\u00f1a\u2013 a sus propios <strong>referentes cuestionados<\/strong>.<\/p>\n\n\n\n<p>En el discurso que Diez le atribuye a Tepp hubo otra chispa: <strong>\u201cno somos las mujeres de nadie\u201d<\/strong> y la idea de enfrentar la \u201c<strong>crueldad de gobiernos autoritarios<\/strong>\u201d, formulaciones que la legisladora liberal ley\u00f3 como <strong>construcci\u00f3n identitaria<\/strong> antes que como agenda concreta de derechos. El choque, en clave liberal, no niega la agenda de igualdad, sino que la saca del terreno de los <strong>privilegios de grupo<\/strong> para devolverla al <strong>piso com\u00fan de legalidad<\/strong>: igualdad ante la ley, libertades civiles y l\u00edmites institucionales al poder, sin subsidios discursivos ni fueros morales para ninguna tribu pol\u00edtica.<\/p>\n\n\n\n<p>El tel\u00f3n de fondo ayuda a entender por qu\u00e9 este cruce prende. Tepp y su espacio arrastran <strong>controversias de larga data<\/strong> en Rosario, como la del <strong>Tambo \u201cLa Resistencia\u201d<\/strong> en Nuevo Alberdi: un conflicto de propiedad que acumul\u00f3 fallos, recursos y medidas cautelares durante a\u00f1os, y que la <strong>Corte Suprema de Santa Fe<\/strong> termin\u00f3 por encarrilar en 2019 al <strong>dejar firme el desalojo<\/strong> \u2013tras un per\u00edodo previo en que hab\u00eda sido suspendido\u2013. M\u00e1s all\u00e1 de los vaivenes judiciales, el caso se convirti\u00f3 en <strong>bandera militante<\/strong> y aliment\u00f3 la percepci\u00f3n \u2013en buena parte del electorado no peronista\u2013 de que el <strong>relato de derechos<\/strong> muchas veces <strong>legitima la usurpaci\u00f3n<\/strong>.<\/p>\n\n\n\n<figure class=\"wp-block-image size-large\"><img decoding=\"async\" width=\"682\" height=\"1024\" src=\"https:\/\/elliberador.com\/wp-content\/uploads\/2025\/10\/Imagen-de-WhatsApp-2025-10-03-a-las-11.07.31_3fa6cb67-682x1024.jpg\" alt=\"\" class=\"wp-image-4086\" srcset=\"https:\/\/elliberador.com\/wp-content\/uploads\/2025\/10\/Imagen-de-WhatsApp-2025-10-03-a-las-11.07.31_3fa6cb67-682x1024.jpg 682w, https:\/\/elliberador.com\/wp-content\/uploads\/2025\/10\/Imagen-de-WhatsApp-2025-10-03-a-las-11.07.31_3fa6cb67-200x300.jpg 200w, https:\/\/elliberador.com\/wp-content\/uploads\/2025\/10\/Imagen-de-WhatsApp-2025-10-03-a-las-11.07.31_3fa6cb67-768x1153.jpg 768w, https:\/\/elliberador.com\/wp-content\/uploads\/2025\/10\/Imagen-de-WhatsApp-2025-10-03-a-las-11.07.31_3fa6cb67-1023x1536.jpg 1023w, https:\/\/elliberador.com\/wp-content\/uploads\/2025\/10\/Imagen-de-WhatsApp-2025-10-03-a-las-11.07.31_3fa6cb67-1024x1537.jpg 1024w, https:\/\/elliberador.com\/wp-content\/uploads\/2025\/10\/Imagen-de-WhatsApp-2025-10-03-a-las-11.07.31_3fa6cb67.jpg 1066w\" sizes=\"(max-width: 682px) 100vw, 682px\" \/><\/figure>\n\n\n\n<p>En ese marco, el <strong>mensaje de Diez<\/strong> busca correr la discusi\u00f3n del repertorio de consignas. Si el dilema es \u201c<strong>Estado que tutela<\/strong>\u201d versus \u201c<strong>ciudadanos libres<\/strong>\u201d, la escena de Tepp con Cl\u00e9rici y la sociedad con Rossi son, para el liberalismo santafesino, <strong>pruebas de coherencia (o de su ausencia)<\/strong>. No se trata \u2013insiste Diez\u2013 de restar derechos a nadie, sino de <strong>terminar con los privilegios<\/strong> que vuelven <strong>asim\u00e9trica<\/strong> la aplicaci\u00f3n de la ley: indulgencia para los propios, vara de hierro para los ajenos. Que la diputada haya hablado tambi\u00e9n a los varones \u2013\u201clos hombres santafesinos deber\u00edan tener cuidado con que se instale este relato otra vez\u201d\u2013 no fue un desliz, sino un <strong>gesto deliberado<\/strong> para desmontar la idea de que la pol\u00edtica de g\u00e9nero solo les concierne a ellas.<\/p>\n\n\n\n<p>La disputa, por lo tanto, <strong>no es est\u00e9tica<\/strong>. Entra en el coraz\u00f3n de lo que se decide el 26 de octubre cuando se elijan <strong>nueve bancas<\/strong> por Santa Fe: qu\u00e9 <strong>gram\u00e1tica de derechos<\/strong> va a representar a la provincia en el Congreso, si la que coloca a los individuos \u2013mujeres y hombres\u2013 al amparo de reglas iguales, o la que establece <strong>jerarqu\u00edas morales<\/strong> y <strong>relatos de grupo<\/strong> que luego se traducen en <strong>blindajes pol\u00edticos<\/strong>. Diez eligi\u00f3 ese terreno de juego y puso a Tepp en el centro: la acus\u00f3 de <strong>sembrar una guerra que no existe<\/strong> y la emplaz\u00f3 a demostrar que su defensa de las mujeres no es la <strong>coartada<\/strong> de una vieja maquinaria peronista. En campa\u00f1a, la pelota ahora est\u00e1 del lado de Tepp.<\/p>\n","protected":false},"excerpt":{"rendered":"<p>La diputada nacional de La Libertad Avanza, Romina Diez, acus\u00f3 a Caren Tepp de \u201cpretender instalar el odio y la guerra entre g\u00e9neros\u201d y llam\u00f3 a \u201cno victimizar a las mujeres ni usar causas nobles con fines partidarios\u201d.<\/p>\n","protected":false},"author":2,"featured_media":4087,"comment_status":"open","ping_status":"open","sticky":false,"template":"","format":"standard","meta":{"_acf_changed":false,"advanced_seo_description":"","jetpack_seo_html_title":"","jetpack_seo_noindex":false,"_jetpack_memberships_contains_paid_content":false,"footnotes":""},"categories":[4],"tags":[20,56,66],"class_list":["post-4083","post","type-post","status-publish","format-standard","has-post-thumbnail","hentry","category-politica","tag-destacados","tag-milei","tag-santa-fe"],"acf":[],"jetpack_featured_media_url":"https:\/\/elliberador.com\/wp-content\/uploads\/2025\/10\/Romi-Kari.jpg","jetpack_sharing_enabled":true,"_links":{"self":[{"href":"https:\/\/elliberador.com\/index.php\/wp-json\/wp\/v2\/posts\/4083","targetHints":{"allow":["GET"]}}],"collection":[{"href":"https:\/\/elliberador.com\/index.php\/wp-json\/wp\/v2\/posts"}],"about":[{"href":"https:\/\/elliberador.com\/index.php\/wp-json\/wp\/v2\/types\/post"}],"author":[{"embeddable":true,"href":"https:\/\/elliberador.com\/index.php\/wp-json\/wp\/v2\/users\/2"}],"replies":[{"embeddable":true,"href":"https:\/\/elliberador.com\/index.php\/wp-json\/wp\/v2\/comments?post=4083"}],"version-history":[{"count":1,"href":"https:\/\/elliberador.com\/index.php\/wp-json\/wp\/v2\/posts\/4083\/revisions"}],"predecessor-version":[{"id":4088,"href":"https:\/\/elliberador.com\/index.php\/wp-json\/wp\/v2\/posts\/4083\/revisions\/4088"}],"wp:featuredmedia":[{"embeddable":true,"href":"https:\/\/elliberador.com\/index.php\/wp-json\/wp\/v2\/media\/4087"}],"wp:attachment":[{"href":"https:\/\/elliberador.com\/index.php\/wp-json\/wp\/v2\/media?parent=4083"}],"wp:term":[{"taxonomy":"category","embeddable":true,"href":"https:\/\/elliberador.com\/index.php\/wp-json\/wp\/v2\/categories?post=4083"},{"taxonomy":"post_tag","embeddable":true,"href":"https:\/\/elliberador.com\/index.php\/wp-json\/wp\/v2\/tags?post=4083"}],"curies":[{"name":"wp","href":"https:\/\/api.w.org\/{rel}","templated":true}]}}