{"id":4117,"date":"2025-10-13T18:27:22","date_gmt":"2025-10-13T21:27:22","guid":{"rendered":"https:\/\/elliberador.com\/?p=4117"},"modified":"2025-10-13T18:30:09","modified_gmt":"2025-10-13T21:30:09","slug":"carteleria-viral-destapo-el-archivo-caren-tepp-desesperada-salio-a-borrar-tarde-tuis-comunistas-expropiadores","status":"publish","type":"post","link":"https:\/\/elliberador.com\/index.php\/2025\/10\/13\/carteleria-viral-destapo-el-archivo-caren-tepp-desesperada-salio-a-borrar-tarde-tuis-comunistas-expropiadores\/","title":{"rendered":"Carteler\u00eda viral destap\u00f3 el archivo: Caren Tepp desesperada sali\u00f3 a borrar (tarde) tuis comunistas expropiadores"},"content":{"rendered":"\n<p>La secuencia fue vertiginosa. Primero, las fotos de pasacalles y pegatinas con la marca de <strong>Fuerza Patria<\/strong> y la f\u00f3rmula <strong>Tepp\u2013Rossi<\/strong>. Luego, el desmentido de la dirigencia peronista local, que atribuy\u00f3 todo a una operaci\u00f3n. Pero el episodio no qued\u00f3 ah\u00ed: el archivo digital trajo de vuelta <strong>tuits y posteos<\/strong> firmados por la cuenta de Tepp en los que se leen apoyos a la <strong>expropiaci\u00f3n<\/strong>, celebraciones de la <strong>Revoluci\u00f3n Cubana<\/strong> (\u201cCuba, all\u00ed vamos\u2026 el 1\u00b0 de enero festejamos otro aniversario de la revoluci\u00f3n junto al pueblo cubano\u201d) y militancia en <strong>Caracas<\/strong> durante campa\u00f1as chavistas (\u201cEs inexplicable lo que se vive en las calles de Caracas\u2026 \u00a1A vencer!\u201d). Tambi\u00e9n aparecen posteos recientes en los que respalda la <strong>expropiaci\u00f3n<\/strong> de un edificio escolar en Rosario y mensajes contra la \u201cproscripci\u00f3n\u201d de <strong>Cristina Fern\u00e1ndez de Kirchner<\/strong>. Todo eso, hoy, convive con una estrategia de moderaci\u00f3n para el electorado santafesino.<\/p>\n\n\n\n<figure class=\"wp-block-image size-large\"><img fetchpriority=\"high\" decoding=\"async\" width=\"944\" height=\"1024\" src=\"https:\/\/elliberador.com\/wp-content\/uploads\/2025\/10\/G3Kl3qoWoAA8RHU-944x1024.jpeg\" alt=\"\" class=\"wp-image-4120\" srcset=\"https:\/\/elliberador.com\/wp-content\/uploads\/2025\/10\/G3Kl3qoWoAA8RHU-944x1024.jpeg 944w, https:\/\/elliberador.com\/wp-content\/uploads\/2025\/10\/G3Kl3qoWoAA8RHU-276x300.jpeg 276w, https:\/\/elliberador.com\/wp-content\/uploads\/2025\/10\/G3Kl3qoWoAA8RHU-768x833.jpeg 768w, https:\/\/elliberador.com\/wp-content\/uploads\/2025\/10\/G3Kl3qoWoAA8RHU-1024x1111.jpeg 1024w, https:\/\/elliberador.com\/wp-content\/uploads\/2025\/10\/G3Kl3qoWoAA8RHU.jpeg 1080w\" sizes=\"(max-width: 944px) 100vw, 944px\" \/><\/figure>\n\n\n\n<p>Los protagonistas niegan que los afiches sean oficiales. Pero el coraz\u00f3n de la pol\u00e9mica no es s\u00f3lo la autor\u00eda del papel pegado: es <strong>la coherencia<\/strong> entre la consigna \u201cFrenar a Milei\u201d y los <strong>contenidos<\/strong> que hist\u00f3ricamente acompa\u00f1aron la construcci\u00f3n pol\u00edtica de Tepp y Ciudad Futura. Si durante a\u00f1os se milit\u00f3 la <strong>expropiaci\u00f3n<\/strong> como herramienta de \u201cjusticia social\u201d, se celebraron revoluciones que anulan libertades y se denunciaron \u201cproscripciones\u201d que, en los hechos, <strong>invitan a pensar en indultos<\/strong>, \u00bfpor qu\u00e9 hoy esas mismas ideas deber\u00edan considerarse ajenas, par\u00f3dicas o \u201cintervenidas\u201d?<\/p>\n\n\n\n<figure class=\"wp-block-image size-full\"><img decoding=\"async\" width=\"568\" height=\"679\" src=\"https:\/\/elliberador.com\/wp-content\/uploads\/2025\/10\/G3KZcdlXkAEpHlV.jpeg\" alt=\"\" class=\"wp-image-4121\" srcset=\"https:\/\/elliberador.com\/wp-content\/uploads\/2025\/10\/G3KZcdlXkAEpHlV.jpeg 568w, https:\/\/elliberador.com\/wp-content\/uploads\/2025\/10\/G3KZcdlXkAEpHlV-251x300.jpeg 251w\" sizes=\"(max-width: 568px) 100vw, 568px\" \/><\/figure>\n\n\n\n<p>La frase madre del peronismo santafesino \u2014el <strong>eslogan<\/strong> \u201cEmpezar lo que viene\u201d\u2014 tampoco ayuda a despejar dudas. Es una promesa de <strong>significado abierto<\/strong> que admite cualquier contenido: puede ser \u201cvolver a emitir\u201d, puede ser \u201cindultar a CFK\u201d, puede ser \u201cexpropiar\u201d bajo el r\u00f3tulo de reforma agraria. En campa\u00f1a, los <strong>sloganes vac\u00edos<\/strong> son una herramienta \u00fatil para <strong>ocultar la falta de propuestas verificables<\/strong>. Y cuando el archivo muestra que las propuestas <strong>s\u00ed existieron<\/strong>, pero ahora se minimizan, el electorado tiene derecho a preguntar qu\u00e9 se vota realmente.<\/p>\n\n\n\n<figure class=\"wp-block-image size-full\"><img decoding=\"async\" width=\"679\" height=\"446\" src=\"https:\/\/elliberador.com\/wp-content\/uploads\/2025\/10\/G3KSZ7AXUAA6-x_.jpeg\" alt=\"\" class=\"wp-image-4123\" srcset=\"https:\/\/elliberador.com\/wp-content\/uploads\/2025\/10\/G3KSZ7AXUAA6-x_.jpeg 679w, https:\/\/elliberador.com\/wp-content\/uploads\/2025\/10\/G3KSZ7AXUAA6-x_-300x197.jpeg 300w\" sizes=\"(max-width: 679px) 100vw, 679px\" \/><\/figure>\n\n\n\n<p>El cap\u00edtulo Rossi empuja en la misma direcci\u00f3n. <strong>Agust\u00edn Rossi<\/strong> comparte la boleta y el frente nacional que respald\u00f3 durante a\u00f1os un modelo de <strong>emisi\u00f3n<\/strong>, <strong>d\u00e9ficit<\/strong> y <strong>control<\/strong> que dej\u00f3 a la econom\u00eda al borde del colapso. En este contexto, que se niegue la autor\u00eda de los carteles no despeja la inc\u00f3gnita principal: <strong>\u00bfen qu\u00e9 consiste \u201cfrenar a Milei\u201d?<\/strong> Si \u201cfrenar\u201d implica la direcci\u00f3n opuesta \u2014m\u00e1s Estado sobre la propiedad, m\u00e1s discrecionalidad sobre la Justicia, m\u00e1s maquinita para tapar el gasto\u2014, entonces el contenido de los carteles <strong>no ser\u00eda una caricatura<\/strong>, sino un atajo brutal hacia el programa real.<\/p>\n\n\n\n<figure class=\"wp-block-image size-large\"><img loading=\"lazy\" decoding=\"async\" width=\"734\" height=\"1024\" src=\"https:\/\/elliberador.com\/wp-content\/uploads\/2025\/10\/Imagen-de-WhatsApp-2025-10-13-a-las-18.13.35_e94760be-734x1024.jpg\" alt=\"\" class=\"wp-image-4122\" srcset=\"https:\/\/elliberador.com\/wp-content\/uploads\/2025\/10\/Imagen-de-WhatsApp-2025-10-13-a-las-18.13.35_e94760be-734x1024.jpg 734w, https:\/\/elliberador.com\/wp-content\/uploads\/2025\/10\/Imagen-de-WhatsApp-2025-10-13-a-las-18.13.35_e94760be-215x300.jpg 215w, https:\/\/elliberador.com\/wp-content\/uploads\/2025\/10\/Imagen-de-WhatsApp-2025-10-13-a-las-18.13.35_e94760be-768x1071.jpg 768w, https:\/\/elliberador.com\/wp-content\/uploads\/2025\/10\/Imagen-de-WhatsApp-2025-10-13-a-las-18.13.35_e94760be-1101x1536.jpg 1101w, https:\/\/elliberador.com\/wp-content\/uploads\/2025\/10\/Imagen-de-WhatsApp-2025-10-13-a-las-18.13.35_e94760be-1024x1428.jpg 1024w, https:\/\/elliberador.com\/wp-content\/uploads\/2025\/10\/Imagen-de-WhatsApp-2025-10-13-a-las-18.13.35_e94760be.jpg 1124w\" sizes=\"(max-width: 734px) 100vw, 734px\" \/><\/figure>\n\n\n\n<p>La discusi\u00f3n p\u00fablica no se clausura con un tuit que diga \u201ces fake\u201d. Si en los barrios <strong>aparecen afiches<\/strong> y en los historiales <strong>aparecen ideas<\/strong> que vuelven una y otra vez \u2014expropiaci\u00f3n, indulto, emisi\u00f3n\u2014, la carga de la prueba recae sobre quienes piden el voto. Negar el pasado no lo borra; <strong>explicarlo<\/strong> y <strong>definir con precisi\u00f3n<\/strong> qu\u00e9 proponen hoy ser\u00eda un mejor comienzo. Hasta entonces, el lema \u201cFrenar a Milei\u201d seguir\u00e1 funcionando como <strong>techo sem\u00e1ntico<\/strong> para un conjunto de pol\u00edticas que, con otras palabras, ya conocemos.<\/p>\n\n\n\n<figure class=\"wp-block-image size-large\"><img loading=\"lazy\" decoding=\"async\" width=\"1024\" height=\"683\" src=\"https:\/\/elliberador.com\/wp-content\/uploads\/2025\/10\/G3FbpVDXQAAK0Vn-1024x683.jpeg\" alt=\"\" class=\"wp-image-4126\" srcset=\"https:\/\/elliberador.com\/wp-content\/uploads\/2025\/10\/G3FbpVDXQAAK0Vn-1024x683.jpeg 1024w, https:\/\/elliberador.com\/wp-content\/uploads\/2025\/10\/G3FbpVDXQAAK0Vn-300x200.jpeg 300w, https:\/\/elliberador.com\/wp-content\/uploads\/2025\/10\/G3FbpVDXQAAK0Vn-768x512.jpeg 768w, https:\/\/elliberador.com\/wp-content\/uploads\/2025\/10\/G3FbpVDXQAAK0Vn.jpeg 1200w\" sizes=\"(max-width: 1024px) 100vw, 1024px\" \/><\/figure>\n","protected":false},"excerpt":{"rendered":"<p>Tras la viralizaci\u00f3n de carteles en la v\u00eda p\u00fablica con consignas como \u201cFrenar a Milei. Indultar a Cristina Kirchner\u201d, \u201cFrenar a Milei. Volver a emitir\u201d y \u201cFrenar a Milei. Expropiar todos los campos\u201d, Caren Tepp y su pareja Juan Monteverde denunciaron que se trata de afiches falsos. Sin embargo, cientos de vecinos aseguran haberlos visto en distintos barrios y el tema escal\u00f3 a tendencia nacional \u2014hasta el propio presidente Milei se hizo eco en redes, seg\u00fan m\u00faltiples posteos\u2014. En paralelo, comenzaron a circular publicaciones antiguas de la propia Tepp que reinstalan el debate sobre su l\u00ednea ideol\u00f3gica y la distancia entre el discurso actual y su trayectoria.<\/p>\n","protected":false},"author":2,"featured_media":4127,"comment_status":"open","ping_status":"open","sticky":false,"template":"","format":"standard","meta":{"_acf_changed":false,"advanced_seo_description":"","jetpack_seo_html_title":"","jetpack_seo_noindex":false,"_jetpack_memberships_contains_paid_content":false,"footnotes":""},"categories":[4],"tags":[71,67,20,68,66],"class_list":["post-4117","post","type-post","status-publish","format-standard","has-post-thumbnail","hentry","category-politica","tag-agustin-rossi","tag-caren-tepp","tag-destacados","tag-expropiacion","tag-santa-fe"],"acf":[],"jetpack_featured_media_url":"https:\/\/elliberador.com\/wp-content\/uploads\/2025\/10\/G3FbpTmXUAAumZQ-e1760390995624.jpeg","jetpack_sharing_enabled":true,"_links":{"self":[{"href":"https:\/\/elliberador.com\/index.php\/wp-json\/wp\/v2\/posts\/4117","targetHints":{"allow":["GET"]}}],"collection":[{"href":"https:\/\/elliberador.com\/index.php\/wp-json\/wp\/v2\/posts"}],"about":[{"href":"https:\/\/elliberador.com\/index.php\/wp-json\/wp\/v2\/types\/post"}],"author":[{"embeddable":true,"href":"https:\/\/elliberador.com\/index.php\/wp-json\/wp\/v2\/users\/2"}],"replies":[{"embeddable":true,"href":"https:\/\/elliberador.com\/index.php\/wp-json\/wp\/v2\/comments?post=4117"}],"version-history":[{"count":2,"href":"https:\/\/elliberador.com\/index.php\/wp-json\/wp\/v2\/posts\/4117\/revisions"}],"predecessor-version":[{"id":4128,"href":"https:\/\/elliberador.com\/index.php\/wp-json\/wp\/v2\/posts\/4117\/revisions\/4128"}],"wp:featuredmedia":[{"embeddable":true,"href":"https:\/\/elliberador.com\/index.php\/wp-json\/wp\/v2\/media\/4127"}],"wp:attachment":[{"href":"https:\/\/elliberador.com\/index.php\/wp-json\/wp\/v2\/media?parent=4117"}],"wp:term":[{"taxonomy":"category","embeddable":true,"href":"https:\/\/elliberador.com\/index.php\/wp-json\/wp\/v2\/categories?post=4117"},{"taxonomy":"post_tag","embeddable":true,"href":"https:\/\/elliberador.com\/index.php\/wp-json\/wp\/v2\/tags?post=4117"}],"curies":[{"name":"wp","href":"https:\/\/api.w.org\/{rel}","templated":true}]}}