{"id":4152,"date":"2025-10-16T21:28:55","date_gmt":"2025-10-17T00:28:55","guid":{"rendered":"https:\/\/elliberador.com\/?p=4152"},"modified":"2025-10-16T21:30:01","modified_gmt":"2025-10-17T00:30:01","slug":"santafest-2-cierre-de-campana-de-la-libertad-avanza-en-santa-fe-capital-este-viernes-17-de-octubre","status":"publish","type":"post","link":"https:\/\/elliberador.com\/index.php\/2025\/10\/16\/santafest-2-cierre-de-campana-de-la-libertad-avanza-en-santa-fe-capital-este-viernes-17-de-octubre\/","title":{"rendered":"SantaFest 2: cierre de campa\u00f1a de La Libertad Avanza en Santa Fe capital este viernes 17 de octubre"},"content":{"rendered":"\n<p>La convocatoria ser\u00e1 a las <strong>19:30<\/strong> en <strong>La Rural<\/strong> (Bv. <strong>Pellegrini 3260<\/strong>, Santa Fe). Seg\u00fan confirmaron los organizadores de <strong>La Libertad Avanza Santa Fe<\/strong>, el encuentro tendr\u00e1 el mismo esp\u00edritu del evento inaugural: m\u00fasica, mensajes a militantes y simpatizantes, y los discursos de <strong>Diez<\/strong> y <strong>Pellegrini<\/strong> con los lineamientos finales de la campa\u00f1a.<\/p>\n\n\n\n<p>Habr\u00e1 cobertura especial de <strong>El Liberador<\/strong>, al igual que la apertura de campa\u00f1a en la ciudad de Rosario<\/p>\n\n\n\n<p>El <strong>SantaFest<\/strong> busca consolidar el tramo final hacia las urnas en la ciudad, con ejes en orden fiscal, seguridad y reforma del sistema tributario. Los <strong>anfitriones<\/strong> ser\u00e1n las referencias locales de LLA en la capital santafesina, junto al equipo provincial que acompa\u00f1a a <strong>Romina Diez<\/strong> y <strong>Agust\u00edn Pellegrini<\/strong>. La entrada es libre y se recomienda llegar con antelaci\u00f3n por la alta expectativa de asistencia.<\/p>\n\n\n\n<p><\/p>\n","protected":false},"excerpt":{"rendered":"<p>La Libertad Avanza realizar\u00e1 este viernes 17 de octubre el cierre de campa\u00f1a en Santa Fe capital, bautizado \u201cSantaFest\u201d \u2014segunda edici\u00f3n del formato que abri\u00f3 la campa\u00f1a en Rosario\u2014. Participar\u00e1n la diputada nacional Romina Diez y el candidato a diputado Agust\u00edn Pellegrini.<\/p>\n","protected":false},"author":2,"featured_media":4153,"comment_status":"open","ping_status":"open","sticky":false,"template":"","format":"standard","meta":{"_acf_changed":false,"advanced_seo_description":"","jetpack_seo_html_title":"","jetpack_seo_noindex":false,"_jetpack_memberships_contains_paid_content":false,"footnotes":""},"categories":[4],"tags":[20,56,66],"class_list":["post-4152","post","type-post","status-publish","format-standard","has-post-thumbnail","hentry","category-politica","tag-destacados","tag-milei","tag-santa-fe"],"acf":[],"jetpack_featured_media_url":"https:\/\/elliberador.com\/wp-content\/uploads\/2025\/10\/SantaFest2-e1760660841701.jpg","jetpack_sharing_enabled":true,"_links":{"self":[{"href":"https:\/\/elliberador.com\/index.php\/wp-json\/wp\/v2\/posts\/4152","targetHints":{"allow":["GET"]}}],"collection":[{"href":"https:\/\/elliberador.com\/index.php\/wp-json\/wp\/v2\/posts"}],"about":[{"href":"https:\/\/elliberador.com\/index.php\/wp-json\/wp\/v2\/types\/post"}],"author":[{"embeddable":true,"href":"https:\/\/elliberador.com\/index.php\/wp-json\/wp\/v2\/users\/2"}],"replies":[{"embeddable":true,"href":"https:\/\/elliberador.com\/index.php\/wp-json\/wp\/v2\/comments?post=4152"}],"version-history":[{"count":2,"href":"https:\/\/elliberador.com\/index.php\/wp-json\/wp\/v2\/posts\/4152\/revisions"}],"predecessor-version":[{"id":4156,"href":"https:\/\/elliberador.com\/index.php\/wp-json\/wp\/v2\/posts\/4152\/revisions\/4156"}],"wp:featuredmedia":[{"embeddable":true,"href":"https:\/\/elliberador.com\/index.php\/wp-json\/wp\/v2\/media\/4153"}],"wp:attachment":[{"href":"https:\/\/elliberador.com\/index.php\/wp-json\/wp\/v2\/media?parent=4152"}],"wp:term":[{"taxonomy":"category","embeddable":true,"href":"https:\/\/elliberador.com\/index.php\/wp-json\/wp\/v2\/categories?post=4152"},{"taxonomy":"post_tag","embeddable":true,"href":"https:\/\/elliberador.com\/index.php\/wp-json\/wp\/v2\/tags?post=4152"}],"curies":[{"name":"wp","href":"https:\/\/api.w.org\/{rel}","templated":true}]}}