{"id":4168,"date":"2025-10-19T19:37:12","date_gmt":"2025-10-19T22:37:12","guid":{"rendered":"https:\/\/elliberador.com\/?p=4168"},"modified":"2025-10-19T19:37:14","modified_gmt":"2025-10-19T22:37:14","slug":"santafest-2-en-la-capital-romina-diez-cerro-el-acto-y-llamo-al-ultimo-esfuerzo-de-cara-a-la-eleccion","status":"publish","type":"post","link":"https:\/\/elliberador.com\/index.php\/2025\/10\/19\/santafest-2-en-la-capital-romina-diez-cerro-el-acto-y-llamo-al-ultimo-esfuerzo-de-cara-a-la-eleccion\/","title":{"rendered":"SantaFest 2 en la capital: Romina Diez cerr\u00f3 el acto y llam\u00f3 al \u201c\u00faltimo esfuerzo\u201d de cara a la elecci\u00f3n"},"content":{"rendered":"\n<h2 class=\"wp-block-heading\">Una noche de militancia y esperanza<\/h2>\n\n\n\n<p>El <strong>SantaFest 2<\/strong> abri\u00f3 con la animaci\u00f3n del referente local <strong>Juan Jos\u00e9 Tagliabue<\/strong>, quien sorte\u00f3 libros de <strong>Javier Milei<\/strong> y <strong>Agust\u00edn Laje<\/strong> y fue marcando el pulso de una jornada festiva y ordenada. La consigna: <strong>cerrar la campa\u00f1a en la capital<\/strong> con energ\u00eda, prolijidad y foco en la fiscalizaci\u00f3n que viene.<\/p>\n\n\n\n<figure class=\"wp-block-image size-large\"><img fetchpriority=\"high\" decoding=\"async\" width=\"1024\" height=\"682\" src=\"https:\/\/elliberador.com\/wp-content\/uploads\/2025\/10\/Imagen-de-WhatsApp-2025-10-19-a-las-19.34.11_cc53b5a1-1024x682.jpg\" alt=\"\" class=\"wp-image-4176\" srcset=\"https:\/\/elliberador.com\/wp-content\/uploads\/2025\/10\/Imagen-de-WhatsApp-2025-10-19-a-las-19.34.11_cc53b5a1-1024x682.jpg 1024w, https:\/\/elliberador.com\/wp-content\/uploads\/2025\/10\/Imagen-de-WhatsApp-2025-10-19-a-las-19.34.11_cc53b5a1-300x200.jpg 300w, https:\/\/elliberador.com\/wp-content\/uploads\/2025\/10\/Imagen-de-WhatsApp-2025-10-19-a-las-19.34.11_cc53b5a1-768x512.jpg 768w, https:\/\/elliberador.com\/wp-content\/uploads\/2025\/10\/Imagen-de-WhatsApp-2025-10-19-a-las-19.34.11_cc53b5a1.jpg 1280w\" sizes=\"(max-width: 1024px) 100vw, 1024px\" \/><\/figure>\n\n\n\n<h2 class=\"wp-block-heading\">La voz de Venezuela en el escenario<\/h2>\n\n\n\n<p>En el centro del acto, <strong>El Liberador<\/strong> present\u00f3 \u2014en vivo, sobre el escenario, con <strong>Ludmila Radolovich<\/strong>\u2014 la <strong>entrevista a un venezolano<\/strong> que <strong>sobrevivi\u00f3 a la narcodictadura de Nicol\u00e1s Maduro<\/strong>. El testimonio record\u00f3 c\u00f3mo <strong>el socialismo empobreci\u00f3 a Venezuela<\/strong> hasta forzar el <strong>\u00e9xodo de millones<\/strong> y el dolor de <strong>abandonar el pa\u00eds<\/strong>. El mensaje, claro: <strong>Argentina no puede repetir ese camino<\/strong>.<\/p>\n\n\n\n<figure class=\"wp-block-image size-large\"><img decoding=\"async\" width=\"1024\" height=\"682\" src=\"https:\/\/elliberador.com\/wp-content\/uploads\/2025\/10\/Imagen-de-WhatsApp-2025-10-19-a-las-19.34.11_3dba20f1-1024x682.jpg\" alt=\"\" class=\"wp-image-4177\" srcset=\"https:\/\/elliberador.com\/wp-content\/uploads\/2025\/10\/Imagen-de-WhatsApp-2025-10-19-a-las-19.34.11_3dba20f1-1024x682.jpg 1024w, https:\/\/elliberador.com\/wp-content\/uploads\/2025\/10\/Imagen-de-WhatsApp-2025-10-19-a-las-19.34.11_3dba20f1-300x200.jpg 300w, https:\/\/elliberador.com\/wp-content\/uploads\/2025\/10\/Imagen-de-WhatsApp-2025-10-19-a-las-19.34.11_3dba20f1-768x512.jpg 768w, https:\/\/elliberador.com\/wp-content\/uploads\/2025\/10\/Imagen-de-WhatsApp-2025-10-19-a-las-19.34.11_3dba20f1.jpg 1280w\" sizes=\"(max-width: 1024px) 100vw, 1024px\" \/><\/figure>\n\n\n\n<h2 class=\"wp-block-heading\">Juventud y territorio: los referentes que pasaron por el micr\u00f3fono<\/h2>\n\n\n\n<p>Luego desfilaron <strong>referentes j\u00f3venes provinciales<\/strong> como <strong>Pablo Mussio<\/strong> y <strong>Vittorio Vienna<\/strong>; tambi\u00e9n la concejal <strong>Ana Cantiani<\/strong> y las candidatas <strong>Valentina Ravera<\/strong> y <strong>Yamile Tomassoni<\/strong>. La din\u00e1mica fue \u00e1gil: mensajes breves, agradecimientos a fiscales y voluntarios, y llamados a reforzar la presencia en los <strong>barrios<\/strong>, <strong>escuelas<\/strong> y <strong>mesas<\/strong>.<\/p>\n\n\n\n<h2 class=\"wp-block-heading\">La arenga de Malaguarnera y el mensaje de Pellegrini<\/h2>\n\n\n\n<p>El armador provincial <strong>David Malaguarnera<\/strong> \u2014en su ya cl\u00e1sico rol de \u201canimador\u201d\u2014 tom\u00f3 el micr\u00f3fono para ordenar la recta final y presentar a los oradores principales.<br><strong>Agust\u00edn Pellegrini<\/strong>, <strong>primer candidato a diputado<\/strong>, record\u00f3 <strong>de d\u00f3nde venimos y hacia d\u00f3nde vamos<\/strong>: \u201c<strong>No es momento de dejar de remar: estamos en medio del r\u00edo<\/strong>\u201d. El eje estuvo puesto en <strong>sostener el cambio<\/strong>, cuidar cada voto y <strong>multiplicar la fiscalizaci\u00f3n<\/strong>.<\/p>\n\n\n\n<figure class=\"wp-block-image size-large\"><img decoding=\"async\" width=\"1024\" height=\"682\" src=\"https:\/\/elliberador.com\/wp-content\/uploads\/2025\/10\/Imagen-de-WhatsApp-2025-10-19-a-las-19.34.07_8e4dd4c1-1024x682.jpg\" alt=\"\" class=\"wp-image-4178\" srcset=\"https:\/\/elliberador.com\/wp-content\/uploads\/2025\/10\/Imagen-de-WhatsApp-2025-10-19-a-las-19.34.07_8e4dd4c1-1024x682.jpg 1024w, https:\/\/elliberador.com\/wp-content\/uploads\/2025\/10\/Imagen-de-WhatsApp-2025-10-19-a-las-19.34.07_8e4dd4c1-300x200.jpg 300w, https:\/\/elliberador.com\/wp-content\/uploads\/2025\/10\/Imagen-de-WhatsApp-2025-10-19-a-las-19.34.07_8e4dd4c1-768x512.jpg 768w, https:\/\/elliberador.com\/wp-content\/uploads\/2025\/10\/Imagen-de-WhatsApp-2025-10-19-a-las-19.34.07_8e4dd4c1.jpg 1280w\" sizes=\"(max-width: 1024px) 100vw, 1024px\" \/><\/figure>\n\n\n\n<h2 class=\"wp-block-heading\">Cierre estrella: Romina Diez<\/h2>\n\n\n\n<p>El tramo final fue para <strong>Romina Diez<\/strong>, quien <strong>cerr\u00f3 el SantaFest 2<\/strong> con una arenga directa a los propios: <strong>\u201c\u00daltimo esfuerzo\u201d<\/strong>, <strong>\u201cni un paso atr\u00e1s\u201d<\/strong> y <strong>\u201cdefender la libertad en las urnas\u201d<\/strong>. Diez subray\u00f3 que la militancia <strong>lleva m\u00e1s de un mes en la calle<\/strong> y pidi\u00f3 <strong>concentrar energ\u00edas<\/strong> en la semana decisiva: <strong>convencer, cuidar la boleta y fiscalizar<\/strong>.<\/p>\n\n\n\n<figure class=\"wp-block-image size-large\"><img loading=\"lazy\" decoding=\"async\" width=\"768\" height=\"1024\" src=\"https:\/\/elliberador.com\/wp-content\/uploads\/2025\/10\/Imagen-de-WhatsApp-2025-10-18-a-las-21.26.09_8b6968d8-768x1024.jpg\" alt=\"\" class=\"wp-image-4172\" srcset=\"https:\/\/elliberador.com\/wp-content\/uploads\/2025\/10\/Imagen-de-WhatsApp-2025-10-18-a-las-21.26.09_8b6968d8-768x1024.jpg 768w, https:\/\/elliberador.com\/wp-content\/uploads\/2025\/10\/Imagen-de-WhatsApp-2025-10-18-a-las-21.26.09_8b6968d8-225x300.jpg 225w, https:\/\/elliberador.com\/wp-content\/uploads\/2025\/10\/Imagen-de-WhatsApp-2025-10-18-a-las-21.26.09_8b6968d8.jpg 960w\" sizes=\"(max-width: 768px) 100vw, 768px\" \/><\/figure>\n\n\n\n<h2 class=\"wp-block-heading\">El contexto: lealtades, violencia y una agenda que avanza<\/h2>\n\n\n\n<p>El acto se realiz\u00f3 el <strong>17 de octubre<\/strong>, fecha que el peronismo reivindica como \u201cd\u00eda de la lealtad\u201d, y en la <strong>misma ciudad<\/strong> donde sectores <strong>kirchneristas y de izquierda<\/strong> intentaron \u2014<strong>sin \u00e9xito<\/strong>\u2014 impedir la llegada del <strong>presidente<\/strong> Milei d\u00edas atr\u00e1s. Lejos de amedrentarse, a unas pocas cuadras de un acto del violento sindicato de la CGT, <strong>La Libertad Avanza<\/strong> mostr\u00f3 <strong>organizaci\u00f3n y m\u00fasculo militante<\/strong> en la capital, en la provincia y en todo el pa\u00eds.<\/p>\n\n\n\n<figure class=\"wp-block-image size-large\"><img loading=\"lazy\" decoding=\"async\" width=\"1024\" height=\"682\" src=\"https:\/\/elliberador.com\/wp-content\/uploads\/2025\/10\/Imagen-de-WhatsApp-2025-10-19-a-las-19.34.08_ed603a52-1024x682.jpg\" alt=\"\" class=\"wp-image-4180\" srcset=\"https:\/\/elliberador.com\/wp-content\/uploads\/2025\/10\/Imagen-de-WhatsApp-2025-10-19-a-las-19.34.08_ed603a52-1024x682.jpg 1024w, https:\/\/elliberador.com\/wp-content\/uploads\/2025\/10\/Imagen-de-WhatsApp-2025-10-19-a-las-19.34.08_ed603a52-300x200.jpg 300w, https:\/\/elliberador.com\/wp-content\/uploads\/2025\/10\/Imagen-de-WhatsApp-2025-10-19-a-las-19.34.08_ed603a52-768x512.jpg 768w, https:\/\/elliberador.com\/wp-content\/uploads\/2025\/10\/Imagen-de-WhatsApp-2025-10-19-a-las-19.34.08_ed603a52.jpg 1280w\" sizes=\"(max-width: 1024px) 100vw, 1024px\" \/><\/figure>\n\n\n\n<h2 class=\"wp-block-heading\">Lo que viene<\/h2>\n\n\n\n<p>Con varios cierres seccionales ya realizados, <strong>LLA Santa Fe<\/strong> se consolida como uno de los espacios con <strong>mayor actividad territorial<\/strong>. En paralelo, el <strong>presidente Javier Milei<\/strong> <strong>eligi\u00f3 Rosario<\/strong> para el <strong>cierre nacional<\/strong> de la campa\u00f1a, una se\u00f1al del peso pol\u00edtico que gan\u00f3 la regi\u00f3n en el tablero electoral.<\/p>\n","protected":false},"excerpt":{"rendered":"<p>Con el sal\u00f3n de La Rural colmado, La Libertad Avanza realiz\u00f3 en la ciudad de Santa Fe su cierre de campa\u00f1a local: sorteos, testimonios, referentes j\u00f3venes y una arenga final de Romina Diez, que pidi\u00f3 sostener la militancia en la \u00faltima semana. El evento comenz\u00f3 cerca de las 20.00 y fue conducido por Juan Jos\u00e9 Tagliabue.<\/p>\n","protected":false},"author":2,"featured_media":4169,"comment_status":"open","ping_status":"open","sticky":false,"template":"","format":"standard","meta":{"_acf_changed":false,"advanced_seo_description":"","jetpack_seo_html_title":"","jetpack_seo_noindex":false,"_jetpack_memberships_contains_paid_content":false,"footnotes":""},"categories":[4],"tags":[20,56,66],"class_list":["post-4168","post","type-post","status-publish","format-standard","has-post-thumbnail","hentry","category-politica","tag-destacados","tag-milei","tag-santa-fe"],"acf":[],"jetpack_featured_media_url":"https:\/\/elliberador.com\/wp-content\/uploads\/2025\/10\/DSC006792-scaled.jpg","jetpack_sharing_enabled":true,"_links":{"self":[{"href":"https:\/\/elliberador.com\/index.php\/wp-json\/wp\/v2\/posts\/4168","targetHints":{"allow":["GET"]}}],"collection":[{"href":"https:\/\/elliberador.com\/index.php\/wp-json\/wp\/v2\/posts"}],"about":[{"href":"https:\/\/elliberador.com\/index.php\/wp-json\/wp\/v2\/types\/post"}],"author":[{"embeddable":true,"href":"https:\/\/elliberador.com\/index.php\/wp-json\/wp\/v2\/users\/2"}],"replies":[{"embeddable":true,"href":"https:\/\/elliberador.com\/index.php\/wp-json\/wp\/v2\/comments?post=4168"}],"version-history":[{"count":1,"href":"https:\/\/elliberador.com\/index.php\/wp-json\/wp\/v2\/posts\/4168\/revisions"}],"predecessor-version":[{"id":4181,"href":"https:\/\/elliberador.com\/index.php\/wp-json\/wp\/v2\/posts\/4168\/revisions\/4181"}],"wp:featuredmedia":[{"embeddable":true,"href":"https:\/\/elliberador.com\/index.php\/wp-json\/wp\/v2\/media\/4169"}],"wp:attachment":[{"href":"https:\/\/elliberador.com\/index.php\/wp-json\/wp\/v2\/media?parent=4168"}],"wp:term":[{"taxonomy":"category","embeddable":true,"href":"https:\/\/elliberador.com\/index.php\/wp-json\/wp\/v2\/categories?post=4168"},{"taxonomy":"post_tag","embeddable":true,"href":"https:\/\/elliberador.com\/index.php\/wp-json\/wp\/v2\/tags?post=4168"}],"curies":[{"name":"wp","href":"https:\/\/api.w.org\/{rel}","templated":true}]}}