{"id":4182,"date":"2025-10-19T20:39:20","date_gmt":"2025-10-19T23:39:20","guid":{"rendered":"https:\/\/elliberador.com\/?p=4182"},"modified":"2025-10-19T20:39:22","modified_gmt":"2025-10-19T23:39:22","slug":"bullrich-intimo-por-redes-a-chumpitaz-y-aclaro-mi-candidato-en-santa-fe-es-agustin-pellegrini","status":"publish","type":"post","link":"https:\/\/elliberador.com\/index.php\/2025\/10\/19\/bullrich-intimo-por-redes-a-chumpitaz-y-aclaro-mi-candidato-en-santa-fe-es-agustin-pellegrini\/","title":{"rendered":"Bullrich intim\u00f3 por redes a Chumpitaz y aclar\u00f3: \u201cMi candidato en Santa Fe es Agust\u00edn Pellegrini\u201d"},"content":{"rendered":"\n<h2 class=\"wp-block-heading\">El posteo que encendi\u00f3 la mecha<\/h2>\n\n\n\n<p>La ministra de Seguridad public\u00f3 una intimaci\u00f3n directa a Chumpitaz para que cumpla la resoluci\u00f3n que ordena bajar afiches y volantes con su rostro. En el mismo posteo, Bullrich fue expl\u00edcita respecto del candidato al que apoya en la provincia: <strong>Pellegrini<\/strong>. La intervenci\u00f3n busc\u00f3 cortar de ra\u00edz la confusi\u00f3n generada por piezas gr\u00e1ficas que, al replicar la imagen de una referente hoy asociada a LLA, pod\u00edan inducir a error a parte del electorado.<\/p>\n\n\n\n<h2 class=\"wp-block-heading\">C\u00f3mo se lleg\u00f3 hasta ac\u00e1<\/h2>\n\n\n\n<p>El conflicto estalla tras una campa\u00f1a \u201cpor fuera\u201d de Chumpitaz que incorpor\u00f3 la foto de Bullrich en afiches y folleter\u00eda. Para LLA, eso configura <strong>apropiaci\u00f3n de identidad visual<\/strong> y <strong>publicidad enga\u00f1osa<\/strong>; por eso acudieron a la Justicia, que orden\u00f3 retirar la carteler\u00eda por <strong>posible confusi\u00f3n<\/strong>. Chumpitaz comunic\u00f3 que <strong>apelar\u00e1<\/strong> y no quit\u00f3 los materiales, estirando la disputa a la instancia superior. En pasillos pol\u00edticos circula, adem\u00e1s, la versi\u00f3n \u2014no confirmada oficialmente\u2014 de que, pasado el comicio, <strong>Maximiliano Pullaro<\/strong> le tendr\u00eda reservado un lugar en el esquema provincial, lectura que algunos usan para explicar la persistencia de la estrategia.<\/p>\n\n\n\n<figure class=\"wp-block-image size-full\"><img fetchpriority=\"high\" decoding=\"async\" width=\"748\" height=\"640\" src=\"https:\/\/elliberador.com\/wp-content\/uploads\/2025\/10\/Captura-de-pantalla-2025-10-19-195702.png\" alt=\"\" class=\"wp-image-4184\" srcset=\"https:\/\/elliberador.com\/wp-content\/uploads\/2025\/10\/Captura-de-pantalla-2025-10-19-195702.png 748w, https:\/\/elliberador.com\/wp-content\/uploads\/2025\/10\/Captura-de-pantalla-2025-10-19-195702-300x257.png 300w\" sizes=\"(max-width: 748px) 100vw, 748px\" \/><\/figure>\n\n\n\n<h2 class=\"wp-block-heading\">El hilo que muchos se\u00f1alan<\/h2>\n\n\n\n<p>En <strong>pasillos oficiales<\/strong> y entre <strong>operadores<\/strong> se habla de un <strong>\u201csecreto a voces\u201d<\/strong>: que la t\u00e1ctica contar\u00eda con la <strong>bendici\u00f3n<\/strong> del gobernador <strong>Maximiliano Pullaro<\/strong> y que <strong>habr\u00eda un lugar<\/strong> en el <strong>gobierno provincial<\/strong> para Chumpitaz <strong>despu\u00e9s<\/strong> de las elecciones. Esa versi\u00f3n <strong>no est\u00e1 confirmada<\/strong> por la Casa Gris, pero <strong>se repite<\/strong> con insistencia en off y <strong>cuadra<\/strong> con la l\u00f3gica del movimiento: <strong>sacarle puntos<\/strong> a LLA aunque sea a costa de <strong>sembrar confusi\u00f3n<\/strong>.<\/p>\n\n\n\n<h2 class=\"wp-block-heading\">Por qu\u00e9 importa con Boleta \u00danica<\/h2>\n\n\n\n<p>Con la <strong>Boleta \u00danica de Papel<\/strong>, la claridad de marcas y referentes es clave. Si una lista quedara fuera de carrera sin margen para <strong>reimprimir<\/strong> la BUP, su casillero podr\u00eda seguir visible y llevar a <strong>marcar opciones inv\u00e1lidas<\/strong> o <strong>anular<\/strong> el voto por confusi\u00f3n. La intimaci\u00f3n de Bullrich apunta justamente a <strong>ordenar la oferta<\/strong> y <strong>evitar errores<\/strong> en el cuarto oscuro.<\/p>\n\n\n\n<h2 class=\"wp-block-heading\">En s\u00edntesis<\/h2>\n\n\n\n<p>Bullrich fij\u00f3 posici\u00f3n en p\u00fablico, exigi\u00f3 el retiro de la carteler\u00eda y reafirm\u00f3 que <strong>su candidato es Agust\u00edn Pellegrini<\/strong>. Del otro lado, Chumpitaz eligi\u00f3 <strong>judicializar<\/strong> y <strong>sostener<\/strong> sus piezas, mientras crece el debate sobre los <strong>l\u00edmites \u00e9ticos y legales<\/strong> de la comunicaci\u00f3n electoral. Para el votante, la recomendaci\u00f3n es simple: <strong>verificar la alianza y el nombre del candidato<\/strong> antes de marcar, y pedir otra boleta si hay dudas.<\/p>\n","protected":false},"excerpt":{"rendered":"<p>En un mensaje p\u00fablico en X, Patricia Bullrich le dio 12 horas a Gabriel Chumpitaz para acatar un fallo electoral y retirar la carteler\u00eda donde utiliza su imagen \u201csin pertenecer al espacio\u201d. De paso, despej\u00f3 dudas: en Santa Fe, su respaldo es para Agust\u00edn Pellegrini (LLA). Chumpitaz anticip\u00f3 que apelar\u00e1 y mantuvo su propaganda.<\/p>\n","protected":false},"author":2,"featured_media":4183,"comment_status":"open","ping_status":"open","sticky":false,"template":"","format":"standard","meta":{"_acf_changed":false,"advanced_seo_description":"","jetpack_seo_html_title":"","jetpack_seo_noindex":false,"_jetpack_memberships_contains_paid_content":false,"footnotes":""},"categories":[4],"tags":[20,56,66],"class_list":["post-4182","post","type-post","status-publish","format-standard","has-post-thumbnail","hentry","category-politica","tag-destacados","tag-milei","tag-santa-fe"],"acf":[],"jetpack_featured_media_url":"https:\/\/elliberador.com\/wp-content\/uploads\/2025\/10\/Captura-de-pantalla-2025-10-19-194606.png","jetpack_sharing_enabled":true,"_links":{"self":[{"href":"https:\/\/elliberador.com\/index.php\/wp-json\/wp\/v2\/posts\/4182","targetHints":{"allow":["GET"]}}],"collection":[{"href":"https:\/\/elliberador.com\/index.php\/wp-json\/wp\/v2\/posts"}],"about":[{"href":"https:\/\/elliberador.com\/index.php\/wp-json\/wp\/v2\/types\/post"}],"author":[{"embeddable":true,"href":"https:\/\/elliberador.com\/index.php\/wp-json\/wp\/v2\/users\/2"}],"replies":[{"embeddable":true,"href":"https:\/\/elliberador.com\/index.php\/wp-json\/wp\/v2\/comments?post=4182"}],"version-history":[{"count":1,"href":"https:\/\/elliberador.com\/index.php\/wp-json\/wp\/v2\/posts\/4182\/revisions"}],"predecessor-version":[{"id":4185,"href":"https:\/\/elliberador.com\/index.php\/wp-json\/wp\/v2\/posts\/4182\/revisions\/4185"}],"wp:featuredmedia":[{"embeddable":true,"href":"https:\/\/elliberador.com\/index.php\/wp-json\/wp\/v2\/media\/4183"}],"wp:attachment":[{"href":"https:\/\/elliberador.com\/index.php\/wp-json\/wp\/v2\/media?parent=4182"}],"wp:term":[{"taxonomy":"category","embeddable":true,"href":"https:\/\/elliberador.com\/index.php\/wp-json\/wp\/v2\/categories?post=4182"},{"taxonomy":"post_tag","embeddable":true,"href":"https:\/\/elliberador.com\/index.php\/wp-json\/wp\/v2\/tags?post=4182"}],"curies":[{"name":"wp","href":"https:\/\/api.w.org\/{rel}","templated":true}]}}