{"id":4187,"date":"2025-10-20T08:42:02","date_gmt":"2025-10-20T11:42:02","guid":{"rendered":"https:\/\/elliberador.com\/?p=4187"},"modified":"2025-10-20T08:48:58","modified_gmt":"2025-10-20T11:48:58","slug":"bolivia-inicia-una-nueva-era-rodrigo-paz-pereira-pone-fin-a-dos-decadas-de-dominio-izquierdista","status":"publish","type":"post","link":"https:\/\/elliberador.com\/index.php\/2025\/10\/20\/bolivia-inicia-una-nueva-era-rodrigo-paz-pereira-pone-fin-a-dos-decadas-de-dominio-izquierdista\/","title":{"rendered":"Bolivia inicia una nueva era: Rodrigo Paz Pereira pone fin a dos d\u00e9cadas de dominio izquierdista"},"content":{"rendered":"\n<p>La victoria de <strong>Rodrigo Paz Pereira<\/strong> marca <strong>un antes y un despu\u00e9s<\/strong> en la historia reciente de Bolivia, poniendo fin a <strong>casi veinte a\u00f1os<\/strong> de hegemon\u00eda del <em>Movimiento al Socialismo (MAS)<\/em>. El resultado electoral refleja un <strong>claro rechazo popular<\/strong> al modelo <strong>estatista y populista<\/strong> que caracteriz\u00f3 a los gobiernos de <strong>Evo Morales<\/strong> y <strong>Luis Arce<\/strong>. El pa\u00eds, cansado de la <strong>intervenci\u00f3n estatal<\/strong> y la <strong>corrupci\u00f3n<\/strong>, eligi\u00f3 dar un giro decidido hacia <strong>una nueva etapa pol\u00edtica<\/strong>.<\/p>\n\n\n\n<p><strong><em>Una jornada que quedar\u00e1 en la historia<\/em><\/strong><br>En las elecciones de este domingo, <strong>Rodrigo Paz Pereira<\/strong> se impuso en la <strong>segunda vuelta<\/strong> frente a <strong>Jorge \u201cTuto\u201d Quiroga Ram\u00edrez<\/strong>, exmandatario y figura tradicional del sistema pol\u00edtico boliviano. Su triunfo representa una <strong>ruptura generacional y estructural<\/strong>: por primera vez desde <strong>2005<\/strong>, un candidato ajeno al <strong>MAS<\/strong> y a los <strong>viejos partidos tradicionales<\/strong> asume la presidencia.<\/p>\n\n\n\n<p>A los <strong>55 a\u00f1os<\/strong>, el exalcalde de <strong>Tarija<\/strong> y exsenador llega al poder respaldado por una <strong>coalici\u00f3n plural y ciudadana<\/strong>, compuesta por j\u00f3venes, clases medias, sectores urbanos y antiguos militantes de distintos espacios pol\u00edticos. Todos ellos coincidieron en una meta com\u00fan: <strong>terminar con la par\u00e1lisis pol\u00edtica<\/strong> y la <strong>polarizaci\u00f3n<\/strong> que dividi\u00f3 al pa\u00eds durante dos d\u00e9cadas.<\/p>\n\n\n\n<p><strong><em>Un liderazgo de centro-derecha con vocaci\u00f3n reformista<\/em><\/strong><br>Durante su campa\u00f1a, Paz se defini\u00f3 como una <strong>alternativa de derecha moderada<\/strong>, opuesta tanto a los <strong>excesos del populismo<\/strong> como a la <strong>inercia del sistema tradicional<\/strong>. Su mensaje central fue claro: <em>\u201cuna Bolivia sin extremos\u201d<\/em>. Propuso <strong>respeto institucional<\/strong>, <strong>desarrollo regional equilibrado<\/strong>, <strong>combate frontal a la corrupci\u00f3n<\/strong> y una <strong>pol\u00edtica social<\/strong> sostenida en la <strong>responsabilidad fiscal<\/strong>.<\/p>\n\n\n\n<p>Su <strong>tono conciliador<\/strong> y su <strong>\u00e9nfasis en la transparencia<\/strong> le permitieron conectar con un electorado agotado por la <strong>demagogia<\/strong>, la <strong>ineficiencia<\/strong> y el <strong>discurso de enfrentamiento<\/strong> de la izquierda.<\/p>\n\n\n\n<p>De acuerdo con los <strong>datos preliminares<\/strong>, Paz obtuvo <strong>cerca del 54 %<\/strong> de los votos, frente al <strong>45 %<\/strong> de Quiroga. El exmandatario <strong>reconoci\u00f3 su derrota<\/strong> y felicit\u00f3 al presidente electo, destacando la legitimidad del proceso.<\/p>\n\n\n\n<p><em>\u201cEntiendo el dolor que nos embarga, pero si hubiera existido fraude lo habr\u00edamos denunciado\u201d<\/em>, expres\u00f3 <strong>Quiroga<\/strong>.<\/p>\n\n\n\n<h5 class=\"wp-block-heading\"><\/h5>\n","protected":false},"excerpt":{"rendered":"<p>Con cerca del 54% de los votos frente al 45% de Jorge \u201cTuto\u201d Quiroga, Rodrigo Paz Pereira inaugura una etapa pos-MAS tras casi dos d\u00e9cadas de hegemon\u00eda. Se define como centroderecha moderada, promete institucionalidad, equilibrio fiscal y lucha contra la corrupci\u00f3n, y retoma el lema \u201cuna Bolivia sin extremos\u201d<\/p>\n","protected":false},"author":2,"featured_media":4190,"comment_status":"open","ping_status":"open","sticky":false,"template":"","format":"standard","meta":{"_acf_changed":false,"advanced_seo_description":"","jetpack_seo_html_title":"","jetpack_seo_noindex":false,"_jetpack_memberships_contains_paid_content":false,"footnotes":""},"categories":[10],"tags":[20,90,89],"class_list":["post-4187","post","type-post","status-publish","format-standard","has-post-thumbnail","hentry","category-internacionales","tag-destacados","tag-elecciones","tag-narcosocialismo"],"acf":[],"jetpack_featured_media_url":"https:\/\/elliberador.com\/wp-content\/uploads\/2025\/10\/G3qiXLYXQAACZJY.jpg","jetpack_sharing_enabled":true,"_links":{"self":[{"href":"https:\/\/elliberador.com\/index.php\/wp-json\/wp\/v2\/posts\/4187","targetHints":{"allow":["GET"]}}],"collection":[{"href":"https:\/\/elliberador.com\/index.php\/wp-json\/wp\/v2\/posts"}],"about":[{"href":"https:\/\/elliberador.com\/index.php\/wp-json\/wp\/v2\/types\/post"}],"author":[{"embeddable":true,"href":"https:\/\/elliberador.com\/index.php\/wp-json\/wp\/v2\/users\/2"}],"replies":[{"embeddable":true,"href":"https:\/\/elliberador.com\/index.php\/wp-json\/wp\/v2\/comments?post=4187"}],"version-history":[{"count":1,"href":"https:\/\/elliberador.com\/index.php\/wp-json\/wp\/v2\/posts\/4187\/revisions"}],"predecessor-version":[{"id":4188,"href":"https:\/\/elliberador.com\/index.php\/wp-json\/wp\/v2\/posts\/4187\/revisions\/4188"}],"wp:featuredmedia":[{"embeddable":true,"href":"https:\/\/elliberador.com\/index.php\/wp-json\/wp\/v2\/media\/4190"}],"wp:attachment":[{"href":"https:\/\/elliberador.com\/index.php\/wp-json\/wp\/v2\/media?parent=4187"}],"wp:term":[{"taxonomy":"category","embeddable":true,"href":"https:\/\/elliberador.com\/index.php\/wp-json\/wp\/v2\/categories?post=4187"},{"taxonomy":"post_tag","embeddable":true,"href":"https:\/\/elliberador.com\/index.php\/wp-json\/wp\/v2\/tags?post=4187"}],"curies":[{"name":"wp","href":"https:\/\/api.w.org\/{rel}","templated":true}]}}