{"id":4192,"date":"2025-10-20T09:27:17","date_gmt":"2025-10-20T12:27:17","guid":{"rendered":"https:\/\/elliberador.com\/?p=4192"},"modified":"2025-10-20T09:30:23","modified_gmt":"2025-10-20T12:30:23","slug":"trump-acusa-a-petro-de-lider-del-narco-y-anuncia-el-fin-de-la-ayuda-economica","status":"publish","type":"post","link":"https:\/\/elliberador.com\/index.php\/2025\/10\/20\/trump-acusa-a-petro-de-lider-del-narco-y-anuncia-el-fin-de-la-ayuda-economica\/","title":{"rendered":"Trump acusa a Petro de l\u00edder del narco y anuncia el fin de la ayuda econ\u00f3mica"},"content":{"rendered":"\n<h2 class=\"wp-block-heading\">Qu\u00e9 pas\u00f3 (y por qu\u00e9 es grave)<\/h2>\n\n\n\n<p>Trump comunic\u00f3 por redes que <strong>terminar\u00e1 la asistencia estadounidense<\/strong> a Colombia e impondr\u00e1 <strong>aranceles<\/strong> al pa\u00eds, al tiempo que calific\u00f3 a Petro como \u201c<strong>illegal drug leader<\/strong>\u201d. En paralelo, su gobierno viene <strong>golpeando embarcaciones<\/strong> en el Caribe que asegura est\u00e1n vinculadas al narcotr\u00e1fico y a grupos armados; los operativos ya dejaron muertos y abrieron un fuerte frente diplom\u00e1tico. El <strong>canciller colombiano<\/strong> conden\u00f3 las palabras de Trump como una \u201cgrave vulneraci\u00f3n\u201d y Petro neg\u00f3 las acusaciones.<\/p>\n\n\n\n<p>El impacto potencial no es menor: la ayuda estadounidense a Colombia super\u00f3 los <strong>USD 200 millones<\/strong> en el a\u00f1o fiscal 2025, sobre m\u00e1s de <strong>USD 10.000 millones<\/strong> acumulados desde fines de los 90 (Plan Colombia y posteriores). Cortar esa cooperaci\u00f3n \u2014y adem\u00e1s gravar exportaciones\u2014 <strong>reperfila<\/strong> una relaci\u00f3n bilateral clave en seguridad y econom\u00eda.<\/p>\n\n\n\n<h2 class=\"wp-block-heading\">El espejo venezolano: del discurso a los cargos penales<\/h2>\n\n\n\n<p>El antecedente reciente es <strong>Venezuela<\/strong>. En <strong>2020<\/strong>, el Departamento de Justicia de EE.UU. <strong>imput\u00f3 a Nicol\u00e1s Maduro<\/strong> y a jerarcas de su r\u00e9gimen por <strong>narco-terrorismo y conspiraci\u00f3n para traficar coca\u00edna<\/strong>, con recompensas millonarias. En <strong>2025<\/strong>, la Casa Blanca intensific\u00f3 su <strong>campa\u00f1a mar\u00edtima<\/strong> contra supuestos \u201cnarco-botes\u201d frente a las costas venezolanas, con episodios letales y controversia internacional. El paralelismo no es perfecto \u2014Colombia es aliado hist\u00f3rico y Venezuela no\u2014, pero <strong>marca el rango de escalada<\/strong> posible cuando Washington \u201cse\u00f1ala\u201d a un presidente por drogas: <strong>sanciones, aislamiento, acciones militares y, en el extremo, causas penales<\/strong>.<\/p>\n\n\n\n<h2 class=\"wp-block-heading\">Qu\u00e9 puede venir para Petro (escenarios)<\/h2>\n\n\n\n<ul class=\"wp-block-list\">\n<li><strong>Sanciones personales y comerciales.<\/strong> M\u00e1s all\u00e1 del fin de la ayuda y los aranceles anunciados, podr\u00edan aparecer <strong>sanciones selectivas<\/strong> a funcionarios y cuadros pol\u00edticos, siguiendo la l\u00f3gica aplicada a Caracas. (An\u00e1lisis prospectivo basado en precedentes).<\/li>\n\n\n\n<li><strong>Decertificaci\u00f3n y ruptura operativa.<\/strong> EE.UU. ya <strong>rebaj\u00f3<\/strong> las notas de Colombia en informes antidrogas previos; un <strong>rompimiento<\/strong> de cooperaci\u00f3n afectar\u00eda inteligencia, control de precursores y operaciones conjuntas.<\/li>\n\n\n\n<li><strong>Ruta judicial.<\/strong> El <strong>riesgo reputacional y legal<\/strong> crece si el discurso deriva en <strong>acusaciones formales<\/strong> del Departamento de Justicia, como ocurri\u00f3 con Maduro en 2020. (No es autom\u00e1tico, pero el precedente existe).<\/li>\n<\/ul>\n\n\n\n<h2 class=\"wp-block-heading\">La respuesta de Colombia<\/h2>\n\n\n\n<p>El <strong>Gobierno colombiano<\/strong> rechaz\u00f3 las afirmaciones de Trump, defendi\u00f3 sus pol\u00edticas antidroga y denunci\u00f3 <strong>violaciones al derecho internacional<\/strong> por los ataques a embarcaciones que, seg\u00fan familiares y autoridades locales, <strong>no ser\u00edan narco-buques<\/strong>. Petro tild\u00f3 a Trump de \u201cignorante\u201d sobre Colombia y acusa a Washington de <strong>presi\u00f3n pol\u00edtica<\/strong> m\u00e1s que de cooperaci\u00f3n.<\/p>\n\n\n\n<h2 class=\"wp-block-heading\">Por qu\u00e9 importa para la regi\u00f3n<\/h2>\n\n\n\n<p>Colombia es el <strong>principal productor global de coca\u00edna<\/strong>, con impacto directo en <strong>rutas regionales<\/strong> y econom\u00edas vecinas. Una <strong>guerra discursiva<\/strong> que escale a <strong>tarifas, sanciones o ruptura de cooperaci\u00f3n<\/strong> puede <strong>reconfigurar flujos<\/strong> comerciales y de seguridad en Sudam\u00e9rica. Para un presidente de izquierda como Petro, <strong>ser rotulado como \u201cnarcotraficante\u201d por la Casa Blanca<\/strong> no es s\u00f3lo un costo simb\u00f3lico: <strong>abre una caja de herramientas<\/strong> (diplom\u00e1tica, econ\u00f3mica y judicial) que ya vimos en Venezuela y que puede <strong>aislar aceleradamente<\/strong> a un gobierno.<\/p>\n","protected":false},"excerpt":{"rendered":"<p>El domingo 19 de octubre, Donald Trump acus\u00f3 al presidente colombiano Gustavo Petro de ser un \u201cl\u00edder del narcotr\u00e1fico\u201d y anunci\u00f3 el corte de la ayuda y nuevos aranceles a las exportaciones de Colombia. Bogot\u00e1 rechaz\u00f3 las declaraciones como una afrenta a su soberan\u00eda. El episodio escala un conflicto que ya ven\u00eda creciendo \u2014con operaciones militares estadounidenses contra lanchas en el Caribe\u2014 e instala un riesgo pol\u00edtico y judicial para Petro con un espejo cercano: lo que ocurri\u00f3 con Nicol\u00e1s Maduro tras sus cargos por narco-terrorismo en EE.UU.<\/p>\n","protected":false},"author":2,"featured_media":4193,"comment_status":"open","ping_status":"open","sticky":false,"template":"","format":"standard","meta":{"_acf_changed":false,"advanced_seo_description":"","jetpack_seo_html_title":"","jetpack_seo_noindex":false,"_jetpack_memberships_contains_paid_content":false,"footnotes":""},"categories":[10],"tags":[92,20,93],"class_list":["post-4192","post","type-post","status-publish","format-standard","has-post-thumbnail","hentry","category-internacionales","tag-colombia","tag-destacados","tag-narcotrafico"],"acf":[],"jetpack_featured_media_url":"https:\/\/elliberador.com\/wp-content\/uploads\/2025\/10\/Trump_y_Petro.jpg","jetpack_sharing_enabled":true,"_links":{"self":[{"href":"https:\/\/elliberador.com\/index.php\/wp-json\/wp\/v2\/posts\/4192","targetHints":{"allow":["GET"]}}],"collection":[{"href":"https:\/\/elliberador.com\/index.php\/wp-json\/wp\/v2\/posts"}],"about":[{"href":"https:\/\/elliberador.com\/index.php\/wp-json\/wp\/v2\/types\/post"}],"author":[{"embeddable":true,"href":"https:\/\/elliberador.com\/index.php\/wp-json\/wp\/v2\/users\/2"}],"replies":[{"embeddable":true,"href":"https:\/\/elliberador.com\/index.php\/wp-json\/wp\/v2\/comments?post=4192"}],"version-history":[{"count":1,"href":"https:\/\/elliberador.com\/index.php\/wp-json\/wp\/v2\/posts\/4192\/revisions"}],"predecessor-version":[{"id":4194,"href":"https:\/\/elliberador.com\/index.php\/wp-json\/wp\/v2\/posts\/4192\/revisions\/4194"}],"wp:featuredmedia":[{"embeddable":true,"href":"https:\/\/elliberador.com\/index.php\/wp-json\/wp\/v2\/media\/4193"}],"wp:attachment":[{"href":"https:\/\/elliberador.com\/index.php\/wp-json\/wp\/v2\/media?parent=4192"}],"wp:term":[{"taxonomy":"category","embeddable":true,"href":"https:\/\/elliberador.com\/index.php\/wp-json\/wp\/v2\/categories?post=4192"},{"taxonomy":"post_tag","embeddable":true,"href":"https:\/\/elliberador.com\/index.php\/wp-json\/wp\/v2\/tags?post=4192"}],"curies":[{"name":"wp","href":"https:\/\/api.w.org\/{rel}","templated":true}]}}