{"id":4207,"date":"2025-10-21T09:11:34","date_gmt":"2025-10-21T12:11:34","guid":{"rendered":"https:\/\/elliberador.com\/?p=4207"},"modified":"2025-10-21T09:11:36","modified_gmt":"2025-10-21T12:11:36","slug":"javier-milei-cerrara-la-campana-nacional-en-rosario-el-jueves-23-de-octubre-en-el-parque-espana","status":"publish","type":"post","link":"https:\/\/elliberador.com\/index.php\/2025\/10\/21\/javier-milei-cerrara-la-campana-nacional-en-rosario-el-jueves-23-de-octubre-en-el-parque-espana\/","title":{"rendered":"Javier Milei cerrar\u00e1 la campa\u00f1a nacional en Rosario el jueves 23 de octubre en el Parque Espa\u00f1a"},"content":{"rendered":"\n<p><strong>El presidente Javier Milei<\/strong> eligi\u00f3 <strong>Rosario<\/strong> para cerrar la campa\u00f1a legislativa 2025, y <strong>el jueves 23 de octubre a las 19hs se presentar\u00e1<\/strong> en las escalinatas del <strong>Parque Espa\u00f1a<\/strong>, el mismo lugar donde en <strong>2021<\/strong> <strong>inici\u00f3<\/strong> su campa\u00f1a en el interior del pa\u00eds tras ser electo diputado por <strong>Buenos Aires<\/strong>. El regreso a ese escenario <strong>reunir\u00e1<\/strong> a miles y <strong>marcar\u00e1<\/strong> el final de una campa\u00f1a <em>bisagra<\/em> para el futuro del pa\u00eds.<\/p>\n\n\n\n<figure class=\"wp-block-image size-large\"><img fetchpriority=\"high\" decoding=\"async\" width=\"1024\" height=\"683\" src=\"https:\/\/elliberador.com\/wp-content\/uploads\/2025\/10\/milei-se-presento-en-el-parque-espana-de-rosario-DRTN4RYZSFF5FBJ5XHXIBCKKVE-1-1024x683.avif\" alt=\"\" class=\"wp-image-4210\" srcset=\"https:\/\/elliberador.com\/wp-content\/uploads\/2025\/10\/milei-se-presento-en-el-parque-espana-de-rosario-DRTN4RYZSFF5FBJ5XHXIBCKKVE-1-1024x683.avif 1024w, https:\/\/elliberador.com\/wp-content\/uploads\/2025\/10\/milei-se-presento-en-el-parque-espana-de-rosario-DRTN4RYZSFF5FBJ5XHXIBCKKVE-1-300x200.avif 300w, https:\/\/elliberador.com\/wp-content\/uploads\/2025\/10\/milei-se-presento-en-el-parque-espana-de-rosario-DRTN4RYZSFF5FBJ5XHXIBCKKVE-1-768x512.avif 768w, https:\/\/elliberador.com\/wp-content\/uploads\/2025\/10\/milei-se-presento-en-el-parque-espana-de-rosario-DRTN4RYZSFF5FBJ5XHXIBCKKVE-1.avif 1440w\" sizes=\"(max-width: 1024px) 100vw, 1024px\" \/><\/figure>\n\n\n\n<p>Ser\u00e1 el <strong>cierre de una ardua gira<\/strong> en la que el Presidente <strong>se puso la campa\u00f1a al hombro<\/strong> y <strong>recorri\u00f3<\/strong> provincias dominadas por <strong>aparatos estatales de caudillos locales<\/strong>. All\u00ed, la <strong>ilusi\u00f3n<\/strong> y la <strong>euforia<\/strong> de ciudadanos <strong>ahogados por el estatismo<\/strong> <strong>pidieron<\/strong> a gritos <strong>libertad<\/strong> y <strong>ven<\/strong> en Milei al <strong>\u00fanico<\/strong> capaz de <strong>quebrar<\/strong> esa din\u00e1mica de \u201c<em>esclavitud moderna<\/em>\u201d. Aunque <strong>medios de pauta<\/strong> intentaron <strong>tapar<\/strong> esa efervescencia, <strong>medios libres e independientes<\/strong> como <strong>El Liberador<\/strong> <strong>muestran \u2014y seguir\u00e1n mostrando\u2014<\/strong> lo que pasa en la calle, para <strong>bajarles el precio<\/strong> a quienes <strong>viven<\/strong> del dinero que los pol\u00edticos <strong>quitan por leyes que ellos mismos sancionan<\/strong> a los ciudadanos y <strong>redireccionan<\/strong> a medios que <strong>los elogian<\/strong>.<\/p>\n\n\n\n<p>En <strong>Santa Fe<\/strong> <strong>se presentar\u00e1<\/strong> la lista que <strong>Romina Diez<\/strong> <strong>form\u00f3<\/strong> con <strong>Agust\u00edn Pellegrini<\/strong> a la cabeza y <strong>libertarios puros, sin alianzas<\/strong>. Desde <strong>Rosario<\/strong>, donde <strong>naci\u00f3<\/strong> aquel recorrido del interior, el cierre <strong>se convertir\u00e1 el jueves<\/strong> en una <strong>declaraci\u00f3n de principios<\/strong> y en un <strong>llamado<\/strong> a defender <strong>las urnas<\/strong>, la <strong>fiscalizaci\u00f3n<\/strong> y el <strong>rumbo de libertad<\/strong> que cada d\u00eda <strong>m\u00e1s argentinos abrazan<\/strong>.<\/p>\n","protected":false},"excerpt":{"rendered":"<p>El jueves 23 en las escalinatas del Parque Espa\u00f1a, Javier Milei cerrar\u00e1 la campa\u00f1a legislativa 2025 en Rosario, el mismo lugar donde en 2021 inici\u00f3 su recorrido en el interior, coronando una gira federal que encendi\u00f3 el clamor por la libertad en provincias dominadas por aparatos estatales. Con Romina Diez como anfitriona y Agust\u00edn Pellegrini al frente de una lista de libertarios puros, sin alianzas, el acto ser\u00e1 una declaraci\u00f3n de principios y un llamado a defender las urnas y la fiscalizaci\u00f3n, frente al relato de los medios de pauta que El Liberador se propone desenmascarar.<\/p>\n","protected":false},"author":2,"featured_media":4209,"comment_status":"open","ping_status":"open","sticky":false,"template":"","format":"standard","meta":{"_acf_changed":false,"advanced_seo_description":"","jetpack_seo_html_title":"","jetpack_seo_noindex":false,"_jetpack_memberships_contains_paid_content":false,"footnotes":""},"categories":[4],"tags":[20,56,43,66],"class_list":["post-4207","post","type-post","status-publish","format-standard","has-post-thumbnail","hentry","category-politica","tag-destacados","tag-milei","tag-rosario","tag-santa-fe"],"acf":[],"jetpack_featured_media_url":"https:\/\/elliberador.com\/wp-content\/uploads\/2025\/10\/Imagen-de-WhatsApp-2025-10-04-a-las-17.30.19_5e3b2b0e-1.jpg","jetpack_sharing_enabled":true,"_links":{"self":[{"href":"https:\/\/elliberador.com\/index.php\/wp-json\/wp\/v2\/posts\/4207","targetHints":{"allow":["GET"]}}],"collection":[{"href":"https:\/\/elliberador.com\/index.php\/wp-json\/wp\/v2\/posts"}],"about":[{"href":"https:\/\/elliberador.com\/index.php\/wp-json\/wp\/v2\/types\/post"}],"author":[{"embeddable":true,"href":"https:\/\/elliberador.com\/index.php\/wp-json\/wp\/v2\/users\/2"}],"replies":[{"embeddable":true,"href":"https:\/\/elliberador.com\/index.php\/wp-json\/wp\/v2\/comments?post=4207"}],"version-history":[{"count":1,"href":"https:\/\/elliberador.com\/index.php\/wp-json\/wp\/v2\/posts\/4207\/revisions"}],"predecessor-version":[{"id":4211,"href":"https:\/\/elliberador.com\/index.php\/wp-json\/wp\/v2\/posts\/4207\/revisions\/4211"}],"wp:featuredmedia":[{"embeddable":true,"href":"https:\/\/elliberador.com\/index.php\/wp-json\/wp\/v2\/media\/4209"}],"wp:attachment":[{"href":"https:\/\/elliberador.com\/index.php\/wp-json\/wp\/v2\/media?parent=4207"}],"wp:term":[{"taxonomy":"category","embeddable":true,"href":"https:\/\/elliberador.com\/index.php\/wp-json\/wp\/v2\/categories?post=4207"},{"taxonomy":"post_tag","embeddable":true,"href":"https:\/\/elliberador.com\/index.php\/wp-json\/wp\/v2\/tags?post=4207"}],"curies":[{"name":"wp","href":"https:\/\/api.w.org\/{rel}","templated":true}]}}