{"id":4212,"date":"2025-10-21T11:44:04","date_gmt":"2025-10-21T14:44:04","guid":{"rendered":"https:\/\/elliberador.com\/?p=4212"},"modified":"2025-10-21T11:44:07","modified_gmt":"2025-10-21T14:44:07","slug":"gisela-scaglia-exfuncionaria-k-y-dos-socialistas-que-vivieron-siempre-del-estado-la-lista-protokirchnerista-de-pullaro","status":"publish","type":"post","link":"https:\/\/elliberador.com\/index.php\/2025\/10\/21\/gisela-scaglia-exfuncionaria-k-y-dos-socialistas-que-vivieron-siempre-del-estado-la-lista-protokirchnerista-de-pullaro\/","title":{"rendered":"Gisela Scaglia exfuncionaria K y dos socialistas que vivieron siempre del Estado: la lista protokirchnerista de Pullaro"},"content":{"rendered":"\n<p>La lista de <strong>Maximiliano Pullaro<\/strong> es uno de los grandes enga\u00f1os pol\u00edticos de Santa Fe. Se presenta como el \u201cfrente que vino a frenar al kirchnerismo\u201d, pero en realidad est\u00e1 compuesto por <strong>dirigentes que piensan y act\u00faan igual que el kirchnerismo<\/strong>, solo que buscan quedarse con <strong>el negocio estatal para ellos<\/strong>. Los tres primeros nombres \u2014<strong>Gisela Scaglia, Pablo Far\u00edas y Melina Giorgi<\/strong>\u2014 tienen un denominador com\u00fan inconfundible: <strong>siempre trabajaron en el Estado, desde sus comienzos laborales, y nunca generaron un solo peso fuera del presupuesto p\u00fablico<\/strong>.<br>Scaglia fue <strong>funcionaria del kirchnerismo<\/strong>, empleada directa de <strong>N\u00e9stor y Cristina Kirchner<\/strong>, y luego se recicl\u00f3 en el PRO para seguir viviendo de la pol\u00edtica. Far\u00edas es <strong>un socialista cl\u00e1sico<\/strong>, defensor del Estado gigante y enemigo del mercado. Giorgi, por su parte, es <strong>la persona de confianza de Mart\u00edn Lousteau<\/strong>, el autor de la tristemente c\u00e9lebre <strong>Resoluci\u00f3n 125<\/strong>, y la misma que <strong>se escondi\u00f3 para levantar la mano y subirse el sueldo a nueve millones de pesos<\/strong>, en una escena que sintetiza lo peor de la vieja pol\u00edtica.<br>Esta extensa nota detalla el <strong>curr\u00edculum de cada uno<\/strong>, su historia personal y laboral, y la <strong>nula experiencia en el sector privado<\/strong> que los une. Los tres representan la <strong>vieja casta estatal<\/strong>, esa que no sabe lo que cuesta producir, pagar impuestos o sostener una empresa. Mientras los argentinos piden <strong>menos pol\u00edtica y m\u00e1s trabajo real<\/strong>, ellos ofrecen lo contrario: <strong>m\u00e1s Estado, m\u00e1s gasto y m\u00e1s privilegios<\/strong>:<\/p>\n\n\n\n<h2 class=\"wp-block-heading\">Gisela Scaglia: de Kirchnerista al radicalismo, la carrera de una pol\u00edtica de la casta<\/h2>\n\n\n\n<p><strong>Gisela Scaglia<\/strong> es un ejemplo paradigm\u00e1tico de la <em>casta pol\u00edtica<\/em> argentina: comenz\u00f3 su trayectoria haciendo carrera bajo el ala del kirchnerismo y hoy se presenta como opositora en las filas del PRO, aunque su recorrido y sus ideas demuestran que, m\u00e1s que un cambio de convicciones, hubo un cambio de camiseta. Su curr\u00edculum vitae expone que <strong>toda su vida laboral transcurri\u00f3 en la pol\u00edtica y el sector p\u00fablico<\/strong>, sin experiencia alguna en la actividad privada ni en emprendimientos productivos. Esto pone en entredicho su supuesto contraste con el kirchnerismo, ya que <strong>en la pr\u00e1ctica Scaglia encarna la continuidad de las mismas pr\u00e1cticas e ideas estatistas<\/strong>, simplemente desde otro espacio partidario. A continuaci\u00f3n, analizamos su carrera punto por punto, con una mirada editorial libertaria, para evidenciar por qu\u00e9 muchos ciudadanos, hartos de estas trayectorias profesionales exclusivamente pol\u00edticas, claman \u00a1basta! a este tipo de dirigentes.<\/p>\n\n\n\n<h3 class=\"wp-block-heading\">Del kirchnerismo: sus inicios como funcionaria estatal<\/h3>\n\n\n\n<p>Reci\u00e9n graduada en Ciencias Pol\u00edticas en 2003, Gisela Scaglia ingres\u00f3 de inmediato en la <strong>administraci\u00f3n p\u00fablica nacional<\/strong>, integr\u00e1ndose al gobierno peronista kirchnerista de N\u00e9stor Kirchner y luego Cristina Fern\u00e1ndez. Sus primeros pasos profesionales no fueron en una empresa ni en un emprendimiento propio, sino <strong>en cargos t\u00e9cnicos y de coordinaci\u00f3n dentro de ministerios y programas estatales kirchneristas<\/strong>. Seg\u00fan consta en su CV, entre 2004 y 2008 ocup\u00f3 diversos puestos en organismos nacionales:<\/p>\n\n\n\n<ul class=\"wp-block-list\">\n<li><strong>2004-2005:<\/strong> Consultora t\u00e9cnica en el <em>Plan Nacional Manos a la Obra<\/em> y coordinadora de foros del <em>Programa Familias por la Inclusi\u00f3n Social<\/em> del Ministerio de Desarrollo Social de la Naci\u00f3n. Estos programas, impulsados por Alicia Kirchner, buscaban financiar microemprendimientos y asistencia social en plena era kirchnerista.<\/li>\n\n\n\n<li><strong>2005-2006:<\/strong> Referente t\u00e9cnica provincial en la <strong>Direcci\u00f3n Nacional de Juventud<\/strong> (Ministerio de Desarrollo Social) para el programa <em>INCLUIR<\/em> de inclusi\u00f3n juvenil en Santa Fe, y supervisora regional en el <em>Plan Nacional Manos a la Obra<\/em> (un plan social productivo del Ministerio de Desarrollo Social y Ministerio de Trabajo). Nuevamente, roles directamente ligados a las pol\u00edticas asistencialistas del kirchnerismo en sus primeros a\u00f1os de gobierno.<\/li>\n\n\n\n<li><strong>2006-2008:<\/strong> Coordinadora regional (para NEA y Centro) en el Ministerio de Trabajo, Empleo y Seguridad Social de la Naci\u00f3n (Secretar\u00eda de Empleo), en el marco de un programa de Naciones Unidas (PNUD) orientado a proyectos productivos y empleo. Es decir, Scaglia continu\u00f3 sumando credenciales en <strong>puestos estatales durante todo el gobierno de N\u00e9stor Kirchner<\/strong>, afianzando su perfil de gestora p\u00fablica.<\/li>\n<\/ul>\n\n\n\n<p>En 2008 da un paso adicional en su carrera p\u00fablica: durante un tiempo fue <em>consultora del Banco Mundial<\/em> en Buenos Aires, enfocada al \u00e1rea de Reforma del Estado. Ese mismo a\u00f1o <strong>se incorpor\u00f3 al gobierno de la Ciudad Aut\u00f3noma de Buenos Aires<\/strong>, bajo la \u00f3rbita del entonces jefe de Gobierno Mauricio Macri (fundador del PRO). All\u00ed se desempe\u00f1\u00f3 como <em>Coordinadora del \u00c1rea Social<\/em> en una unidad de gesti\u00f3n del Ministerio de Desarrollo Econ\u00f3mico porte\u00f1o (2008-2009). Este movimiento marca el <strong>comienzo de su transici\u00f3n desde el peronismo kirchnerista hacia el espacio del PRO<\/strong>. Cabe destacar que hasta este punto <strong>toda la experiencia de Scaglia hab\u00eda sido en oficinas p\u00fablicas, implementando pol\u00edticas gubernamentales<\/strong>, sin rozar la esfera productiva privada.<\/p>\n\n\n\n<h3 class=\"wp-block-heading\">Salto al PRO: una conversi\u00f3n oportunista sin cambio de ideas<\/h3>\n\n\n\n<p>A partir de 2009, Gisela Scaglia se alinea plenamente con el PRO, el partido fundado por Macri. Su <strong>ascenso dentro de la estructura partidaria de PRO<\/strong> fue inmediato, capitalizando la experiencia acumulada en el estado kirchnerista pero ahora bajo una nueva bandera pol\u00edtica. Entre 2009 y 2013 ocup\u00f3 cargos legislativos de rango menor en Santa Fe siempre en representaci\u00f3n del PRO: fue asesora en el Concejo Municipal de Rosario (2009-2011) y luego Secretaria de Bloque PRO en la C\u00e1mara de Diputados provincial (2011-2013). Esta etapa le sirvi\u00f3 de plataforma para su salto a la pol\u00edtica nacional.<\/p>\n\n\n\n<p>En <strong>2013<\/strong>, Scaglia fue candidata a diputada nacional por Santa Fe en la lista del PRO (dentro del frente Juntos por el Cambio). Result\u00f3 elegida y desde diciembre de 2013 empez\u00f3 a ocupar una banca en la <strong>Honorable C\u00e1mara de Diputados de la Naci\u00f3n<\/strong>, cargo que mantuvo por dos mandatos consecutivos hasta 2021. Durante esos ocho a\u00f1os en el Congreso, integr\u00f3 numerosas comisiones vinculadas principalmente a temas sociales, salud, educaci\u00f3n, cultura y similares, e incluso presidi\u00f3 la Comisi\u00f3n de Cultura en su segundo mandato. Es decir, <strong>su foco legislativo continu\u00f3 siendo las pol\u00edticas p\u00fablicas estatales asistenciales o regulatorias<\/strong>, muy en l\u00ednea con aquello en lo que se hab\u00eda \u201cespecializado\u201d durante su tiempo en el kirchnerismo (educaci\u00f3n, salud, acci\u00f3n social, etc.). No sobresali\u00f3 precisamente por impulsar reducciones del gasto p\u00fablico, ni por proyectos de corte liberalizador de la econom\u00eda, sino m\u00e1s bien por iniciativas de <em>corte institucional y social<\/em> (por ejemplo, leyes de educaci\u00f3n ambiental y nutrici\u00f3n saludable durante el gobierno de Macri, las cuales dif\u00edcilmente diferencian al espacio opositor del oficialismo en cuanto a filosof\u00eda intervencionista).<\/p>\n\n\n\n<p>Scaglia finalmente dej\u00f3 la C\u00e1mara en 2021, pero lejos de retirarse a la actividad privada, <strong>continu\u00f3 su carrera pol\u00edtica<\/strong>: en 2023 fue elegida vicegobernadora de Santa Fe acompa\u00f1ando al radical Maximiliano Pullaro, dentro de la alianza <em>Unidos para Cambiar Santa Fe<\/em> (una coalici\u00f3n provincial amplia que reuni\u00f3 a unos 15 partidos, del PRO hasta socialistas, con el objetivo expl\u00edcito de \u201csacar al kirchnerismo\u201d del poder provincial). Parad\u00f3jicamente, este \u201cfrente anti-K\u201d termin\u00f3 incluyendo a actores ideol\u00f3gicamente muy similares al kirchnerismo en materia econ\u00f3mica, lo que refuerza la idea de que <strong>m\u00e1s que diferencias de fondo, prima el af\u00e1n de obtener el poder para administrar el Estado a su conveniencia<\/strong>. La propia Scaglia declar\u00f3 tras el triunfo que <em>\u201cfuimos un frente para sacar al kirchnerismo de la provincia\u201d<\/em>, admitiendo que la meta era desalojar a una facci\u00f3n pol\u00edtica determinada. La pregunta obligada es: \u00bfpara <strong>hacer algo distinto<\/strong> o simplemente para <strong>reemplazarla y hacer m\u00e1s de lo mismo<\/strong>?<\/p>\n\n\n\n<figure class=\"wp-block-image size-full\"><img fetchpriority=\"high\" decoding=\"async\" width=\"900\" height=\"600\" src=\"https:\/\/elliberador.com\/wp-content\/uploads\/2025\/10\/l_1704995486.jpeg\" alt=\"\" class=\"wp-image-4214\" srcset=\"https:\/\/elliberador.com\/wp-content\/uploads\/2025\/10\/l_1704995486.jpeg 900w, https:\/\/elliberador.com\/wp-content\/uploads\/2025\/10\/l_1704995486-300x200.jpeg 300w, https:\/\/elliberador.com\/wp-content\/uploads\/2025\/10\/l_1704995486-768x512.jpeg 768w\" sizes=\"(max-width: 900px) 100vw, 900px\" \/><figcaption class=\"wp-element-caption\">Gisela Scaglia, una vida entera viviendo del Estado<\/figcaption><\/figure>\n\n\n\n<h3 class=\"wp-block-heading\">Una vida entera en la pol\u00edtica (y ninguna en la producci\u00f3n)<\/h3>\n\n\n\n<p>Si algo queda claro al repasar el CV de Gisela Scaglia es que <strong>toda su vida adulta ha transcurrido en la funci\u00f3n p\u00fablica, la militancia pol\u00edtica profesional y organismos ligados al Estado<\/strong>. Desde muy joven orient\u00f3 su formaci\u00f3n a este camino: fue <strong>becaria en programas de formaci\u00f3n de dirigentes pol\u00edticos<\/strong> tanto nacionales como internacionales (por ejemplo, cursos de la Fundaci\u00f3n Universitaria R\u00edo de la Plata en EE.UU., un seminario de la OEA sobre gerencia pol\u00edtica, becas de la fundaci\u00f3n FAES en Espa\u00f1a, e incluso la Escuela Nacional de Gobierno del INAP argentino). Esta intensa capacitaci\u00f3n temprana en liderazgo pol\u00edtico muestra que <strong>su aspiraci\u00f3n desde el principio fue ser \u201cpol\u00edtica de carrera\u201d<\/strong>. No existe en su trayectoria ninguna experiencia en el sector privado, por m\u00ednima que sea: <strong>no emprendi\u00f3 un negocio, no trabaj\u00f3 en una empresa, no gener\u00f3 empleo en el \u00e1mbito productivo ni tuvo que lidiar con pagar sueldos de su bolsillo<\/strong>. Todo ingreso en su carrera provino del erario p\u00fablico o de agencias internacionales, es decir, en \u00faltima instancia del aporte de los contribuyentes.<\/p>\n\n\n\n<p>Esta realidad contrasta fuertemente con el discurso que Scaglia y otros dirigentes suelen esgrimir de cara a la sociedad. Por ejemplo, ya como vicegobernadora y referente del PRO en Santa Fe, Scaglia afirm\u00f3 recientemente que su espacio busca <em>\u201cgenerar empleo, generar desarrollo productivo y generar infraestructura productiva\u201d<\/em> en Argentina. Sin embargo, cabr\u00eda preguntarse <strong>\u00bfqu\u00e9 puede saber de generar empleo genuino alguien que jam\u00e1s trabaj\u00f3 fuera del Estado?<\/strong> Resulta ir\u00f3nico escucharla hablar de <em>desarrollo productivo<\/em> cuando <strong>nunca ha sido parte del sector productivo real<\/strong>. Sus conocimientos provienen de la teor\u00eda acad\u00e9mica y la gesti\u00f3n p\u00fablica, \u00e1mbitos donde el empleo se financia con presupuesto estatal o con cr\u00e9ditos externos, pero no de la experiencia de crear riqueza desde cero en el mercado. En la pr\u00e1ctica, Scaglia entiende la generaci\u00f3n de empleo como algo que debe orquestar el Estado \u2014tal como lo ha hecho durante su paso por programas sociales y pol\u00edticas p\u00fablicas\u2014, no como el fruto de liberar las fuerzas del sector privado. Esta mentalidad no difiere en nada de la de cualquier funcionario kirchnerista promedio, que concibe al Estado como eje dinamizador de la econom\u00eda. <strong>La diferencia est\u00e1 \u00fanicamente en el color pol\u00edtico de la camiseta, no en la concepci\u00f3n de fondo.<\/strong><\/p>\n\n\n\n<h3 class=\"wp-block-heading\">Cambiar algo para que nada cambie: la casta pol\u00edtica reciclada<\/h3>\n\n\n\n<p>La historia profesional de Gisela Scaglia demuestra c\u00f3mo el <strong>bipartidismo aparente entre kirchnerismo y \u201coposici\u00f3n\u201d encubre una continuidad de la misma clase dirigente<\/strong>. Scaglia sirvi\u00f3 al proyecto de los Kirchner cuando eso le permiti\u00f3 hacer carrera, y luego se pas\u00f3 al proyecto macrista cuando vio all\u00ed su oportunidad, sin que medie un mea culpa ideol\u00f3gico ni un viraje real en sus ideas sobre el rol del Estado. Sigue creyendo \u2014por sus propios hechos y palabras\u2014 en las soluciones estatales, en los planes y programas financiados por el fisco, en la pol\u00edtica como camino de vida y en el poder como meta en s\u00ed misma. <strong>Se muestra como opositora al kirchnerismo, pero en el fondo comparte los mismos paradigmas de gesti\u00f3n estatista.<\/strong> Sus votos en el Congreso y su actividad parlamentaria jam\u00e1s buscaron desmontar el enorme aparato estatal kirchnerista; al contrario, bajo el gobierno de su propio espacio (Cambiemos, 2015-2019) el Estado argentino sigui\u00f3 abultado y el gasto p\u00fablico apenas retrocedi\u00f3 unos pocos puntos del PBI, manteniendo un d\u00e9ficit cr\u00f3nico. Incluso durante ese per\u00edodo, la estructura burocr\u00e1tica nacional <strong>creci\u00f3 en cantidad de ministerios y cargos<\/strong> al inicio de la gesti\u00f3n PRO, reflejando que no hubo voluntad real de achicar el Estado. En s\u00edntesis, <strong>la \u201calternancia\u201d entre unos y otros no implic\u00f3 un cambio de modelo, sino una mera rotaci\u00f3n de administradores de la misma maquinaria<\/strong>.<\/p>\n\n\n\n<p>Es por todo esto que <strong>crece el hartazgo de la gente hacia los pol\u00edticos de carrera<\/strong> como Scaglia. Cada vez es m\u00e1s evidente que <strong>quieren sacar al kirchnerismo no porque piensen distinto, sino porque quieren su lugar para hacer lo mismo<\/strong>, para repartirse ellos el control del presupuesto y del poder. Desde una mirada liberal-libertaria, Scaglia representa la <em>vieja pol\u00edtica<\/em> con nuevos ropajes: funcionarios que hablan de cambio pero han vivido siempre de lo mismo. Mientras ella y otros de su tipo contin\u00faen ocupando puestos sin haber pasado un solo d\u00eda por la actividad productiva, ser\u00e1 dif\u00edcil creer que traer\u00e1n soluciones distintas a las que nos han llevado a la crisis. Al fin y al cabo, <strong>\u00bfc\u00f3mo esperar resultados nuevos de quienes han sido parte del mismo c\u00edrculo toda la vida?<\/strong> La verdadera alternativa deber\u00e1 venir de fuera de esta casta profesionalizada, de personas que sepan lo que cuesta generar riqueza y que est\u00e9n dispuestas a desmontar el statu quo estatal y no a heredarlo. Scaglia, lamentablemente, no es ese caso: su CV y su trayectoria la delatan como <strong>m\u00e1s de lo mismo<\/strong>.<\/p>\n\n\n\n<h2 class=\"wp-block-heading\">Pablo Far\u00edas (Partido Socialista, Santa Fe), segunda en la lista<\/h2>\n\n\n\n<p><strong>Carrera y cargos p\u00fablicos:<\/strong> Pablo Gustavo Far\u00edas es un dirigente socialista santafesino con <strong>una extensa trayectoria en el sector p\u00fablico<\/strong>. Inici\u00f3 su carrera como asesor legal del bloque FREPASO en el Congreso (1995-1999) y luego fue concejal de la ciudad de Santa Fe (1999-2003). Desde entonces <strong>ha ocupado ininterrumpidamente cargos estatales<\/strong>: fue designado ministro de Desarrollo Social por el gobernador socialista Hermes Binner en 2007, integrando su gabinete hasta 2011, y m\u00e1s tarde se desempe\u00f1\u00f3 como secretario en el Ministerio de Gobierno durante la gesti\u00f3n de Antonio Bonfatti (2011-2013). Continu\u00f3 en puestos ejecutivos bajo el socialismo \u2013por ejemplo, encargado de seguridad en eventos masivos hasta 2015\u2013 y volvi\u00f3 al gabinete provincial como <strong>ministro de Gobierno<\/strong> con Miguel Lifschitz (2015-2019). Tras el fin de ese mandato, Far\u00edas asumi\u00f3 como diputado provincial en 2019; incluso lleg\u00f3 a presidir la C\u00e1mara de Diputados de Santa Fe tras el fallecimiento de Lifschitz (2021-2023). En resumen, <strong>ha desarrollado toda su vida profesional dentro del Estado<\/strong>, alternando funciones legislativas y ejecutivas. \u00c9l mismo destaca que su labor como legislador busca <em>\u201cconsolidar y <strong>ampliar derechos<\/strong> para los santafesinos\u201d<\/em>, una frase que refleja su inclinaci\u00f3n a impulsar pol\u00edticas p\u00fablicas de corte progresista.<\/p>\n\n\n\n<p><strong>Vinculaci\u00f3n pol\u00edtica e ideol\u00f3gica:<\/strong> Far\u00edas pertenece al <strong>Partido Socialista (PS)<\/strong> de Santa Fe, espacio hist\u00f3ricamente ubicado a la izquierda m\u00e1s que a la centro izquierda. Es considerado hombre de confianza dentro del socialismo santafesino \u2013 liderado por figuras como la exintendenta <strong>M\u00f3nica Fein<\/strong> \u2013 y de hecho ocup\u00f3 el lugar que inicialmente sonaba para Fein en la lista <strong>\u201cProvincias Unidas\u201d<\/strong> de 2025, a instancias de un acuerdo pol\u00edtico con el gobernador Maximiliano Pullaro. Su perfil es el de un <strong>socialista tradicional<\/strong> con experiencia: la prensa lo describe como <em>\u201cuna de las figuras con m\u00e1s experiencia dentro del socialismo\u201d<\/em>, con \u201ckilometraje pol\u00edtico abultado\u201d por sus m\u00faltiples pasos por la gesti\u00f3n p\u00fablica. Far\u00edas ha demostrado <strong>vocaci\u00f3n reformista y estatista<\/strong>, acorde a la l\u00ednea del PS santafesino. Por ejemplo, fue convencional constituyente en 2023-2024 promoviendo una <strong>reforma constitucional provincial<\/strong> de corte moderno: resalt\u00f3 que lograron <strong>incorporar nuevos derechos<\/strong> (m\u00e1s gasto estatal) y favorecer la multiplicaci\u00f3n de secretar\u00edas en cada una de las comunas santafesinas. Esto muestra su convicci\u00f3n en <strong>un Estado grande y activo<\/strong> tras la excusa de <em>\u00abderechos sociales\u00bb<\/em>. Asimismo, en lo econ\u00f3mico-social, form\u00f3 parte de gestiones socialistas que ampliaron el alcance del Estado provincial. Dirigentes opositores del PRO lo han criticado por esto: por ejemplo, Miguel Del Sel acus\u00f3 a la administraci\u00f3n de Bonfatti (en la cual Far\u00edas fue funcionario) de <strong>\u201cincorporar m\u00e1s de 12 mil empleados estatales\u201d<\/strong>, afirmando que <em>\u201cllen\u00f3 de \u00f1oquis el Estado\u201d<\/em>. Si bien esa cifra provino de un rival pol\u00edtico, ilustra la percepci\u00f3n de que los gobiernos socialistas \u2013y sus cuadros como Far\u00edas\u2013 tend\u00edan a <strong>expandir la planta estatal<\/strong> y el gasto p\u00fablico en Santa Fe.<\/p>\n\n\n\n<figure class=\"wp-block-image size-large\"><img decoding=\"async\" width=\"1024\" height=\"576\" src=\"https:\/\/elliberador.com\/wp-content\/uploads\/2025\/10\/maxresdefault-1-1024x576.jpg\" alt=\"\" class=\"wp-image-4215\" srcset=\"https:\/\/elliberador.com\/wp-content\/uploads\/2025\/10\/maxresdefault-1-1024x576.jpg 1024w, https:\/\/elliberador.com\/wp-content\/uploads\/2025\/10\/maxresdefault-1-300x169.jpg 300w, https:\/\/elliberador.com\/wp-content\/uploads\/2025\/10\/maxresdefault-1-768x432.jpg 768w, https:\/\/elliberador.com\/wp-content\/uploads\/2025\/10\/maxresdefault-1.jpg 1280w\" sizes=\"(max-width: 1024px) 100vw, 1024px\" \/><figcaption class=\"wp-element-caption\">Pablo Far\u00edas defiende la subo impositiva a empresas para financiar el Estado, en el \u00fanico lugar donde trabaj\u00f3 en su vida<\/figcaption><\/figure>\n\n\n\n<p><strong>Actividad legislativa y votos pol\u00e9micos:<\/strong> Hasta 2023 Far\u00edas ejerci\u00f3 como legislador provincial, donde mantuvo una l\u00ednea opositora al peronismo provincial pero a la vez cr\u00edtica del nuevo auge libertario. En 2025 es candidato a diputado nacional por la coalici\u00f3n Provincias Unidas (encabezando la lista junto a la vicegobernadora Gisela Scaglia). En sus declaraciones recientes, Far\u00edas se posiciona <strong>en contra del proyecto de Javier Milei<\/strong> (La Libertad Avanza). Ha expresado que <em>\u201cel proyecto de pa\u00eds de Milei ofrece muy poca visi\u00f3n de futuro\u201d<\/em>, advirtiendo a la vez la necesidad de <em>\u201cno volver al fracaso de las pol\u00edticas del kirchnerismo\u201d<\/em>, obviando que sus propuestas son las mismas recetas pero ejecutadas por su partido. Es decir, se presenta como una <strong>tercera v\u00eda<\/strong> moderada: rechaza el <strong>libertarianismo radical de Milei<\/strong> y quiere marcar distancia con el kirchnerismo proponiendo lo mismo. En la pr\u00e1ctica Far\u00edas y su entorno socialista han coincidido con posturas del arco peronista en temas concretos de pol\u00edtica p\u00fablica: por ejemplo, defienden el financiamiento estatal de \u00e1reas sensibles como educaci\u00f3n y salud. Un caso reciente es ilustrativo: la coalici\u00f3n opositora (incluyendo al socialismo) se uni\u00f3 para <strong>rechazar los vetos presidenciales de Milei<\/strong> a leyes que ampliaban recursos para las universidades p\u00fablicas (que Massa recort\u00f3 y Milei aument\u00f3 345%) y declaraban la emergencia pedi\u00e1trica perod efendiendo privilegios de sindicalistas y \u00f1oquis poniendo al Garrahan por delante. Esa sesi\u00f3n especial de septiembre 2025 fue motorizada conjuntamente por Uni\u00f3n por la Patria (kirchnerismo) y fuerzas aliadas como el socialismo santafesino, buscando los dos tercios necesarios para insistir con esas leyes de gasto p\u00fablico. Aunque Far\u00edas a\u00fan no era diputado nacional, su espacio pol\u00edtico apoy\u00f3 esta movida <em>\u201cen defensa de la educaci\u00f3n p\u00fablica\u201d<\/em>, acompa\u00f1ada por movilizaciones de sindicatos y estudiantes contra los recortes de Milei, pero ignorando que Pullaro, su referente pol\u00edtico en la provincia es acusado por los docentes por lo mismo (o m\u00e1s grave a\u00fan, ya que ha recibido infinidad de escraches p\u00fablicos o cancelar actos de campa\u00f1a por ese mismo tema). Esto evidencia que <strong>Far\u00edas comulga con la idea de un Estado presente<\/strong>, comulgando con las ideas kirchneristas que quieren agrandar el Estado a base de impuestos a un pa\u00eds empobrecido.<\/p>\n\n\n\n<h2 class=\"wp-block-heading\">Melina Giorgi (Uni\u00f3n C\u00edvica Radical, Santa Fe), tercera en la lista<\/h2>\n\n\n\n<p><strong>Trayectoria pol\u00edtica:<\/strong> Melina Giorgi es una abogada joven perteneciente a la UCR santafesina, de la l\u00ednea interna <strong>Evoluci\u00f3n<\/strong>. Al igual que Far\u00edas, <strong>ha desarrollado su carrera totalmente en la esfera p\u00fablica<\/strong>. Con solo 32 a\u00f1os fue electa presidenta comunal de <strong>Fuentes<\/strong> (un pueblo de Santa Fe) en 2017, y logr\u00f3 ser reelegida dos veces m\u00e1s para ese cargo local. Tras administrar esa comuna durante seis a\u00f1os, en 2023 dio el salto al Congreso Nacional: asumi\u00f3 como <strong>diputada nacional<\/strong> en reemplazo de Victoria Tejeda (quien dej\u00f3 su banca para unirse al gabinete provincial de Pullaro). Es decir, Giorgi entr\u00f3 al Parlamento formando parte de las listas de Juntos por el Cambio de 2021, y complet\u00f3 ese mandato a partir de diciembre de 2023. Ahora en 2025 busca renovar su esca\u00f1o \u201cpor derecho propio\u201d compitiendo en la lista de Provincias Unidas, donde ocupa el tercer lugar detr\u00e1s de Scaglia (PRO) y Far\u00edas (PS). <strong>Toda su experiencia laboral relevante ha sido en cargos electivos o pol\u00edticos<\/strong>, primero en el \u00e1mbito municipal\/comunal y luego en el nacional. <strong>No se le conoce trayectoria empresaria ni en el sector privado<\/strong>, lo que sus detractores podr\u00edan calificar dentro del fen\u00f3meno de \u201ccasta pol\u00edtica\u201d. De hecho, Giorgi misma reconoce que su perspectiva la ha formado gobernando su localidad: <em>\u201cme ha pasado como presidenta comunal\u201d<\/em> tener que administrar recursos y solucionar problemas del d\u00eda a d\u00eda. Esta inmersi\u00f3n temprana en la gesti\u00f3n p\u00fablica se refleja en su defensa de las pol\u00edticas de Estado.<\/p>\n\n\n\n<p><strong>Posicionamiento ideol\u00f3gico y alianzas:<\/strong> Si bien proviene de la UCR \u2013un partido hist\u00f3ricamente de centro moderado\u2013 Giorgi se ha alineado con el sector <strong>m\u00e1s progresista y anti-Milei de la UCR<\/strong>. Es disc\u00edpula pol\u00edtica del actual gobernador Pullaro y cercana al senador Mart\u00edn Lousteau. De hecho, a fines de 2024 protagoniz\u00f3, junto a otros legisladores radicales, la ruptura del bloque radical en la C\u00e1mara de Diputados de la Naci\u00f3n precisamente <strong>por diferencias respecto al gobierno de Javier Milei<\/strong>. En la interna radical, Giorgi tom\u00f3 partido decididamente por el espacio liderado por Lousteau (Evoluci\u00f3n Radical) y Facundo Manes, que propugnaba una <strong>oposici\u00f3n frontal al libertarismo<\/strong>. Cuando el bloque de la UCR se dividi\u00f3 entre un ala dialoguista\/pro-Milei y otra ala m\u00e1s cr\u00edtica, Giorgi afirm\u00f3: <em>\u201cTengo claro de d\u00f3nde vengo y si Evoluci\u00f3n decide separarse voy a ir por ese lado\u201d<\/em>, ratificando su lealtad a Lousteau. Efectivamente, a fines de 2024 <strong>12 diputados radicales<\/strong> (incluida Giorgi) formaron la bancada <em>\u201cDemocracia Para Siempre\u201d<\/em>, escindi\u00e9ndose del resto de JxC para marcar una postura distinta. Ella explica que los <em>\u201conce\u201d<\/em> (sic) de su espacio <em>\u201csiempre hemos sido coherentes con los principios radicales\u201d<\/em> de defensa de lo p\u00fablico, y que por eso se produjo <em>\u201cnuestra salida del bloque a fines del a\u00f1o pasado, luego de los dos vetos (presidenciales) en materia previsional y universitaria\u201d<\/em>. Es decir, la gota que colm\u00f3 el vaso fue que varios radicales aliados a Milei apoyaron vetos del Ejecutivo que frenaban leyes sociales (una de jubilaciones y otra de discapacidad), cosa que <strong>Giorgi y su grupo consideraron una traici\u00f3n al ideario radical hist\u00f3rico<\/strong> de gasto constante sin importar a qu\u00e9 argentino esquilmar para sacarle ese dinero v\u00eda impuestos. Desde entonces, ella se ha posicionado claramente <strong>en contra del gobierno de Milei<\/strong>, aun cuando su coalici\u00f3n provincial incluya sectores de centroderecha. Cabe destacar que <strong>Giorgi es pol\u00edticamente \u201chija\u201d de Lousteau<\/strong>, y esa asociaci\u00f3n conlleva ciertas pol\u00e9micas. Lousteau \u2013quien preside la UCR nacional\u2013 qued\u00f3 envuelto en cr\u00edticas por avalar un <strong>enorme aumento de la dieta de los senadores<\/strong> en 2024, aprobado casi a escondidas en una votaci\u00f3n a mano alzada de 90 segundos. En aquella sesi\u00f3n escandalosa, ning\u00fan senador pidi\u00f3 votar en contra ni abstenerse, con lo cual <em>todos<\/em> aprobaron subirse el sueldo por unanimidad impl\u00edcita. Luis Juez (senador opositor) calific\u00f3 el hecho de <em>\u201cbochornoso\u201d<\/em> y apunt\u00f3 contra Lousteau por <strong>justificar la suba salarial<\/strong> comparando sus ingresos con los de un asesor presidencial. Este episodio \u2013representativo de los <strong>privilegios de la \u201ccasta pol\u00edtica\u201d<\/strong>\u2013 salpic\u00f3 a la esfera de Lousteau. Si bien Melina Giorgi no vot\u00f3 aquello (ella est\u00e1 en Diputados, no en el Senado), su <strong>pertenencia al c\u00edrculo de Lousteau<\/strong> la asocia directamente con ese tipo de pr\u00e1cticas. Los detractores la se\u00f1alan como <em>\u201cpersona de Lousteau\u201d<\/em> y sugieren que, como \u00e9l, termina <strong>benefici\u00e1ndose de privilegios y sueldos estatales<\/strong>, a contramano del discurso \u00e9tico que pregonan. De hecho, la propia Giorgi ha mantenido un bajo perfil en temas de sueldos legislativos, pero <strong>no ha objetado p\u00fablicamente dichos aumentos<\/strong> que la favorecen como integrante del Congreso.<\/p>\n\n\n\n<figure class=\"wp-block-image size-full is-resized\"><img decoding=\"async\" width=\"726\" height=\"712\" src=\"https:\/\/elliberador.com\/wp-content\/uploads\/2025\/10\/Giori.jpg\" alt=\"\" class=\"wp-image-4216\" style=\"width:726px;height:auto\" srcset=\"https:\/\/elliberador.com\/wp-content\/uploads\/2025\/10\/Giori.jpg 726w, https:\/\/elliberador.com\/wp-content\/uploads\/2025\/10\/Giori-300x294.jpg 300w, https:\/\/elliberador.com\/wp-content\/uploads\/2025\/10\/Giori-70x70.jpg 70w\" sizes=\"(max-width: 726px) 100vw, 726px\" \/><figcaption class=\"wp-element-caption\">Melina Giorgi comulga con las ideas de que los pol\u00edticos se suban los sueldos a s\u00ed mismos, como el de su jefe pol\u00edtico Mart\u00edn Loustou<\/figcaption><\/figure>\n\n\n\n<p><strong>Votaciones y postura frente a Milei:<\/strong> En su breve paso por la C\u00e1mara, Melina Giorgi ha dejado claras sus prioridades: <strong>defensa del gasto p\u00fablico en \u00e1reas sensibles<\/strong> y rechazo a las pol\u00edticas de ajuste de Milei. Un ejemplo central fueron las leyes vetadas por el presidente en septiembre de 2025. Giorgi vot\u00f3 afirmativamente para <em>insistir<\/em> con la <strong>Ley de Financiamiento Universitario<\/strong> (que aumentaba el presupuesto de las universidades nacionales) y con la Ley de Emergencia Pedi\u00e1trica (que asignaba fondos al Hospital Garrahan), logrando junto a la mayor\u00eda opositora <strong>derogar ambos vetos presidenciales<\/strong> que lo \u00fanico que buscaban es da\u00f1ar el punto fuerte del gobierno de Milei: el equilibrio fiscal, sin proponer de donde sacar ese dinero. Seg\u00fan explic\u00f3 Giorgi, su voto no fue m\u00e1s que <strong>honrar la tradici\u00f3n de la UCR<\/strong> y reconocer <em>\u201cla val\u00eda de la educaci\u00f3n y la salud p\u00fablicas\u201d<\/em> en su propia formaci\u00f3n sin justificar de donde sacar el dinero. Esta actitud la aline\u00f3 coyunturalmente con el kirchnerismo en el Congreso: <strong>Giorgi y el bloque Democracia Para Siempre votaron codo a codo con Uni\u00f3n por la Patria<\/strong> para alcanzar los dos tercios necesarios contra Milei. De hecho, la sesi\u00f3n especial para tratar esos vetos fue impulsada conjuntamente por varias bancadas opositoras (desde la kirchnerista hasta la Coalici\u00f3n C\u00edvica y socialistas), evidenciando una <strong>unidad de acci\u00f3n \u201canti-Milei\u201d<\/strong> en la que Giorgi estuvo presente. Afuera del recinto, sindicatos como la CGT y las CTA, movimientos sociales y federaciones estudiantiles se movilizaron a favor de <strong>rechazar los recortes de Milei<\/strong>, respaldo t\u00edpico de sectores peronistas y de izquierda. As\u00ed, aunque Giorgi se considera de una \u201ctercera v\u00eda\u201d que no comulga plenamente con el kirchnerismo, en la pr\u00e1ctica <strong>se ha convertido en una f\u00e9rrea opositora al gobierno libertario<\/strong>, votando por aumentar el presupuesto estatal en lugar de achicarlo. Ella misma lo admite al se\u00f1alar que \u201cla gente pide a gritos nada de extremos, <em>ni kirchnerismos ni libertarios<\/em>, sino\u2026 gestionar los recursos con prioridades distintas a la del gobierno nacional\u201d. En esa frase marca distancia de ambos polos, pero deja claro que <strong>sus prioridades difieren de las de Milei<\/strong>, inclin\u00e1ndose por un Estado que siga invirtiendo en lo social (<em>prioridades distintas<\/em> a las del Ejecutivo libertario). Tambi\u00e9n critic\u00f3 el discurso econ\u00f3mico de Milei, tild\u00e1ndolo de <em>\u201celectoralista\u201d<\/em> por prometer aumentos a la universidad p\u00fablica que no se condicen con un plan real de gobierno. En otras palabras, no hay \u00abacci\u00f3n\u00bb que le venga bien.<\/p>\n\n\n\n<p><strong>La misma propuesta que el kirchnerismo<\/strong><\/p>\n\n\n\n<p> Tanto Pablo Far\u00edas como Melina Giorgi, candidatos de la lista Provincias Unidas en Santa Fe, comparten perfiles de <strong>pol\u00edticos profesionales<\/strong> ligados al sector p\u00fablico y una orientaci\u00f3n ideol\u00f3gica contraria al proyecto libertario de Javier Milei. Far\u00edas, desde el socialismo santafesino, <strong>lleva d\u00e9cadas promoviendo la expansi\u00f3n de derechos sociales mediante el Estado<\/strong> y fue parte de gestiones que incrementaron la estructura estatal provincial. Giorgi, desde el radicalismo moderado, <strong>se ha alineado con posiciones que privilegian el gasto p\u00fablico en educaci\u00f3n, salud y previsi\u00f3n social<\/strong> pero con total irresponsabilidad fiscal sin medir cu\u00e1nto le sacan al ciudadno argentino en impuestos que frenan el desarrollo, la producci\u00f3n y hacen crecer la pobreza desincentivando la inversi\u00f3n y agrandando las cajas pol\u00edticas. <\/p>\n\n\n\n<p><\/p>\n","protected":false},"excerpt":{"rendered":"<p>Pullaro promete cambio, pero su lista muestra todo lo contrario: tres pol\u00edticos de carrera que viven del Estado desde siempre. Scaglia, Far\u00edas y Giorgi no representan una alternativa al kirchnerismo, sino su espejo: las mismas ideas, el mismo modelo y la misma ambici\u00f3n por el poder y los privilegios p\u00fablicos.<\/p>\n","protected":false},"author":2,"featured_media":4213,"comment_status":"open","ping_status":"open","sticky":false,"template":"","format":"standard","meta":{"_acf_changed":false,"advanced_seo_description":"","jetpack_seo_html_title":"","jetpack_seo_noindex":false,"_jetpack_memberships_contains_paid_content":false,"footnotes":""},"categories":[4],"tags":[20,56,101,66,100],"class_list":["post-4212","post","type-post","status-publish","format-standard","has-post-thumbnail","hentry","category-politica","tag-destacados","tag-milei","tag-provincias-unidas","tag-santa-fe","tag-scaglia"],"acf":[],"jetpack_featured_media_url":"https:\/\/elliberador.com\/wp-content\/uploads\/2025\/10\/farias_scaglia.jpeg","jetpack_sharing_enabled":true,"_links":{"self":[{"href":"https:\/\/elliberador.com\/index.php\/wp-json\/wp\/v2\/posts\/4212","targetHints":{"allow":["GET"]}}],"collection":[{"href":"https:\/\/elliberador.com\/index.php\/wp-json\/wp\/v2\/posts"}],"about":[{"href":"https:\/\/elliberador.com\/index.php\/wp-json\/wp\/v2\/types\/post"}],"author":[{"embeddable":true,"href":"https:\/\/elliberador.com\/index.php\/wp-json\/wp\/v2\/users\/2"}],"replies":[{"embeddable":true,"href":"https:\/\/elliberador.com\/index.php\/wp-json\/wp\/v2\/comments?post=4212"}],"version-history":[{"count":1,"href":"https:\/\/elliberador.com\/index.php\/wp-json\/wp\/v2\/posts\/4212\/revisions"}],"predecessor-version":[{"id":4217,"href":"https:\/\/elliberador.com\/index.php\/wp-json\/wp\/v2\/posts\/4212\/revisions\/4217"}],"wp:featuredmedia":[{"embeddable":true,"href":"https:\/\/elliberador.com\/index.php\/wp-json\/wp\/v2\/media\/4213"}],"wp:attachment":[{"href":"https:\/\/elliberador.com\/index.php\/wp-json\/wp\/v2\/media?parent=4212"}],"wp:term":[{"taxonomy":"category","embeddable":true,"href":"https:\/\/elliberador.com\/index.php\/wp-json\/wp\/v2\/categories?post=4212"},{"taxonomy":"post_tag","embeddable":true,"href":"https:\/\/elliberador.com\/index.php\/wp-json\/wp\/v2\/tags?post=4212"}],"curies":[{"name":"wp","href":"https:\/\/api.w.org\/{rel}","templated":true}]}}