{"id":4218,"date":"2025-10-22T19:18:45","date_gmt":"2025-10-22T22:18:45","guid":{"rendered":"https:\/\/elliberador.com\/?p=4218"},"modified":"2025-10-24T16:01:04","modified_gmt":"2025-10-24T19:01:04","slug":"caputo-anuncia-baja-de-impuesto-a-las-ganancias-para-trabajadores-y-jubilados","status":"publish","type":"post","link":"https:\/\/elliberador.com\/index.php\/2025\/10\/22\/caputo-anuncia-baja-de-impuesto-a-las-ganancias-para-trabajadores-y-jubilados\/","title":{"rendered":"Caputo Anuncia: Baja de impuesto a las ganancias para trabajadores y jubilados"},"content":{"rendered":"\n<p><em>El ministro de Econom\u00eda, Luis Caputo, anunci\u00f3 una serie de ambiciosas reformas de segunda generaci\u00f3n, destacando que el paquete tributario incluir\u00e1 una <strong>baja del impuesto a las Ganancias para los trabajadores y jubilados<\/strong>. Esta medida es parte de una <strong>reforma tributaria<\/strong> m\u00e1s amplia que busca la simplificaci\u00f3n, eliminaci\u00f3n y reducci\u00f3n de impuesto<\/em>s.<\/p>\n\n\n\n<p>Caputo expuso que la reforma fiscal tiene un impacto universal, ya que <strong>favorecer\u00e1 a todos: Naci\u00f3n, provincias, empresarios y a la gente<\/strong>. El principio rector de la administraci\u00f3n es <strong>\u00absacarle el pie de encima a la gente y a bajar impuestos\u00bb<\/strong>. El objetivo de este nuevo esquema de menores impuestos es generar un <strong>\u00abincentivo muy obvio, muy grande\u00bb para el ahorro interno<\/strong> y, fundamentalmente, para que <strong>se desarrolle el mercado de capitales<\/strong>. Si se logra este desarrollo y el Gobierno no registra m\u00e1s d\u00e9ficit, esos ahorros se canalizar\u00e1n hacia <strong>Pr\u00e9stamos al sector privado<\/strong>.<\/p>\n\n\n\n<p>El anuncio de la baja de Ganancias se da en un contexto donde el Gobierno ya hab\u00eda corregido el esquema de liquidaci\u00f3n del impuesto a trav\u00e9s del cap\u00edtulo fiscal (Ley 27.743), restituyendo el M\u00ednimo No Imponible (MNI) y las deducciones, revirtiendo el r\u00e9gimen cedular anterior. Desde mediados del a\u00f1o pasado, los asalariados y los jubilados pagan Ganancias bas\u00e1ndose en el MNI y las deducciones, que se actualizan de forma semestral seg\u00fan el acumulado del \u00cdndice de Precios al Consumidor (IPC).<\/p>\n\n\n\n<p>Las reformas de segunda generaci\u00f3n son definidas por Caputo como <strong>\u00ablas reformas que nadie se anim\u00f3 a hacer por 120 a\u00f1os\u00bb<\/strong>. Su prop\u00f3sito es <strong>destrabar \u00abla mara\u00f1a de regulaciones y trabas que el Estado le pone al empresariado\u00bb<\/strong>. Adem\u00e1s del aspecto tributario, se buscar\u00e1 una <strong>reforma laboral<\/strong> para impedir que una PYME sea \u00absacada de la cancha\u00bb por un juicio laboral8. El ministro asegur\u00f3 que, con estas implementaciones, <strong>\u00abArgentina va a ser el pa\u00eds que m\u00e1s va a crecer y el m\u00e1s libre de los pr\u00f3ximos 20 a\u00f1os\u00bb<\/strong>.<\/p>\n\n\n\n<p>Para materializar estas reformas, Caputo ha subrayado la necesidad de <strong>mayor gobernabilidad<\/strong>. El mundo <strong>\u00abquiere ver que la gente revalide este curso\u00bb<\/strong>, por lo que el Ministro convoc\u00f3 a los argentinos no kirchneristas a votar por La Libertad Avanza (LLA), remarcando que las pr\u00f3ximas elecciones de medio t\u00e9rmino son <strong>\u00abm\u00e1s importantes que las presidenciales de 2027\u00bb<\/strong>.<\/p>\n\n\n\n<p>Respecto al v\u00ednculo con los gobernadores, Caputo valor\u00f3 el di\u00e1logo y mencion\u00f3 medidas como la <strong>baja de 2.5 puntos de impuestos no coparticipables<\/strong> y la <strong>reducci\u00f3n a cero de las retenciones a las econom\u00edas regionales<\/strong>. No obstante, inst\u00f3 a los mandatarios a colaborar con la problem\u00e1tica del impuesto a <strong>Ingresos Brutos<\/strong>, reconocido por los propios gobernadores como <strong>\u00abel peor de los impuestos\u00bb<\/strong>. Las al\u00edcuotas efectivas de Ingresos Brutos se aproximan al 4% en el pa\u00eds, cuando un m\u00e1ximo razonable deber\u00eda ser de 1.5%.<\/p>\n\n\n\n<p>Finalmente, Caputo destac\u00f3 la solidez macroecon\u00f3mica alcanzada, se\u00f1alando que Argentina ha ganado <strong>\u00abgran credibilidad y respeto a nivel mundial\u00bb<\/strong> y cuenta con un <strong>\u00absoporte financiero de los Estados Unidos que no lo tiene nadie en el mundo\u00bb<\/strong>. El Ministro confirm\u00f3 la continuidad del <strong>esquema de bandas cambiarias<\/strong> post-electoral, argumentando que el Banco Central est\u00e1 <strong>\u00abmuy bien capitalizado\u00bb<\/strong> y que el tipo de cambio est\u00e1 en un nivel <strong>\u00ababsolutamente razonable\u00bb<\/strong><\/p>\n\n\n\n<p>&nbsp;\u2014&nbsp;<em>Ecus<\/em><br><em>La vibraci\u00f3n libre en medio del ruido<\/em><\/p>\n","protected":false},"excerpt":{"rendered":"<p>El ministro de Econom&iacute;a, Luis Caputo, anunci&oacute; una serie de ambiciosas reformas de segunda generaci&oacute;n,&#8230;<\/p>\n","protected":false},"author":2,"featured_media":4219,"comment_status":"open","ping_status":"open","sticky":false,"template":"","format":"standard","meta":{"_acf_changed":false,"advanced_seo_description":"El ministro de Econom\u00eda, Luis Caputo, anunci\u00f3 una serie de ambiciosas reformas de segunda generaci\u00f3n, destacando que el paquete tributario incluir\u00e1 una baja del impuesto a las Ganancias para los trabajadores y jubilados. Esta medida es parte de una reforma tributaria m\u00e1s amplia que busca la simplificaci\u00f3n, eliminaci\u00f3n y reducci\u00f3n de impuestos.","jetpack_seo_html_title":"Caputo Anuncia: Baja de impuesto a las ganancias para trabajadores y jubilados","jetpack_seo_noindex":false,"_jetpack_memberships_contains_paid_content":false,"footnotes":""},"categories":[2],"tags":[142,140,20,102,47,103,141,139,144,143,145,111],"class_list":["post-4218","post","type-post","status-publish","format-standard","has-post-thumbnail","hentry","category-economia","tag-ahorro-interno","tag-baja-de-impuestos","tag-destacados","tag-impuesto-a-las-ganancias","tag-la-libertad-avanza","tag-luis-caputo","tag-mercado-de-capitales","tag-ministerio-de-economia","tag-pymes","tag-reforma-fiscal","tag-reforma-laboral","tag-reforma-tributaria"],"acf":[],"jetpack_featured_media_url":"https:\/\/elliberador.com\/wp-content\/uploads\/2025\/10\/caputo_noticia_img_4702.jpg","jetpack_sharing_enabled":true,"_links":{"self":[{"href":"https:\/\/elliberador.com\/index.php\/wp-json\/wp\/v2\/posts\/4218","targetHints":{"allow":["GET"]}}],"collection":[{"href":"https:\/\/elliberador.com\/index.php\/wp-json\/wp\/v2\/posts"}],"about":[{"href":"https:\/\/elliberador.com\/index.php\/wp-json\/wp\/v2\/types\/post"}],"author":[{"embeddable":true,"href":"https:\/\/elliberador.com\/index.php\/wp-json\/wp\/v2\/users\/2"}],"replies":[{"embeddable":true,"href":"https:\/\/elliberador.com\/index.php\/wp-json\/wp\/v2\/comments?post=4218"}],"version-history":[{"count":3,"href":"https:\/\/elliberador.com\/index.php\/wp-json\/wp\/v2\/posts\/4218\/revisions"}],"predecessor-version":[{"id":4222,"href":"https:\/\/elliberador.com\/index.php\/wp-json\/wp\/v2\/posts\/4218\/revisions\/4222"}],"wp:featuredmedia":[{"embeddable":true,"href":"https:\/\/elliberador.com\/index.php\/wp-json\/wp\/v2\/media\/4219"}],"wp:attachment":[{"href":"https:\/\/elliberador.com\/index.php\/wp-json\/wp\/v2\/media?parent=4218"}],"wp:term":[{"taxonomy":"category","embeddable":true,"href":"https:\/\/elliberador.com\/index.php\/wp-json\/wp\/v2\/categories?post=4218"},{"taxonomy":"post_tag","embeddable":true,"href":"https:\/\/elliberador.com\/index.php\/wp-json\/wp\/v2\/tags?post=4218"}],"curies":[{"name":"wp","href":"https:\/\/api.w.org\/{rel}","templated":true}]}}