{"id":4224,"date":"2025-10-23T13:03:57","date_gmt":"2025-10-23T16:03:57","guid":{"rendered":"https:\/\/elliberador.com\/?p=4224"},"modified":"2025-10-24T15:56:10","modified_gmt":"2025-10-24T18:56:10","slug":"cierre-de-campana-en-rosario-la-izquierda-se-moviliza-contra-la-democracia","status":"publish","type":"post","link":"https:\/\/elliberador.com\/index.php\/2025\/10\/23\/cierre-de-campana-en-rosario-la-izquierda-se-moviliza-contra-la-democracia\/","title":{"rendered":"Cierre de campa\u00f1a en Rosario: la izquierda se moviliza contra la democracia"},"content":{"rendered":"\n<p><em>Mientras el presidente Javier Milei realiza el cierre de campa\u00f1a en el Parque Espa\u00f1a de Rosario, sectores de la izquierda llaman a una contra-marcha en su contra, mostrando una vez m\u00e1s su desprecio por las instituciones y por la voluntad popular expresada en las urnas.<\/em><\/p>\n\n\n\n<p>En el d\u00eda de hoy, Rosario se convierte en el epicentro pol\u00edtico del pa\u00eds. A las 19 hs, el presidente Javier Milei encabezar\u00e1 el acto de cierre de campa\u00f1a de <em>La Libertad Avanza<\/em> en el Parque Espa\u00f1a, a d\u00edas de las elecciones legislativas del 26 de octubre. Sin embargo, lo que deber\u00eda ser una jornada democr\u00e1tica, marcada por la participaci\u00f3n y el debate de ideas, se ve opacada por la convocatoria de distintos sectores de la izquierda a una contra-marcha en rechazo al mandatario.<\/p>\n\n\n\n<p>Desde horas tempranas, grupos militantes y organizaciones afines a la izquierda radical recorren las calles rosarinas llamando a manifestarse \u201ccontra Milei\u201d, en un acto que, m\u00e1s que una expresi\u00f3n pol\u00edtica, parece un intento de desestabilizaci\u00f3n social. Lo parad\u00f3jico es que lo hacen bajo el discurso de la \u201cdefensa de la democracia\u201d, mientras atacan a un presidente elegido leg\u00edtimamente por la mayor\u00eda de los argentinos para cumplir un mandato constitucional de cuatro a\u00f1os.<\/p>\n\n\n\n<p>Esta estrategia de agitaci\u00f3n callejera no es nueva. Cada vez que la izquierda se ve desplazada del poder o enfrentada a las urnas, recurre al ruido, a la confrontaci\u00f3n y a la destrucci\u00f3n simb\u00f3lica del orden democr\u00e1tico. En lugar de construir un proyecto alternativo, su impulso parece ser dinamitar cualquier avance, condenando al pa\u00eds a la eterna pelea entre quienes trabajan para crecer y quienes viven de la protesta constante.<\/p>\n\n\n\n<p>Milei, por su parte, llega a Rosario en el cierre de una campa\u00f1a que busca reafirmar el rumbo liberal y reformista de su gesti\u00f3n. Su discurso promete continuar con la reconstrucci\u00f3n de una Argentina libre de privilegios y con un Estado al servicio del ciudadano, no del pol\u00edtico. Mientras tanto, los sectores que hoy se movilizan en su contra se muestran como lo que realmente son: <strong>anti-sistema<\/strong>, <strong>anti-rep\u00fablica<\/strong> y profundamente <strong>anti-democr\u00e1ticos<\/strong>.<\/p>\n\n\n\n<p>La verdadera discusi\u00f3n no est\u00e1 en las calles sino en las urnas. Hoy, Rosario no es solo el escenario de un acto pol\u00edtico: es el s\u00edmbolo de una Argentina que debe decidir si quiere avanzar con libertad o volver al caos del pasado. Frente a la intolerancia y el odio disfrazado de militancia, la respuesta debe ser clara y contundente: <strong>la democracia se defiende participando, no destruyendo.<\/strong><\/p>\n\n\n\n<p>\u2014\u00a0<em>Ecus<\/em><br><em>La vibraci\u00f3n libre en medio del ruido<\/em><\/p>\n","protected":false},"excerpt":{"rendered":"<p>Mientras Milei cierra campa\u00f1a en Rosario, sectores de izquierda llaman a una contra marcha que desaf\u00eda la legitimidad democr\u00e1tica del gobierno.<\/p>\n","protected":false},"author":2,"featured_media":4233,"comment_status":"open","ping_status":"open","sticky":false,"template":"","format":"standard","meta":{"_acf_changed":false,"advanced_seo_description":"Mientras Milei cierra campa\u00f1a en Rosario, sectores de izquierda llaman a una contra marcha que desaf\u00eda la legitimidad democr\u00e1tica del gobierno.","jetpack_seo_html_title":"La izquierda convoca contra Milei en Rosario: un desaf\u00edo a la democracia","jetpack_seo_noindex":false,"_jetpack_memberships_contains_paid_content":false,"footnotes":""},"categories":[4],"tags":[120,124,123,20,122,125,119,47,121,43],"class_list":["post-4224","post","type-post","status-publish","format-standard","has-post-thumbnail","hentry","category-politica","tag-cierre-de-campana","tag-contra-marcha","tag-democracia-argentina","tag-destacados","tag-elecciones-2025","tag-izquierda-argentina","tag-javier-milei","tag-la-libertad-avanza","tag-parque-espana","tag-rosario"],"acf":[],"jetpack_featured_media_url":"https:\/\/elliberador.com\/wp-content\/uploads\/2025\/10\/monumento-2.jpg","jetpack_sharing_enabled":true,"_links":{"self":[{"href":"https:\/\/elliberador.com\/index.php\/wp-json\/wp\/v2\/posts\/4224","targetHints":{"allow":["GET"]}}],"collection":[{"href":"https:\/\/elliberador.com\/index.php\/wp-json\/wp\/v2\/posts"}],"about":[{"href":"https:\/\/elliberador.com\/index.php\/wp-json\/wp\/v2\/types\/post"}],"author":[{"embeddable":true,"href":"https:\/\/elliberador.com\/index.php\/wp-json\/wp\/v2\/users\/2"}],"replies":[{"embeddable":true,"href":"https:\/\/elliberador.com\/index.php\/wp-json\/wp\/v2\/comments?post=4224"}],"version-history":[{"count":2,"href":"https:\/\/elliberador.com\/index.php\/wp-json\/wp\/v2\/posts\/4224\/revisions"}],"predecessor-version":[{"id":4228,"href":"https:\/\/elliberador.com\/index.php\/wp-json\/wp\/v2\/posts\/4224\/revisions\/4228"}],"wp:featuredmedia":[{"embeddable":true,"href":"https:\/\/elliberador.com\/index.php\/wp-json\/wp\/v2\/media\/4233"}],"wp:attachment":[{"href":"https:\/\/elliberador.com\/index.php\/wp-json\/wp\/v2\/media?parent=4224"}],"wp:term":[{"taxonomy":"category","embeddable":true,"href":"https:\/\/elliberador.com\/index.php\/wp-json\/wp\/v2\/categories?post=4224"},{"taxonomy":"post_tag","embeddable":true,"href":"https:\/\/elliberador.com\/index.php\/wp-json\/wp\/v2\/tags?post=4224"}],"curies":[{"name":"wp","href":"https:\/\/api.w.org\/{rel}","templated":true}]}}