{"id":4229,"date":"2025-10-23T13:37:56","date_gmt":"2025-10-23T16:37:56","guid":{"rendered":"https:\/\/elliberador.com\/?p=4229"},"modified":"2025-10-24T15:54:05","modified_gmt":"2025-10-24T18:54:05","slug":"cierre-de-campana-de-javier-milei-en-rosario","status":"publish","type":"post","link":"https:\/\/elliberador.com\/index.php\/2025\/10\/23\/cierre-de-campana-de-javier-milei-en-rosario\/","title":{"rendered":"Cierre de campa\u00f1a de Javier Milei, en Rosario"},"content":{"rendered":"\n<p><strong><em>El cierre de campa\u00f1a de Javier Milei marcar\u00e1 el inicio de una nueva era de prosperidad, libertad y protagonismo ciudadano.<\/em><\/strong><\/p>\n\n\n\n<p>El pr\u00f3ximo <strong>23 de octubre de 2025<\/strong>, en el hist\u00f3rico <strong>Parque Espa\u00f1a de Rosario<\/strong>, el presidente <strong>Javier Milei encabezar\u00e1<\/strong> el acto de cierre de campa\u00f1a de <strong>La Libertad Avanza<\/strong>, rumbo a las elecciones legislativas del <strong>26 de octubre<\/strong>. Ser\u00e1 m\u00e1s que un evento pol\u00edtico: <strong>se convertir\u00e1 en un s\u00edmbolo del cambio<\/strong> que millones de argentinos esperan. Una convocatoria que <strong>potenciar\u00e1 <\/strong>el esp\u00edritu liberal, el amor por la libertad y la convicci\u00f3n de que el pa\u00eds <strong>recuperar\u00e1 <\/strong>su rumbo a trav\u00e9s del esfuerzo, la competencia y el m\u00e9rito.<\/p>\n\n\n\n<p>Milei mostrar\u00e1 nuevamente su estilo directo y transformador, frente a una multitud que celebrar\u00e1 el renacer del optimismo. Su mensaje apuntar\u00e1 al n\u00facleo de los desaf\u00edos nacionales: romper\u00e1 con d\u00e9cadas de estatismo y populismo, y abrir\u00e1 paso a una Argentina moderna, productiva y abierta al mundo. En su visi\u00f3n, el pa\u00eds dejar\u00e1 atr\u00e1s las recetas del fracaso y abrazar\u00e1 la innovaci\u00f3n, el libre comercio y el respeto por la propiedad privada como motores del progreso.<\/p>\n\n\n\n<p>Con una convicci\u00f3n inquebrantable, Milei reafirmar\u00e1 que \u201c<strong>La libertad avanza o Argentina retrocede<\/strong>\u201d, sintetizando en una sola frase el dilema hist\u00f3rico que atraviesa el pa\u00eds. No hay punto intermedio: el futuro <strong>se construir\u00e1<\/strong> con coraje, determinaci\u00f3n y respeto por las reglas del mercado, o <strong>se <\/strong>volver\u00e1 al estancamiento de siempre. Ese ser\u00e1 el mensaje que inspirar\u00e1 a miles de argentinos que comprender\u00e1n que la batalla cultural y econ\u00f3mica seguir\u00e1 viva en cada decisi\u00f3n.<\/p>\n\n\n\n<p>La jornada <strong>ser\u00e1<\/strong> tambi\u00e9n un recordatorio de todo lo que se ha logrado en poco tiempo: la estabilizaci\u00f3n econ\u00f3mica avanzar\u00e1, la inflaci\u00f3n ceder\u00e1, el d\u00e9ficit se reducir\u00e1, y el pa\u00eds volver\u00e1 a atraer inversiones genuinas. Milei proyectar\u00e1 su plan para los pr\u00f3ximos a\u00f1os: simplificaci\u00f3n tributaria, competencia sin privilegios y un Estado limitado pero eficiente. Cada palabra inspirar\u00e1 la convicci\u00f3n de que Argentina podr\u00e1 volver a ser un faro de crecimiento y dignidad en la regi\u00f3n.<\/p>\n\n\n\n<p>El encuentro reunir\u00e1 no solo a militantes, sino a ciudadanos comunes que entender\u00e1n que este proceso <strong>no ha concluido<\/strong>, sino que \u201c<strong>transitamos un camino y estamos a la mitad de un puente, hacia la libertad<\/strong>\u201d. Ser\u00e1 el recordatorio de que cada paso dado hasta hoy formar\u00e1 parte de una traves\u00eda que culminar\u00e1 con un pa\u00eds liberado del yugo del estatismo y del privilegio pol\u00edtico.<\/p>\n\n\n\n<p>La elecci\u00f3n de Rosario no ser\u00e1 casualidad. Al ubicar el cierre de campa\u00f1a en el coraz\u00f3n productivo del pa\u00eds, el presidente enviar\u00e1 un mensaje de integraci\u00f3n y federalismo real. El interior argentino volver\u00e1 a tener voz y protagonismo en la reconstrucci\u00f3n nacional. Desde las orillas del Paran\u00e1, se elevar\u00e1 una consigna: Argentina <strong>ser\u00e1 libre<\/strong>, y cada argentino tendr\u00e1 la oportunidad de crecer sin tutelas ni privilegios.<\/p>\n\n\n\n<p>El acto culminar\u00e1 con una convocatoria poderosa: <strong>ser\u00e1 el cierre a la espera y la apertura a la acci\u00f3n.<\/strong> El 26 de octubre, los ciudadanos <strong>votar\u00e1n<\/strong> no solo una lista, sino una idea: la libertad como principio rector de un pa\u00eds que <strong>se levantar\u00e1<\/strong> de pie. Milei <strong>prometer\u00e1<\/strong> seguir liderando con firmeza, con una convicci\u00f3n clara: <strong>la libertad no se implora, se conquista<\/strong>.<\/p>\n\n\n\n<p>Cuando el sol descienda sobre Rosario, quedar\u00e1 grabado en la historia que la Argentina del futuro habr\u00e1 comenzado ese d\u00eda. Un pa\u00eds que volver\u00e1 a creer en s\u00ed mismo y en la fuerza del individuo nacer\u00e1 nuevamente bajo un mismo grito:<br><strong>\u00a1Viva la libertad, carajo!<\/strong><\/p>\n\n\n\n<p>\u2014\u00a0<em>Ecus<\/em><br><em>La vibraci\u00f3n libre en medio del ruido<\/em><\/p>\n","protected":false},"excerpt":{"rendered":"<p>Javier Milei encabezar\u00e1 en Rosario el cierre de campa\u00f1a de La Libertad Avanza rumbo a las elecciones legislativas 2025. Con un mensaje claro \u2014\u201cLa libertad avanza o Argentina retrocede\u201d\u2014, el presidente proyectar\u00e1 una visi\u00f3n de pa\u00eds basada en el esfuerzo, el mercado y la libertad individual. En el Parque Espa\u00f1a, el movimiento liberal reafirmar\u00e1 que \u201ctransitamos un camino y estamos a la mitad de un puente hacia la libertad\u00bb<\/p>\n","protected":false},"author":2,"featured_media":4230,"comment_status":"open","ping_status":"open","sticky":false,"template":"","format":"standard","meta":{"_acf_changed":false,"advanced_seo_description":"Javier Milei encabezar\u00e1 en Rosario el cierre de campa\u00f1a de La Libertad Avanza rumbo a las elecciones legislativas 2025. Con un mensaje claro \u2014\u201cLa libertad avanza o Argentina retrocede\u201d\u2014, el presidente proyectar\u00e1 una visi\u00f3n de pa\u00eds basada en el esfuerzo, el mercado y la libertad individual. En el Parque Espa\u00f1a, el movimiento liberal reafirmar\u00e1 que \u201ctransitamos un camino y estamos a la mitad de un puente hacia la libertad\"","jetpack_seo_html_title":"Cierre de campa\u00f1a de Javier Milei, en Rosario","jetpack_seo_noindex":false,"_jetpack_memberships_contains_paid_content":false,"footnotes":""},"categories":[4],"tags":[96,130,120,138,122,119,129,47,128,131,95,127,133,121,126,43],"class_list":["post-4229","post","type-post","status-publish","format-standard","has-post-thumbnail","hentry","category-politica","tag-argentina","tag-campana-milei-2025","tag-cierre-de-campana","tag-desctados","tag-elecciones-2025","tag-javier-milei","tag-javier-milei-presidente","tag-la-libertad-avanza","tag-liberalismo","tag-liberalismo-economico","tag-libertad","tag-libre-mercado","tag-milei-rosario","tag-parque-espana","tag-politica-argentina","tag-rosario"],"acf":[],"jetpack_featured_media_url":"https:\/\/elliberador.com\/wp-content\/uploads\/2025\/10\/WhatsApp-Image-2025-10-18-at-9.43.53-PM.jpeg","jetpack_sharing_enabled":true,"_links":{"self":[{"href":"https:\/\/elliberador.com\/index.php\/wp-json\/wp\/v2\/posts\/4229","targetHints":{"allow":["GET"]}}],"collection":[{"href":"https:\/\/elliberador.com\/index.php\/wp-json\/wp\/v2\/posts"}],"about":[{"href":"https:\/\/elliberador.com\/index.php\/wp-json\/wp\/v2\/types\/post"}],"author":[{"embeddable":true,"href":"https:\/\/elliberador.com\/index.php\/wp-json\/wp\/v2\/users\/2"}],"replies":[{"embeddable":true,"href":"https:\/\/elliberador.com\/index.php\/wp-json\/wp\/v2\/comments?post=4229"}],"version-history":[{"count":2,"href":"https:\/\/elliberador.com\/index.php\/wp-json\/wp\/v2\/posts\/4229\/revisions"}],"predecessor-version":[{"id":4232,"href":"https:\/\/elliberador.com\/index.php\/wp-json\/wp\/v2\/posts\/4229\/revisions\/4232"}],"wp:featuredmedia":[{"embeddable":true,"href":"https:\/\/elliberador.com\/index.php\/wp-json\/wp\/v2\/media\/4230"}],"wp:attachment":[{"href":"https:\/\/elliberador.com\/index.php\/wp-json\/wp\/v2\/media?parent=4229"}],"wp:term":[{"taxonomy":"category","embeddable":true,"href":"https:\/\/elliberador.com\/index.php\/wp-json\/wp\/v2\/categories?post=4229"},{"taxonomy":"post_tag","embeddable":true,"href":"https:\/\/elliberador.com\/index.php\/wp-json\/wp\/v2\/tags?post=4229"}],"curies":[{"name":"wp","href":"https:\/\/api.w.org\/{rel}","templated":true}]}}