{"id":4234,"date":"2025-10-24T11:49:39","date_gmt":"2025-10-24T14:49:39","guid":{"rendered":"https:\/\/elliberador.com\/?p=4234"},"modified":"2025-10-24T15:53:22","modified_gmt":"2025-10-24T18:53:22","slug":"cruzar-el-puente-o-retroceder-milei-encendio-rosario-en-el-cierre-de-campana","status":"publish","type":"post","link":"https:\/\/elliberador.com\/index.php\/2025\/10\/24\/cruzar-el-puente-o-retroceder-milei-encendio-rosario-en-el-cierre-de-campana\/","title":{"rendered":"Cruzar el puente o retroceder: Milei encendi\u00f3 Rosario en el cierre de campa\u00f1a"},"content":{"rendered":"\n<p><em>El l\u00edder de La Libertad Avanza coron\u00f3 su cierre de campa\u00f1a en el Parque Espa\u00f1a ante una multitud que rugi\u00f3 por el cambio. Con un discurso que combin\u00f3 \u00e9pica, convicci\u00f3n y desaf\u00edo, Javier Milei llam\u00f3 a \u201ccruzar el puente hacia la libertad\u201d o resignarse al retroceso.<\/em><\/p>\n\n\n\n<p>El sol ca\u00eda sobre el Paran\u00e1 como una llamarada cuando <strong>Javier Milei<\/strong> subi\u00f3 al escenario en el Parque Espa\u00f1a. El aire ol\u00eda a verano, nervio y futuro. Miles de banderas celestes y blancas flameaban entre c\u00e1nticos, carteles con leones y rostros iluminados por celulares que registraban el momento. <strong>Rosario<\/strong>, esa ciudad que alguna vez fue el coraz\u00f3n de la industria y hoy late al ritmo del hartazgo y la esperanza, se convirti\u00f3 en un r\u00edo humano que gritaba una sola palabra: <strong>\u201c\u00a1Libertad!\u201d<\/strong><\/p>\n\n\n\n<p>Era el <strong>cierre de campa\u00f1a<\/strong> de <em>La Libertad Avanza<\/em> antes de las elecciones legislativas del <strong>26 de octubre<\/strong>, y Milei lo sab\u00eda: no era solo un acto pol\u00edtico, era una demostraci\u00f3n de fuerza, una reafirmaci\u00f3n de que la revoluci\u00f3n liberal est\u00e1 a mitad de camino.<\/p>\n\n\n\n<blockquote class=\"wp-block-quote is-layout-flow wp-block-quote-is-layout-flow\">\n<p>\u201c<strong>Estamos cruzando el puente, y del otro lado est\u00e1 la Argentina libre. Pero si no lo cruzamos ahora, nos hundimos en el barro del pasado.<\/strong>\u201d<br>\u2014 <em>Javier Milei, desde Rosario<\/em><\/p>\n<\/blockquote>\n\n\n\n<hr class=\"wp-block-separator has-alpha-channel-opacity\"\/>\n\n\n\n<h3 class=\"wp-block-heading\"><strong>El rugido del le\u00f3n<\/strong><\/h3>\n\n\n\n<p>Desde temprano, Rosario se visti\u00f3 de violeta y dorado. En el <strong>hotel Ros Tower<\/strong>, el gabinete se reuni\u00f3 con el economista libertario antes del acto. La llegada de Milei fue un torbellino: bocinazos, selfies y un coro espont\u00e1neo de <em>\u201c\u00a1Presidente, presidente!\u201d<\/em>. Las c\u00e1maras se agolpaban mientras \u00e9l, rodeado de su equipo m\u00e1s cercano, saludaba con esa mezcla de <strong>rockstar y estadista<\/strong> que lo distingue.<\/p>\n\n\n\n<p>El convoy se dirigi\u00f3 luego al <strong>Parque Espa\u00f1a<\/strong>, donde ya lo esperaban miles de personas. El escenario, frente al r\u00edo, parec\u00eda una met\u00e1fora viva: el agua reflejaba el fuego de las antorchas y los carteles con la consigna <strong>\u201cLa libertad avanza o Argentina retrocede\u201d<\/strong> marcaban el tono de la noche.<\/p>\n\n\n\n<blockquote class=\"wp-block-quote is-layout-flow wp-block-quote-is-layout-flow\">\n<p>\u201c<strong>Vinimos a despertar a los leones dormidos. Este 26 de octubre votamos entre dos caminos: el del progreso o el del pantano.<\/strong>\u201d<br>\u2014 <em>Milei ante una multitud encendida<\/em><\/p>\n<\/blockquote>\n\n\n\n<hr class=\"wp-block-separator has-alpha-channel-opacity\"\/>\n\n\n\n<h3 class=\"wp-block-heading\"><strong>Rosario, epicentro del grito<\/strong><\/h3>\n\n\n\n<p>En la primera fila, j\u00f3venes con remeras de <em>\u201cPongan huevo que ganamos\u201d<\/em> agitaban banderas con la cara del l\u00edder. Familias, comerciantes, jubilados y estudiantes se mezclaban en una sola marea humana que vibraba al ritmo de <em>\u201cSe siente, se siente, Milei presidente\u201d<\/em>.<\/p>\n\n\n\n<p><strong>Rosario<\/strong>, ciudad s\u00edmbolo del trabajo y del descontento, se convirti\u00f3 por una noche en el espejo de la Argentina que Milei promete recuperar. No hab\u00eda aparato partidario ni punteros. <strong>Hab\u00eda gente. Hab\u00eda convicci\u00f3n. Hab\u00eda hambre de cambio.<\/strong><\/p>\n\n\n\n<p>Los discursos de los referentes del espacio marcaron el pulso. <strong>Carolina P\u00edparo<\/strong> habl\u00f3 del rol de las mujeres que \u201cdejaron de ser v\u00edctimas del Estado para ser protagonistas de su destino\u201d. <strong>Guillermo Francos<\/strong> subray\u00f3 el desaf\u00edo institucional: <em>\u201cEstamos cambiando un siglo de decadencia por un futuro de prosperidad. No es un camino f\u00e1cil, pero es el \u00fanico que vale la pena.\u201d<\/em><\/p>\n\n\n\n<p>Cuando Milei volvi\u00f3 a tomar el micr\u00f3fono, el p\u00fablico ya era una sola voz.<\/p>\n\n\n\n<blockquote class=\"wp-block-quote is-layout-flow wp-block-quote-is-layout-flow\">\n<p>\u201c<strong>Hace un a\u00f1o nos dijeron que era imposible. Pero cuando el pueblo se cansa de ser esclavo, se vuelve invencible.<\/strong>\u201d<br>\u2014 <em>Milei, ante un Paran\u00e1 encendido<\/em><\/p>\n<\/blockquote>\n\n\n\n<hr class=\"wp-block-separator has-alpha-channel-opacity\"\/>\n\n\n\n<h3 class=\"wp-block-heading\"><strong>El puente hacia el futuro<\/strong><\/h3>\n\n\n\n<p>El tramo final fue un llamado a resistir y avanzar. Milei baj\u00f3 el tono, mir\u00f3 hacia el horizonte y lanz\u00f3 la frase que se volvi\u00f3 el s\u00edmbolo de la jornada:<\/p>\n\n\n\n<blockquote class=\"wp-block-quote is-layout-flow wp-block-quote-is-layout-flow\">\n<p>\u201c<strong>Argentina est\u00e1 en medio del puente. Atr\u00e1s qued\u00f3 el saqueo, adelante est\u00e1 la libertad. Si retrocedemos, caemos. \u00a1Y nosotros no nacimos para caer, nacimos para volar!<\/strong>\u201d<\/p>\n<\/blockquote>\n\n\n\n<p>El p\u00fablico estall\u00f3. Hubo l\u00e1grimas, abrazos entre desconocidos y una energ\u00eda que trascend\u00eda el acto. La m\u00fasica \u2014esa mezcla de rock y \u00e9pica\u2014 revent\u00f3 los parlantes mientras las luces del escenario dibujaban un arco dorado sobre el r\u00edo.<\/p>\n\n\n\n<p><strong>Milei salud\u00f3 como quien despide un ciclo y abre otro.<\/strong> Las c\u00e1maras captaron su mirada fija, desafiante, consciente de lo que se juega en las urnas. El eco de su voz qued\u00f3 flotando sobre el agua como una promesa.<\/p>\n\n\n\n<hr class=\"wp-block-separator has-alpha-channel-opacity\"\/>\n\n\n\n<h3 class=\"wp-block-heading\"><strong>El d\u00eda despu\u00e9s<\/strong><\/h3>\n\n\n\n<p>Rosario amaneci\u00f3 con carteles despegados y restos de papelitos en el suelo. Pero tambi\u00e9n con una certeza: <strong>algo se movi\u00f3<\/strong>. En redes, las im\u00e1genes del cierre recorrieron el pa\u00eds. El mensaje fue claro: <em>no fue un acto m\u00e1s, fue una se\u00f1al de rumbo.<\/em><\/p>\n\n\n\n<p>Milei apuesta a consolidar el cambio iniciado hace dos a\u00f1os: <strong>dolarizaci\u00f3n, reforma del Estado, fin de los privilegios pol\u00edticos y empuje productivo real<\/strong>. Su movimiento no habla de gesti\u00f3n; habla de revoluci\u00f3n moral, econ\u00f3mica y cultural.<\/p>\n\n\n\n<blockquote class=\"wp-block-quote is-layout-flow wp-block-quote-is-layout-flow\">\n<p>\u201c<strong>O la libertad avanza, o la Argentina retrocede.<\/strong>\u201d<br>\u2014 <em>Consigna que retumb\u00f3 en todo el pa\u00eds despu\u00e9s del acto<\/em><\/p>\n<\/blockquote>\n\n\n\n<p>Una mujer, al doblar su bandera, lo resumi\u00f3 sin vueltas:<br>\u201c<strong>Si no cruzamos el puente ahora, no lo cruzamos nunca.<\/strong>\u201d<\/p>\n\n\n\n<p>\u2014\u00a0<em>Ecus<\/em><br><em>La vibraci\u00f3n libre en medio del ruido<\/em><\/p>\n\n\n\n<p><\/p>\n","protected":false},"excerpt":{"rendered":"<p>El candidato de La Libertad Avanza reuni\u00f3 a miles de personas en el Parque Espa\u00f1a, en un acto que combin\u00f3 m\u00edstica y pol\u00edtica. \u201cEstamos a mitad de camino \u2014dijo\u2014, y este 26 de octubre decidimos si cruzamos el puente o nos hundimos en el barro del pasado.\u201d<\/p>\n","protected":false},"author":2,"featured_media":4235,"comment_status":"open","ping_status":"open","sticky":false,"template":"","format":"standard","meta":{"_acf_changed":false,"advanced_seo_description":"Javier Milei cerr\u00f3 su campa\u00f1a en Rosario ante una multitud que colm\u00f3 el Parque Espa\u00f1a. Con tono \u00e9pico, habl\u00f3 de \u201ccruzar el puente hacia la libertad\u201d y llam\u00f3 a los argentinos a elegir entre el avance o el retroceso","jetpack_seo_html_title":"Cruzar el puente o caer: Javier Javier Milei encendi\u00f3 Rosario en su cierre de campa\u00f1a rumbo al 26 de octubre","jetpack_seo_noindex":false,"_jetpack_memberships_contains_paid_content":false,"footnotes":""},"categories":[4],"tags":[120,52,20,122,119,47,134,133,121,126,43,66],"class_list":["post-4234","post","type-post","status-publish","format-standard","has-post-thumbnail","hentry","category-politica","tag-cierre-de-campana","tag-destacada","tag-destacados","tag-elecciones-2025","tag-javier-milei","tag-la-libertad-avanza","tag-libertad-o-retroceso","tag-milei-rosario","tag-parque-espana","tag-politica-argentina","tag-rosario","tag-santa-fe"],"acf":[],"jetpack_featured_media_url":"https:\/\/elliberador.com\/wp-content\/uploads\/2025\/10\/WhatsApp-Image-2025-10-24-at-11.40.15-AM-scaled.jpeg","jetpack_sharing_enabled":true,"_links":{"self":[{"href":"https:\/\/elliberador.com\/index.php\/wp-json\/wp\/v2\/posts\/4234","targetHints":{"allow":["GET"]}}],"collection":[{"href":"https:\/\/elliberador.com\/index.php\/wp-json\/wp\/v2\/posts"}],"about":[{"href":"https:\/\/elliberador.com\/index.php\/wp-json\/wp\/v2\/types\/post"}],"author":[{"embeddable":true,"href":"https:\/\/elliberador.com\/index.php\/wp-json\/wp\/v2\/users\/2"}],"replies":[{"embeddable":true,"href":"https:\/\/elliberador.com\/index.php\/wp-json\/wp\/v2\/comments?post=4234"}],"version-history":[{"count":2,"href":"https:\/\/elliberador.com\/index.php\/wp-json\/wp\/v2\/posts\/4234\/revisions"}],"predecessor-version":[{"id":4237,"href":"https:\/\/elliberador.com\/index.php\/wp-json\/wp\/v2\/posts\/4234\/revisions\/4237"}],"wp:featuredmedia":[{"embeddable":true,"href":"https:\/\/elliberador.com\/index.php\/wp-json\/wp\/v2\/media\/4235"}],"wp:attachment":[{"href":"https:\/\/elliberador.com\/index.php\/wp-json\/wp\/v2\/media?parent=4234"}],"wp:term":[{"taxonomy":"category","embeddable":true,"href":"https:\/\/elliberador.com\/index.php\/wp-json\/wp\/v2\/categories?post=4234"},{"taxonomy":"post_tag","embeddable":true,"href":"https:\/\/elliberador.com\/index.php\/wp-json\/wp\/v2\/tags?post=4234"}],"curies":[{"name":"wp","href":"https:\/\/api.w.org\/{rel}","templated":true}]}}