{"id":4247,"date":"2025-10-28T00:44:37","date_gmt":"2025-10-28T03:44:37","guid":{"rendered":"https:\/\/elliberador.com\/?p=4247"},"modified":"2025-10-28T21:13:27","modified_gmt":"2025-10-29T00:13:27","slug":"la-libertad-avanza-consolida-su-mayoria-y-redefine-el-mapa-politico","status":"publish","type":"post","link":"https:\/\/elliberador.com\/index.php\/2025\/10\/28\/la-libertad-avanza-consolida-su-mayoria-y-redefine-el-mapa-politico\/","title":{"rendered":"La Libertad Avanza consolida su mayor\u00eda y redefine el mapa pol\u00edtico"},"content":{"rendered":"\n<h2 class=\"wp-block-heading\"><em>Una ola violeta barre al statu\u202fquo y abre la era libertaria<\/em><\/h2>\n\n\n\n<p>El domingo 26 de octubre quedar\u00e1 marcado como un punto de inflexi\u00f3n en la historia argentina: el oficialismo encabezado por La <strong><em>Libertad Avanza (LLA)<\/em><\/strong> logr\u00f3 un contundente impulso legislativo que consolida su poder y redefine el equilibrio pol\u00edtico del pa\u00eds. <em><strong>Con 93 bancas en la C\u00e1mara de Diputados y 24 en el Senado<\/strong><\/em>, el Gobierno alcanza una solidez in\u00e9dita para avanzar con su agenda de reformas. Los n\u00fameros no mienten: el cambio, claro y sin rodeos, ha llegado.<\/p>\n\n\n\n<figure class=\"wp-block-image size-large\"><img fetchpriority=\"high\" decoding=\"async\" width=\"1024\" height=\"528\" src=\"https:\/\/elliberador.com\/wp-content\/uploads\/2025\/10\/imagen_2025-10-27_235955171-1024x528.png\" alt=\"\" class=\"wp-image-4253\" srcset=\"https:\/\/elliberador.com\/wp-content\/uploads\/2025\/10\/imagen_2025-10-27_235955171-1024x528.png 1024w, https:\/\/elliberador.com\/wp-content\/uploads\/2025\/10\/imagen_2025-10-27_235955171-300x155.png 300w, https:\/\/elliberador.com\/wp-content\/uploads\/2025\/10\/imagen_2025-10-27_235955171-768x396.png 768w, https:\/\/elliberador.com\/wp-content\/uploads\/2025\/10\/imagen_2025-10-27_235955171-1536x792.png 1536w, https:\/\/elliberador.com\/wp-content\/uploads\/2025\/10\/imagen_2025-10-27_235955171.png 1861w\" sizes=\"(max-width: 1024px) 100vw, 1024px\" \/><\/figure>\n\n\n\n<p>El presidente Javier Milei lo resumi\u00f3 sin ambages: \u201cLos argentinos decidieron no volver al pasado\u201d. El mensaje es inequ\u00edvoco, motivador y de horizonte claro: acabar con d\u00e9cadas de estancamiento para dar paso a una \u201cera de libertad y progreso\u201d.<\/p>\n\n\n\n<figure class=\"wp-block-image size-large\"><img decoding=\"async\" width=\"1024\" height=\"528\" src=\"https:\/\/elliberador.com\/wp-content\/uploads\/2025\/10\/imagen_2025-10-28_000041120-1024x528.png\" alt=\"\" class=\"wp-image-4254\" srcset=\"https:\/\/elliberador.com\/wp-content\/uploads\/2025\/10\/imagen_2025-10-28_000041120-1024x528.png 1024w, https:\/\/elliberador.com\/wp-content\/uploads\/2025\/10\/imagen_2025-10-28_000041120-300x155.png 300w, https:\/\/elliberador.com\/wp-content\/uploads\/2025\/10\/imagen_2025-10-28_000041120-768x396.png 768w, https:\/\/elliberador.com\/wp-content\/uploads\/2025\/10\/imagen_2025-10-28_000041120-1536x792.png 1536w, https:\/\/elliberador.com\/wp-content\/uploads\/2025\/10\/imagen_2025-10-28_000041120.png 1861w\" sizes=\"(max-width: 1024px) 100vw, 1024px\" \/><\/figure>\n\n\n\n<hr class=\"wp-block-separator has-alpha-channel-opacity\"\/>\n\n\n\n<h3 class=\"wp-block-heading\"><strong>Nuevo poder, nuevas mayor\u00edas<\/strong><\/h3>\n\n\n\n<p>El triunfo de LLA no es solo cuantitativo, sino cualitativo. Obtener m\u00e1s de cien diputados y veinte senadores implica capacidad real para transformar leyes, estructuras y reglas del juego. El Gobierno sostiene que \u201clo peor ya pas\u00f3\u201d y que ahora se inicia la fase de reformas de \u201c<em>segunda generaci\u00f3n<\/em>\u201d. Con el Congreso en mano, la direcci\u00f3n es clara: gobernar para la libertad, reducir el Estado, dinamizar la producci\u00f3n y dejar atr\u00e1s el modelo del fracaso.<br><br><strong>Milei<\/strong> lo expres\u00f3 con contundencia: <\/p>\n\n\n\n<blockquote class=\"wp-block-quote is-layout-flow wp-block-quote-is-layout-flow\">\n<p>\u201c<em>El modelo de la decadencia ha llegado a su fin, no hay vuelta atr\u00e1s<\/em>\u201d.<\/p>\n<\/blockquote>\n\n\n\n<p> Con esta legitimaci\u00f3n, <strong>La Libertad Avanza <\/strong>entra en una nueva fase: ya no es solo promesa, sino mandato para liderar.<\/p>\n\n\n\n<hr class=\"wp-block-separator has-alpha-channel-opacity\"\/>\n\n\n\n<h3 class=\"wp-block-heading\"><strong>Victoria clave: Neuqu\u00e9n, C\u00f3rdoba, Jujuy y el hist\u00f3rico basti\u00f3n de Buenos Aires<\/strong><\/h3>\n\n\n\n<p><strong>La victoria tiene hitos geogr\u00e1ficos<\/strong> que hablan del alcance nacional del cambio. En la provincia de <strong>Neuqu\u00e9n<\/strong>, la candidata libertaria <strong>Nadia M\u00e1rquez<\/strong> logr\u00f3 posicionar a LLA como alternativa viable, demostrando que el movimiento trasciende el centro pol\u00edtico del pa\u00eds. En <strong>C\u00f3rdoba<\/strong>, con la lista encabezada por <strong>Gonzalo Roca<\/strong>, y <strong>Jujuy<\/strong> con <strong>Alfredo Gonz\u00e1les<\/strong> a la cabeza, el avance libertario consolid\u00f3 su presencia territorial, reforzando que esta elecci\u00f3n fue mucho m\u00e1s que un comicio urbano. Y en el hito que todos esperaban, en la estrat\u00e9gica <strong>provincia de Buenos Aires<\/strong>, con <strong>Diego Santilli<\/strong> como candidato, LLA rompi\u00f3 barreras hist\u00f3ricas: <strong>ganar esa provincia implica vencer al centro\u2011izquierda peronista donde parec\u00eda inviolable. <\/strong><\/p>\n\n\n\n<p>Como se\u00f1al\u00f3<strong> Milei:<\/strong><\/p>\n\n\n\n<blockquote class=\"wp-block-quote is-layout-flow wp-block-quote-is-layout-flow\">\n<p> \u201c<em>Ganar en la provincia de Buenos Aires no estaba en la cabeza de nadie<\/em>\u201d.<\/p>\n<\/blockquote>\n\n\n\n<p>Este mapa ya no es de contestaci\u00f3n, es de liderazgo. <strong>La Libertad Avanza<\/strong> pasa de una oposici\u00f3n emergente a un gobierno con m\u00fasculo pol\u00edtico claro.<\/p>\n\n\n\n<div class=\"wp-block-columns is-layout-flex wp-container-core-columns-is-layout-28f84493 wp-block-columns-is-layout-flex\">\n<div class=\"wp-block-column is-layout-flow wp-block-column-is-layout-flow\" style=\"flex-basis:25%\">\n<div class=\"wp-block-cover\"><img decoding=\"async\" width=\"720\" height=\"752\" class=\"wp-block-cover__image-background wp-image-4256\" alt=\"\" src=\"https:\/\/elliberador.com\/wp-content\/uploads\/2025\/10\/imagen_2025-10-28_000409122.png\" data-object-fit=\"cover\" srcset=\"https:\/\/elliberador.com\/wp-content\/uploads\/2025\/10\/imagen_2025-10-28_000409122.png 720w, https:\/\/elliberador.com\/wp-content\/uploads\/2025\/10\/imagen_2025-10-28_000409122-287x300.png 287w\" sizes=\"(max-width: 720px) 100vw, 720px\" \/><span aria-hidden=\"true\" class=\"wp-block-cover__background has-background-dim\"><\/span><div class=\"wp-block-cover__inner-container is-layout-flow wp-block-cover-is-layout-flow\">\n<p class=\"has-text-align-center has-large-font-size\">PBA:<br><strong>LLA 41,45&nbsp;%<br><\/strong>De los votos<\/p>\n<\/div><\/div>\n<\/div>\n\n\n\n<div class=\"wp-block-column is-layout-flow wp-block-column-is-layout-flow\" style=\"flex-basis:25%\">\n<div class=\"wp-block-cover\"><img loading=\"lazy\" decoding=\"async\" width=\"712\" height=\"749\" class=\"wp-block-cover__image-background wp-image-4257\" alt=\"\" src=\"https:\/\/elliberador.com\/wp-content\/uploads\/2025\/10\/imagen_2025-10-28_000536321.png\" data-object-fit=\"cover\" srcset=\"https:\/\/elliberador.com\/wp-content\/uploads\/2025\/10\/imagen_2025-10-28_000536321.png 712w, https:\/\/elliberador.com\/wp-content\/uploads\/2025\/10\/imagen_2025-10-28_000536321-285x300.png 285w\" sizes=\"(max-width: 712px) 100vw, 712px\" \/><span aria-hidden=\"true\" class=\"wp-block-cover__background has-background-dim\"><\/span><div class=\"wp-block-cover__inner-container is-layout-flow wp-block-cover-is-layout-flow\">\n<p class=\"has-text-align-center has-large-font-size\">Neuqu\u00e9n:<br><strong>LLA 33,36&nbsp;%<br><\/strong>de los votos<\/p>\n<\/div><\/div>\n<\/div>\n\n\n\n<div class=\"wp-block-column is-layout-flow wp-block-column-is-layout-flow\" style=\"flex-basis:25%\">\n<div class=\"wp-block-cover\"><img loading=\"lazy\" decoding=\"async\" width=\"709\" height=\"748\" class=\"wp-block-cover__image-background wp-image-4258\" alt=\"\" src=\"https:\/\/elliberador.com\/wp-content\/uploads\/2025\/10\/imagen_2025-10-28_000611760.png\" data-object-fit=\"cover\" srcset=\"https:\/\/elliberador.com\/wp-content\/uploads\/2025\/10\/imagen_2025-10-28_000611760.png 709w, https:\/\/elliberador.com\/wp-content\/uploads\/2025\/10\/imagen_2025-10-28_000611760-284x300.png 284w\" sizes=\"(max-width: 709px) 100vw, 709px\" \/><span aria-hidden=\"true\" class=\"wp-block-cover__background has-background-dim\"><\/span><div class=\"wp-block-cover__inner-container is-layout-flow wp-block-cover-is-layout-flow\">\n<p class=\"has-text-align-center has-large-font-size\">C\u00f3rdoba:<br><strong>LLA: 42,35%<\/strong><br>De los votos<\/p>\n<\/div><\/div>\n<\/div>\n\n\n\n<div class=\"wp-block-column is-layout-flow wp-block-column-is-layout-flow\" style=\"flex-basis:25%\">\n<div class=\"wp-block-cover\"><img loading=\"lazy\" decoding=\"async\" width=\"699\" height=\"736\" class=\"wp-block-cover__image-background wp-image-4261\" alt=\"\" src=\"https:\/\/elliberador.com\/wp-content\/uploads\/2025\/10\/imagen_2025-10-28_001509739.png\" data-object-fit=\"cover\" srcset=\"https:\/\/elliberador.com\/wp-content\/uploads\/2025\/10\/imagen_2025-10-28_001509739.png 699w, https:\/\/elliberador.com\/wp-content\/uploads\/2025\/10\/imagen_2025-10-28_001509739-285x300.png 285w\" sizes=\"(max-width: 699px) 100vw, 699px\" \/><span aria-hidden=\"true\" class=\"wp-block-cover__background has-background-dim\"><\/span><div class=\"wp-block-cover__inner-container is-layout-flow wp-block-cover-is-layout-flow\">\n<p class=\"has-text-align-center has-large-font-size\">Jujuy:<br><strong>LLA: 37,22%<\/strong><br>De los votos<\/p>\n<\/div><\/div>\n<\/div>\n<\/div>\n\n\n\n<hr class=\"wp-block-separator has-alpha-channel-opacity\"\/>\n\n\n\n<h2 class=\"wp-block-heading\"><strong>El batacazo en Santa\u202fFe: epicentro del cambio y cantera de futuro<\/strong><\/h2>\n\n\n\n<p>En la provincia de <strong>Santa Fe<\/strong>, ocurri\u00f3 algo m\u00e1s que una victoria: fue un batacazo. LLA dobl\u00f3 en votos a la alternativa comunista\u2011chavista encabezada por Caren Tepp (y acompa\u00f1ada del kirchnerismo) con una lista encabezada por <strong>Agust\u00edn Pellegrini<\/strong>, quien afirm\u00f3 sin medias tintas:<\/p>\n\n\n\n<blockquote class=\"wp-block-quote is-layout-flow wp-block-quote-is-layout-flow\">\n<p>\u201c<em>Vamos a acompa\u00f1ar al presidente Milei en el Congreso, para sacar las reformas que faltan y para que Argentina salga adelante de una vez por todas<\/em>\u201d.<\/p>\n<\/blockquote>\n\n\n\n<p><strong>La haza\u00f1a tiene una lectura simb\u00f3lica<\/strong>: la cuarta candidata de la lista, <strong>Valentina Ravera<\/strong>, ser\u00e1 la diputada m\u00e1s joven que logra ingresar al Congreso. Y se abre la pelea en la justicia electoral para insertar un quinto candidato: otro indicio de que el cambio vino para quedarse.<\/p>\n\n\n\n<p>En palabras de <strong>Pellegrini:<\/strong> <\/p>\n\n\n\n<blockquote class=\"wp-block-quote is-layout-flow wp-block-quote-is-layout-flow\">\n<p><em>\u201cEl 26 de octubre es libertad o comunismo\u2026 Argentina decide entre cambiar para siempre o volver al pasado m\u00e1s oscuro\u201d<\/em>.<\/p>\n<\/blockquote>\n\n\n\n<p><strong>Santa\u202fFe<\/strong> dej\u00f3 de ser feudo de las viejas \u00e9lites: se convirti\u00f3 en laboratorio del nuevo poder libertario. <strong>Y all\u00ed, LLA no solo gan\u00f3, arras\u00f3<\/strong>.<\/p>\n\n\n\n<figure class=\"wp-block-image size-large\"><img loading=\"lazy\" decoding=\"async\" width=\"1024\" height=\"531\" src=\"https:\/\/elliberador.com\/wp-content\/uploads\/2025\/10\/imagen_2025-10-28_000211239-1024x531.png\" alt=\"\" class=\"wp-image-4255\" srcset=\"https:\/\/elliberador.com\/wp-content\/uploads\/2025\/10\/imagen_2025-10-28_000211239-1024x531.png 1024w, https:\/\/elliberador.com\/wp-content\/uploads\/2025\/10\/imagen_2025-10-28_000211239-300x156.png 300w, https:\/\/elliberador.com\/wp-content\/uploads\/2025\/10\/imagen_2025-10-28_000211239-768x398.png 768w, https:\/\/elliberador.com\/wp-content\/uploads\/2025\/10\/imagen_2025-10-28_000211239-1536x797.png 1536w, https:\/\/elliberador.com\/wp-content\/uploads\/2025\/10\/imagen_2025-10-28_000211239.png 1858w\" sizes=\"(max-width: 1024px) 100vw, 1024px\" \/><figcaption class=\"wp-element-caption\">LLA Gan\u00f3 con el <strong>40,67&nbsp;%<\/strong> de los votos<\/figcaption><\/figure>\n\n\n\n<hr class=\"wp-block-separator has-alpha-channel-opacity\"\/>\n\n\n\n<h3 class=\"wp-block-heading\"><strong>cruzar el puente o retroceder<\/strong><\/h3>\n\n\n\n<p>La ventaja legislativa de <strong>La Libertad Avanza<\/strong> no es un logro m\u00e1s: es la consolidaci\u00f3n de un mandato para gobernar con visi\u00f3n futura.<strong> Las frases de Milei y Pellegrini <\/strong>no son ret\u00f3rica hueca: <strong>representan un contrato con la ciudadan\u00eda para romper con el pasado y construir hacia adelante<\/strong>. Ahora, Argentina tiene dos caminos: <em>volver a tropezar con lo mismo o lanzar la transformaci\u00f3n profunda que todos esperaban.<\/em><br><br>Y en ese contexto, una imagen simb\u00f3lica: la llamada \u201c<em><strong>era\u202fvioleta<\/strong><\/em>\u201d que pretende cruzar el puente del cambio. Como dijimos en Rosario durante el cierre de campa\u00f1a:<em> \u201c<strong>Cruzar el puente o retroceder: Milei encendi\u00f3 Rosario en el cierre de campa\u00f1a<\/strong>\u201d<\/em>. Es hora de decidir.<\/p>\n\n\n\n<h5 class=\"wp-block-heading\">\u2014 Ecus<br><em>La vibraci\u00f3n libre en medio del ruido<\/em><\/h5>\n\n\n\n<p><\/p>\n","protected":false},"excerpt":{"rendered":"<p>La Libertad Avanza logr\u00f3 un triunfo hist\u00f3rico en las elecciones de medio t\u00e9rmino del 26 de octubre, alcanzando 93 diputados y 24 senadores. Con victorias clave en Buenos Aires, C\u00f3rdoba, Tucum\u00e1n, Neuqu\u00e9n y el batacazo libertario en Santa Fe encabezado por Agust\u00edn Pellegrini, el oficialismo liderado por Javier Milei consolida su mayor\u00eda y redefine el mapa pol\u00edtico del pa\u00eds. Comienza una nueva era de libertad, cambio y protagonismo ciudadano.<\/p>\n","protected":false},"author":2,"featured_media":4251,"comment_status":"open","ping_status":"open","sticky":false,"template":"","format":"standard","meta":{"_acf_changed":false,"advanced_seo_description":"La Libertad Avanza logra un triunfo hist\u00f3rico: 101 diputados, 20 senadores y victorias clave en Buenos Aires, C\u00f3rdoba, Jujuy, Neuqu\u00e9n y Santa Fe.","jetpack_seo_html_title":"La Libertad Avanza consolida su mayor\u00eda y redefine el mapa pol\u00edtico argentino","jetpack_seo_noindex":false,"_jetpack_memberships_contains_paid_content":false,"footnotes":""},"categories":[4],"tags":[136,159,151,162,152,20,148,155,122,161,119,47,128,163,147,157,150,156,158,126,160,66,154,153,146,149],"class_list":["post-4247","post","type-post","status-publish","format-standard","has-post-thumbnail","hentry","category-politica","tag-agustin-pellegrini","tag-batacazo-electoral","tag-buenos-aires","tag-congreso-nacional","tag-cordoba","tag-destacados","tag-diego-santilli","tag-diputados","tag-elecciones-2025","tag-era-violeta","tag-javier-milei","tag-la-libertad-avanza","tag-liberalismo","tag-libertarios-argentina","tag-medio-termino","tag-milei-presidente","tag-nadia-marquez","tag-neuquen","tag-partido-libertario","tag-politica-argentina","tag-reforma-politica","tag-santa-fe","tag-senadores","tag-tucuman","tag-valentina-ravera","tag-victoria-libertaria"],"acf":[],"jetpack_featured_media_url":"https:\/\/elliberador.com\/wp-content\/uploads\/2025\/10\/imagen_2025-10-27_235047067.png","jetpack_sharing_enabled":true,"_links":{"self":[{"href":"https:\/\/elliberador.com\/index.php\/wp-json\/wp\/v2\/posts\/4247","targetHints":{"allow":["GET"]}}],"collection":[{"href":"https:\/\/elliberador.com\/index.php\/wp-json\/wp\/v2\/posts"}],"about":[{"href":"https:\/\/elliberador.com\/index.php\/wp-json\/wp\/v2\/types\/post"}],"author":[{"embeddable":true,"href":"https:\/\/elliberador.com\/index.php\/wp-json\/wp\/v2\/users\/2"}],"replies":[{"embeddable":true,"href":"https:\/\/elliberador.com\/index.php\/wp-json\/wp\/v2\/comments?post=4247"}],"version-history":[{"count":14,"href":"https:\/\/elliberador.com\/index.php\/wp-json\/wp\/v2\/posts\/4247\/revisions"}],"predecessor-version":[{"id":4290,"href":"https:\/\/elliberador.com\/index.php\/wp-json\/wp\/v2\/posts\/4247\/revisions\/4290"}],"wp:featuredmedia":[{"embeddable":true,"href":"https:\/\/elliberador.com\/index.php\/wp-json\/wp\/v2\/media\/4251"}],"wp:attachment":[{"href":"https:\/\/elliberador.com\/index.php\/wp-json\/wp\/v2\/media?parent=4247"}],"wp:term":[{"taxonomy":"category","embeddable":true,"href":"https:\/\/elliberador.com\/index.php\/wp-json\/wp\/v2\/categories?post=4247"},{"taxonomy":"post_tag","embeddable":true,"href":"https:\/\/elliberador.com\/index.php\/wp-json\/wp\/v2\/tags?post=4247"}],"curies":[{"name":"wp","href":"https:\/\/api.w.org\/{rel}","templated":true}]}}