{"id":4270,"date":"2025-10-28T11:27:21","date_gmt":"2025-10-28T14:27:21","guid":{"rendered":"https:\/\/elliberador.com\/?p=4270"},"modified":"2025-10-28T11:28:07","modified_gmt":"2025-10-28T14:28:07","slug":"wall-street-journal-los-barrios-marginales-abandonaron-al-peronismo-y-la-clase-media-rescato-a-milei","status":"publish","type":"post","link":"https:\/\/elliberador.com\/index.php\/2025\/10\/28\/wall-street-journal-los-barrios-marginales-abandonaron-al-peronismo-y-la-clase-media-rescato-a-milei\/","title":{"rendered":"Wall Street Journal: \u201cLos barrios marginales abandonaron al peronismo\u201d y la clase media \u201crescat\u00f3\u201d a Milei"},"content":{"rendered":"\n<p>La noche posterior a las legislativas, <em>The Wall Street Journal<\/em> afirm\u00f3 que los <strong>barrios populares<\/strong> \u2014bastiones del peronismo durante d\u00e9cadas\u2014 <strong>no acudieron<\/strong> a votar en masa, mientras que la <strong>clase media<\/strong> se <strong>activ\u00f3<\/strong> para respaldar al presidente y su agenda de libre mercado. Seg\u00fan el diario, ese <strong>quiebre<\/strong> del voto tradicional fue clave para explicar una victoria que sorprendi\u00f3 incluso en territorios adversos.<\/p>\n\n\n\n<p>Uno de los datos que subraya el WSJ es la <strong>remontada en la Provincia de Buenos Aires<\/strong>: menos de dos meses atr\u00e1s, La Libertad Avanza hab\u00eda quedado muy detr\u00e1s en esa jurisdicci\u00f3n, pero en la elecci\u00f3n nacional logr\u00f3 <strong>dar vuelta la tendencia<\/strong> apoyado en el <strong>bajo entusiasmo peronista<\/strong> y el <strong>temor<\/strong> a \u201cm\u00e1s inflaci\u00f3n y turbulencias\u201d si volv\u00eda la izquierda. El art\u00edculo remarca, adem\u00e1s, que <strong>intendentes peronistas<\/strong> y operadores de base hicieron <strong>poco<\/strong> para movilizar a su n\u00facleo duro, ya con sus cargos asegurados en la elecci\u00f3n local previa.<\/p>\n\n\n\n<p>El an\u00e1lisis fue <strong>amplificado<\/strong> por el secretario del Tesoro de EE. UU., <strong>Scott Bessent<\/strong>, que comparti\u00f3 la publicaci\u00f3n y volvi\u00f3 a confrontar con sectores dem\u00f3cratas cr\u00edticos de la asistencia a la Argentina, en especial la senadora <strong>Elizabeth Warren<\/strong>. En semanas recientes, Bessent ya hab\u00eda cruzado a Warren en redes y en el Congreso, en el contexto del apoyo financiero de Washington al programa econ\u00f3mico argentino. <\/p>\n\n\n\n<p>Los <strong>mercados<\/strong> reaccionaron en sinton\u00eda con el diagn\u00f3stico: tras los comicios, <strong>bonos<\/strong> y <strong>acciones<\/strong> argentinas <strong>volaron<\/strong> y el <strong>peso<\/strong> se <strong>apreci\u00f3 con fuerza<\/strong>, con analistas leyendo el resultado como un espaldarazo para acelerar reformas y reducir el riesgo pol\u00edtico.<\/p>\n\n\n\n<p>Desde una mirada editorial, el cuadro que describe el WSJ coincide con lo que venimos registrando: una <strong>fractura<\/strong> en la maquinaria territorial del peronismo y una <strong>nueva coalici\u00f3n social<\/strong> que, ante el costo de d\u00e9cadas de estatismo, apuesta por <strong>reglas claras, estabilidad y competencia<\/strong>. Que los barrios populares <strong>no hayan salido a sostener<\/strong> al aparato y que la clase media <strong>haya decidido involucrarse<\/strong> no es s\u00f3lo un dato coyuntural; es una <strong>se\u00f1al<\/strong> de que el eje de la pol\u00edtica argentina se <strong>reubica<\/strong>. El desaf\u00edo que queda para el oficialismo es <strong>convertir<\/strong> ese envi\u00f3n electoral en <strong>resultados medibles<\/strong> sobre inflaci\u00f3n, empleo y seguridad; para la oposici\u00f3n, <strong>reconstruir<\/strong> credibilidad sin atajos corporativos. Si los n\u00fameros de los mercados son un anticipo, el pa\u00eds <strong>premia<\/strong> la previsibilidad y <strong>castiga<\/strong> el retorno a la vieja receta.<\/p>\n\n\n\n<p><strong>Fuentes<\/strong>: coberturas y an\u00e1lisis de <em>The Wall Street Journal<\/em> sobre el comportamiento electoral en barrios populares y clase media; menciones a la din\u00e1mica bonaerense; posteos y posicionamientos de Scott Bessent; y reportes de Reuters\/AP\/Al Jazeera sobre la reacci\u00f3n de mercados tras la elecci\u00f3n.<\/p>\n","protected":false},"excerpt":{"rendered":"<p>En su an\u00e1lisis postelectoral, The Wall Street Journal sostuvo que la contundente victoria legislativa de Javier Milei se explic\u00f3 por la desmovilizaci\u00f3n en las zonas hist\u00f3ricamente peronistas y la movilizaci\u00f3n de la clase media ante el temor a un regreso del kirchnerismo; el art\u00edculo tambi\u00e9n destaca la remontada en la Provincia de Buenos Aires y el \u00edmpetu de los mercados tras el resultado.<\/p>\n","protected":false},"author":2,"featured_media":4271,"comment_status":"open","ping_status":"open","sticky":false,"template":"","format":"standard","meta":{"_acf_changed":false,"advanced_seo_description":"","jetpack_seo_html_title":"","jetpack_seo_noindex":false,"_jetpack_memberships_contains_paid_content":false,"footnotes":""},"categories":[10],"tags":[20,56,164],"class_list":["post-4270","post","type-post","status-publish","format-standard","has-post-thumbnail","hentry","category-internacionales","tag-destacados","tag-milei","tag-wall-street-journal"],"acf":[],"jetpack_featured_media_url":"https:\/\/elliberador.com\/wp-content\/uploads\/2025\/10\/G4RASZqXoAAWr1z-scaled-e1761661573114.jpeg","jetpack_sharing_enabled":true,"_links":{"self":[{"href":"https:\/\/elliberador.com\/index.php\/wp-json\/wp\/v2\/posts\/4270","targetHints":{"allow":["GET"]}}],"collection":[{"href":"https:\/\/elliberador.com\/index.php\/wp-json\/wp\/v2\/posts"}],"about":[{"href":"https:\/\/elliberador.com\/index.php\/wp-json\/wp\/v2\/types\/post"}],"author":[{"embeddable":true,"href":"https:\/\/elliberador.com\/index.php\/wp-json\/wp\/v2\/users\/2"}],"replies":[{"embeddable":true,"href":"https:\/\/elliberador.com\/index.php\/wp-json\/wp\/v2\/comments?post=4270"}],"version-history":[{"count":1,"href":"https:\/\/elliberador.com\/index.php\/wp-json\/wp\/v2\/posts\/4270\/revisions"}],"predecessor-version":[{"id":4272,"href":"https:\/\/elliberador.com\/index.php\/wp-json\/wp\/v2\/posts\/4270\/revisions\/4272"}],"wp:featuredmedia":[{"embeddable":true,"href":"https:\/\/elliberador.com\/index.php\/wp-json\/wp\/v2\/media\/4271"}],"wp:attachment":[{"href":"https:\/\/elliberador.com\/index.php\/wp-json\/wp\/v2\/media?parent=4270"}],"wp:term":[{"taxonomy":"category","embeddable":true,"href":"https:\/\/elliberador.com\/index.php\/wp-json\/wp\/v2\/categories?post=4270"},{"taxonomy":"post_tag","embeddable":true,"href":"https:\/\/elliberador.com\/index.php\/wp-json\/wp\/v2\/tags?post=4270"}],"curies":[{"name":"wp","href":"https:\/\/api.w.org\/{rel}","templated":true}]}}