{"id":4274,"date":"2025-10-28T13:09:33","date_gmt":"2025-10-28T16:09:33","guid":{"rendered":"https:\/\/elliberador.com\/?p=4274"},"modified":"2025-10-28T20:20:22","modified_gmt":"2025-10-28T23:20:22","slug":"santa-fe-el-peronismo-hizo-su-peor-eleccion-de-las-ultimas-cinco-con-una-candidata-de-cuno-comunista-y-el-padrinazgo-de-rossi","status":"publish","type":"post","link":"https:\/\/elliberador.com\/index.php\/2025\/10\/28\/santa-fe-el-peronismo-hizo-su-peor-eleccion-de-las-ultimas-cinco-con-una-candidata-de-cuno-comunista-y-el-padrinazgo-de-rossi\/","title":{"rendered":"Santa Fe: el peronismo hizo su peor elecci\u00f3n de la d\u00e9cada con una candidata comunista y el padrinazgo de Rossi"},"content":{"rendered":"\n<p>La apuesta por un rostro joven y un discurso progresista no ensanch\u00f3 la base: <strong>la encogi\u00f3<\/strong>. Tepp obtuvo <strong>menos votos que el propio Rossi<\/strong> en 2015 y 2017 y <strong>casi la mitad<\/strong> de lo cosechado por <strong>Marcos Cleri<\/strong> en 2019, cuando el kirchnerismo roz\u00f3 el mill\u00f3n. Con <strong>barrios populares<\/strong> menos alineados y <strong>clase media<\/strong> m\u00e1s exigente, el peronismo cerr\u00f3 su cap\u00edtulo m\u00e1s pobre en diez a\u00f1os.<\/p>\n\n\n\n<h2 class=\"wp-block-heading\">La serie actualizada (Diputados nacionales, Santa Fe)<\/h2>\n\n\n\n<ul class=\"wp-block-list\">\n<li><strong>2015 \u2013 FPV (Agust\u00edn Rossi): 595.616<\/strong><\/li>\n\n\n\n<li><strong>2017 \u2013 Frente Justicialista (Agust\u00edn Rossi): 509.190<\/strong><\/li>\n\n\n\n<li><strong>2019 \u2013 Frente de Todos (Marcos Cleri): 890.561<\/strong><\/li>\n\n\n\n<li><strong>2021 \u2013 Frente de Todos (Roberto Mirabella): 570.498<\/strong><\/li>\n\n\n\n<li><strong>2023 \u2013 Uni\u00f3n por la Patria (Germ\u00e1n Mart\u00ednez): 583.589<\/strong><\/li>\n\n\n\n<li><strong>2025 \u2013 Fuerza Patria (Caren Tepp): 467.397<\/strong><\/li>\n<\/ul>\n\n\n\n<h2 class=\"wp-block-heading\">Qu\u00e9 agrega el dato <strong>Germ\u00e1n Mart\u00ednez 2023<\/strong><\/h2>\n\n\n\n<p>Lejos de una \u201crecuperaci\u00f3n\u201d estructural, el n\u00famero de <strong>Mart\u00ednez<\/strong> muestra que incluso <strong>antes<\/strong> de la boleta de Fuerza Patria el peronismo estaba mejor posicionado: <strong>583.589<\/strong> frente a los <strong>467.397<\/strong> de 2025. En dos a\u00f1os perdi\u00f3 <strong>116.192<\/strong> sufragios (<strong>\u221219,9%<\/strong>).<br>Contra otros hitos, el derrumbe tambi\u00e9n es claro: <strong>\u221247,5%<\/strong> versus 2019; <strong>\u221221,5%<\/strong> versus 2015; <strong>\u221218,1%<\/strong> versus 2021; <strong>\u22128,2%<\/strong> versus 2017.<\/p>\n\n\n\n<h2 class=\"wp-block-heading\">El factor Rossi: techo bajo\u2026 y aun as\u00ed por encima de Tepp<\/h2>\n\n\n\n<p>El contraste es elocuente: <strong>Rossi<\/strong>, s\u00edmbolo del choque con el campo por la <strong>125<\/strong> y con techo dur\u00edsimo en el interior productivo, <strong>super\u00f3<\/strong> a Tepp en <strong>2015<\/strong> y <strong>2017<\/strong>. Si el \u201caire fresco\u201d no pudo ganar siquiera al dirigente con peor recordatorio entre productores, el problema no fue \u201cideol\u00f3gico\u201d: fue <strong>falta de empat\u00eda, liderazgo y anclaje territorial<\/strong>.<\/p>\n","protected":false},"excerpt":{"rendered":"<p>La \u201crenovaci\u00f3n\u201d del peronismo santafesino con Caren Tepp (Fuerza Patria) naufrag\u00f3: 467.397 votos, piso hist\u00f3rico reciente. Ni el respaldo de Agust\u00edn Rossi \u2014una de las peores im\u00e1genes del pa\u00eds y con invicto de derrotas cuando encabeza\u2014 ni la alianza con la izquierda urbana evitaron el desplome.<\/p>\n","protected":false},"author":2,"featured_media":4275,"comment_status":"open","ping_status":"open","sticky":false,"template":"","format":"standard","meta":{"_acf_changed":false,"advanced_seo_description":"","jetpack_seo_html_title":"","jetpack_seo_noindex":false,"_jetpack_memberships_contains_paid_content":false,"footnotes":""},"categories":[4],"tags":[67,20,56,76,66],"class_list":["post-4274","post","type-post","status-publish","format-standard","has-post-thumbnail","hentry","category-politica","tag-caren-tepp","tag-destacados","tag-milei","tag-peronismo","tag-santa-fe"],"acf":[],"jetpack_featured_media_url":"https:\/\/elliberador.com\/wp-content\/uploads\/2025\/10\/1200x675-71-1.png","jetpack_sharing_enabled":true,"_links":{"self":[{"href":"https:\/\/elliberador.com\/index.php\/wp-json\/wp\/v2\/posts\/4274","targetHints":{"allow":["GET"]}}],"collection":[{"href":"https:\/\/elliberador.com\/index.php\/wp-json\/wp\/v2\/posts"}],"about":[{"href":"https:\/\/elliberador.com\/index.php\/wp-json\/wp\/v2\/types\/post"}],"author":[{"embeddable":true,"href":"https:\/\/elliberador.com\/index.php\/wp-json\/wp\/v2\/users\/2"}],"replies":[{"embeddable":true,"href":"https:\/\/elliberador.com\/index.php\/wp-json\/wp\/v2\/comments?post=4274"}],"version-history":[{"count":3,"href":"https:\/\/elliberador.com\/index.php\/wp-json\/wp\/v2\/posts\/4274\/revisions"}],"predecessor-version":[{"id":4287,"href":"https:\/\/elliberador.com\/index.php\/wp-json\/wp\/v2\/posts\/4274\/revisions\/4287"}],"wp:featuredmedia":[{"embeddable":true,"href":"https:\/\/elliberador.com\/index.php\/wp-json\/wp\/v2\/media\/4275"}],"wp:attachment":[{"href":"https:\/\/elliberador.com\/index.php\/wp-json\/wp\/v2\/media?parent=4274"}],"wp:term":[{"taxonomy":"category","embeddable":true,"href":"https:\/\/elliberador.com\/index.php\/wp-json\/wp\/v2\/categories?post=4274"},{"taxonomy":"post_tag","embeddable":true,"href":"https:\/\/elliberador.com\/index.php\/wp-json\/wp\/v2\/tags?post=4274"}],"curies":[{"name":"wp","href":"https:\/\/api.w.org\/{rel}","templated":true}]}}