{"id":4279,"date":"2025-10-28T19:28:44","date_gmt":"2025-10-28T22:28:44","guid":{"rendered":"https:\/\/elliberador.com\/?p=4279"},"modified":"2025-10-28T19:29:59","modified_gmt":"2025-10-28T22:29:59","slug":"rafaela-financio-propaganda-antisemita-con-dinero-publico","status":"publish","type":"post","link":"https:\/\/elliberador.com\/index.php\/2025\/10\/28\/rafaela-financio-propaganda-antisemita-con-dinero-publico\/","title":{"rendered":"Rafaela financi\u00f3 una guitarreada antisemita para seis personas con dinero p\u00fablico"},"content":{"rendered":"\n<h2 class=\"wp-block-heading\">Los hechos, sin eufemismos<\/h2>\n\n\n\n<p>El afiche del evento exhibi\u00f3 elementos <strong>asociados a la iconograf\u00eda de Ham\u00e1s<\/strong>: kefiah en verde, sand\u00eda como emblema de la primera intifada, pa\u00f1uelo-mapa <strong>sin Israel<\/strong> y flores que remiten a la est\u00e9tica con la que se glorifican <strong>secuestradores de aviones<\/strong> en los 70. Todo bajo la consigna de \u201coponerse a las pol\u00edticas de exterminio de Israel\u201d, <strong>acusaci\u00f3n falsa<\/strong> usada por la propaganda del terrorismo.<br><strong>Ham\u00e1s es una organizaci\u00f3n terrorista<\/strong> designada como tal por la Argentina y el mundo civilizado. Con dinero municipal, se le <strong>prest\u00f3 altavoz<\/strong> a su relato.<\/p>\n\n\n\n<h2 class=\"wp-block-heading\">Cultura vs. pauta ideol\u00f3gica<\/h2>\n\n\n\n<p><em>Cultura<\/em> es lo que la sociedad <strong>crea libremente<\/strong>; <em>pauta cultural<\/em> es <strong>pol\u00edtica<\/strong> encubierta. Cuando el Estado decide \u201cfomentar la cultura\u201d, suele traducirse en <strong>discrecionalidad<\/strong>: se <strong>confisca<\/strong> v\u00eda impuestos el esfuerzo del contribuyente y se <strong>asignan<\/strong> recursos a la <strong>identidad ideol\u00f3gica<\/strong> que el funcionario prefiere.<br>El resultado del s\u00e1bado es elocuente: <strong>seis personas<\/strong> escuchando a un \u201cartista\u201d tra\u00eddo desde C\u00f3rdoba para <strong>militar<\/strong> una causa <strong>ajena al inter\u00e9s p\u00fablico local<\/strong>. Eso <strong>no es arte<\/strong>; es <strong>uso pol\u00edtico<\/strong> de plata ajena.<\/p>\n\n\n\n<h2 class=\"wp-block-heading\">Responsables con nombre y presupuesto<\/h2>\n\n\n\n<p>La Municipalidad intent\u00f3 <strong>lavarse las manos<\/strong> y culpar a la <strong>Comisi\u00f3n Municipal para la Promoci\u00f3n de la Cultura<\/strong>. Pero la comisi\u00f3n <strong>es financiada<\/strong> por el Municipio y, por tanto, <strong>responde<\/strong> al Municipio. Este a\u00f1o maneja <strong>m\u00e1s de $124 millones<\/strong>. Si con ese dinero se publicitan actos que <strong>blanquean<\/strong> a Ham\u00e1s, el problema <strong>no es un afiche<\/strong>, es el <strong>sistema<\/strong>.<\/p>\n\n\n\n<h2 class=\"wp-block-heading\">Preguntas que exigen respuesta<\/h2>\n\n\n\n<ul class=\"wp-block-list\">\n<li><strong>\u00bfCu\u00e1nto cost\u00f3<\/strong> el traslado, cachet y producci\u00f3n del evento?<\/li>\n\n\n\n<li><strong>\u00bfQui\u00e9n firm\u00f3<\/strong> la autorizaci\u00f3n y bajo qu\u00e9 <strong>criterios<\/strong>?<\/li>\n\n\n\n<li><strong>\u00bfQu\u00e9 mecanismos<\/strong> de evaluaci\u00f3n ex ante y ex post existen para medir <strong>inter\u00e9s p\u00fablico<\/strong> y <strong>asistencia real<\/strong>?<\/li>\n\n\n\n<li><strong>\u00bfQu\u00e9 sanciones<\/strong> habr\u00e1 para los responsables?<\/li>\n<\/ul>\n\n\n\n<h2 class=\"wp-block-heading\">Lo que corresponde hacer ya<\/h2>\n\n\n\n<ol class=\"wp-block-list\">\n<li><strong>Publicar<\/strong> de inmediato <strong>contratos, \u00f3rdenes de pago y expedientes<\/strong> del evento.<\/li>\n\n\n\n<li><strong>Suspender<\/strong> preventivamente las l\u00edneas de subsidio cultural <strong>discrecional<\/strong>.<\/li>\n\n\n\n<li><strong>Derogar<\/strong> la arquitectura de \u201ccomisiones\u201d que reparten fondos entre <strong>amigos del poder<\/strong>.<\/li>\n\n\n\n<li>Establecer una <strong>regla simple<\/strong>: <em>contribuyente no financia propaganda<\/em>. Proyectos culturales deber\u00e1n <strong>autosustentarse<\/strong> o conseguir <strong>auspiciantes privados<\/strong>; el Estado, a lo sumo, <strong>facilita permisos<\/strong>, no paga micr\u00f3fonos.<\/li>\n<\/ol>\n\n\n\n<h2 class=\"wp-block-heading\">Un l\u00edmite civilizatorio<\/h2>\n\n\n\n<p>Argentina sufri\u00f3 <strong>atentados terroristas<\/strong>; sabe lo que significa glorificar a quienes promueven la <strong>aniquilaci\u00f3n<\/strong> de un pa\u00eds aliado y la <strong>persecuci\u00f3n<\/strong> de civiles. <strong>Rafaela<\/strong> no puede ser plataforma para esa narrativa con <strong>plata de todos<\/strong>. A los que quieran montar estos actos, <strong>libertad total<\/strong> en el \u00e1mbito <strong>privado<\/strong>: alquilen su sala, junten su audiencia y paguen su costo.<br>Con el dinero del contribuyente, <strong>basta de financiar la barbarie<\/strong>.<\/p>\n","protected":false},"excerpt":{"rendered":"<p>La Municipalidad de Rafaela destin\u00f3 fondos a un evento titulado \u201cOratoria x Gaza\u201d promocionado con simbolismo pro-Ham\u00e1s. Hubo seis asistentes. La respuesta oficial fue tibia y deriv\u00f3 responsabilidades en la Comisi\u00f3n Municipal para la Promoci\u00f3n de la Cultura, que maneja m\u00e1s de $124 millones anuales. Desde El Liberador sostenemos: cultura s\u00ed; propaganda de grupos terroristas, nunca.<\/p>\n","protected":false},"author":2,"featured_media":4280,"comment_status":"open","ping_status":"open","sticky":false,"template":"","format":"standard","meta":{"_acf_changed":false,"advanced_seo_description":"","jetpack_seo_html_title":"","jetpack_seo_noindex":false,"_jetpack_memberships_contains_paid_content":false,"footnotes":""},"categories":[38],"tags":[20,165,66],"class_list":["post-4279","post","type-post","status-publish","format-standard","has-post-thumbnail","hentry","category-regionales","tag-destacados","tag-rafaela","tag-santa-fe"],"acf":[],"jetpack_featured_media_url":"https:\/\/elliberador.com\/wp-content\/uploads\/2025\/10\/Captura-de-pantalla-2025-10-28-192746.png","jetpack_sharing_enabled":true,"_links":{"self":[{"href":"https:\/\/elliberador.com\/index.php\/wp-json\/wp\/v2\/posts\/4279","targetHints":{"allow":["GET"]}}],"collection":[{"href":"https:\/\/elliberador.com\/index.php\/wp-json\/wp\/v2\/posts"}],"about":[{"href":"https:\/\/elliberador.com\/index.php\/wp-json\/wp\/v2\/types\/post"}],"author":[{"embeddable":true,"href":"https:\/\/elliberador.com\/index.php\/wp-json\/wp\/v2\/users\/2"}],"replies":[{"embeddable":true,"href":"https:\/\/elliberador.com\/index.php\/wp-json\/wp\/v2\/comments?post=4279"}],"version-history":[{"count":2,"href":"https:\/\/elliberador.com\/index.php\/wp-json\/wp\/v2\/posts\/4279\/revisions"}],"predecessor-version":[{"id":4282,"href":"https:\/\/elliberador.com\/index.php\/wp-json\/wp\/v2\/posts\/4279\/revisions\/4282"}],"wp:featuredmedia":[{"embeddable":true,"href":"https:\/\/elliberador.com\/index.php\/wp-json\/wp\/v2\/media\/4280"}],"wp:attachment":[{"href":"https:\/\/elliberador.com\/index.php\/wp-json\/wp\/v2\/media?parent=4279"}],"wp:term":[{"taxonomy":"category","embeddable":true,"href":"https:\/\/elliberador.com\/index.php\/wp-json\/wp\/v2\/categories?post=4279"},{"taxonomy":"post_tag","embeddable":true,"href":"https:\/\/elliberador.com\/index.php\/wp-json\/wp\/v2\/tags?post=4279"}],"curies":[{"name":"wp","href":"https:\/\/api.w.org\/{rel}","templated":true}]}}