{"id":4319,"date":"2025-10-30T09:00:00","date_gmt":"2025-10-30T12:00:00","guid":{"rendered":"https:\/\/elliberador.com\/?p=4319"},"modified":"2025-10-30T16:08:37","modified_gmt":"2025-10-30T19:08:37","slug":"el-liberalismo-como-batalla-cultural","status":"publish","type":"post","link":"https:\/\/elliberador.com\/index.php\/2025\/10\/30\/el-liberalismo-como-batalla-cultural\/","title":{"rendered":"El liberalismo como batalla cultural"},"content":{"rendered":"\n<blockquote class=\"wp-block-quote is-layout-flow wp-block-quote-is-layout-flow\">\n<p>\u201cEl Estado coacciona al individuo impidiendo que tenga propiedad, libertad y vida.\u201d<br>\u2014 <em>Agust\u00edn Laje<\/em><\/p>\n<\/blockquote>\n\n\n\n<p>Javier Milei no s\u00f3lo est\u00e1 cambiando la econom\u00eda; est\u00e1 cambiando la cultura pol\u00edtica de la Argentina. Su proyecto va mucho m\u00e1s all\u00e1 del ajuste o de los n\u00fameros fiscales. En el fondo, se libra una batalla de sentido: la que enfrenta al individuo due\u00f1o de s\u00ed mismo contra el Estado que pretende moldearlo todo.<\/p>\n\n\n\n<p>Durante d\u00e9cadas, el Estado se present\u00f3 como salvador. Prometi\u00f3 proteger, asistir, redistribuir. Pero, como bien advierte Agust\u00edn Laje, en ese proceso termin\u00f3 arrebat\u00e1ndole al ciudadano lo esencial: la capacidad de decidir, producir y poseer. La pol\u00edtica tradicional legitim\u00f3 esa servidumbre con la excusa de la \u201cinclusi\u00f3n\u201d.<\/p>\n\n\n\n<p><strong>Hoy, esa narrativa se derrumba.<\/strong><\/p>\n\n\n\n<hr class=\"wp-block-separator has-alpha-channel-opacity\"\/>\n\n\n\n<blockquote class=\"wp-block-quote is-layout-flow wp-block-quote-is-layout-flow\">\n<p>\u201cEl cambio no lo detiene nadie.\u201d<br>\u2014 <em>Javier Milei<\/em><\/p>\n<\/blockquote>\n\n\n\n<p>La Libertad Avanza no s\u00f3lo administra un nuevo gobierno; <strong>instala una nueva moral p\u00fablica.<\/strong><br>Reducir ministerios, eliminar privilegios y desmontar regulaciones no es tecnocracia: es una restituci\u00f3n de soberan\u00eda al individuo.<\/p>\n\n\n\n<p>La victoria legislativa de octubre consagr\u00f3 esa idea. Por primera vez en d\u00e9cadas, el pueblo eligi\u00f3 conscientemente un modelo que no promete m\u00e1s Estado, sino m\u00e1s libertad.<\/p>\n\n\n\n<p>En una sociedad acostumbrada a delegar su destino, este giro cultural es revolucionario. La llamada <em>era violeta<\/em> no es s\u00f3lo pol\u00edtica: es <strong>est\u00e9tica, moral y econ\u00f3mica<\/strong>. Representa a una generaci\u00f3n que se cans\u00f3 de pedir permiso para prosperar.<\/p>\n\n\n\n<hr class=\"wp-block-separator has-alpha-channel-opacity\"\/>\n\n\n\n<p>El liberalismo que hoy encarna Milei no es anarqu\u00eda ni ego\u00edsmo. Es responsabilidad y respeto:<br><strong>responsabilidad<\/strong> de construir sin esperar favores, <strong>respeto<\/strong> por quien piensa distinto pero trabaja por lo suyo.<\/p>\n\n\n\n<p>Esa es la nueva \u00e9tica argentina que emerge desde abajo y que, por primera vez en mucho tiempo, tiene representaci\u00f3n real arriba. La batalla cultural no se gana en los ministerios, sino en las mentes.<\/p>\n\n\n\n<p>La educaci\u00f3n, los medios, las redes y el arte son los verdaderos campos de combate del siglo XXI.<br>El liberalismo avanza cuando deja de ser consigna y se convierte en costumbre.<\/p>\n\n\n\n<h5 class=\"wp-block-heading\" id=\"block-58294644-1e7f-46de-b866-6c797d00e98b\">\u2014 Ecus<br><em>La libertad no se mendiga, se ejerce<\/em><\/h5>\n\n\n\n<p><\/p>\n","protected":false},"excerpt":{"rendered":"<p>La nueva mayor\u00eda libertaria no s\u00f3lo cambia leyes, cambia valores.<\/p>\n","protected":false},"author":2,"featured_media":4321,"comment_status":"open","ping_status":"open","sticky":false,"template":"","format":"standard","meta":{"_acf_changed":false,"advanced_seo_description":"La nueva mayor\u00eda libertaria no s\u00f3lo cambia leyes, cambia valores.","jetpack_seo_html_title":"El liberalismo como batalla cultural","jetpack_seo_noindex":false,"_jetpack_memberships_contains_paid_content":false,"footnotes":""},"categories":[35],"tags":[168,137,138,20,119,47,56,126],"class_list":["post-4319","post","type-post","status-publish","format-standard","has-post-thumbnail","hentry","category-opinion","tag-agustin-laje","tag-batalla-cultural","tag-desctados","tag-destacados","tag-javier-milei","tag-la-libertad-avanza","tag-milei","tag-politica-argentina"],"acf":[],"jetpack_featured_media_url":"https:\/\/elliberador.com\/wp-content\/uploads\/2025\/10\/Notaliberal.png","jetpack_sharing_enabled":true,"_links":{"self":[{"href":"https:\/\/elliberador.com\/index.php\/wp-json\/wp\/v2\/posts\/4319","targetHints":{"allow":["GET"]}}],"collection":[{"href":"https:\/\/elliberador.com\/index.php\/wp-json\/wp\/v2\/posts"}],"about":[{"href":"https:\/\/elliberador.com\/index.php\/wp-json\/wp\/v2\/types\/post"}],"author":[{"embeddable":true,"href":"https:\/\/elliberador.com\/index.php\/wp-json\/wp\/v2\/users\/2"}],"replies":[{"embeddable":true,"href":"https:\/\/elliberador.com\/index.php\/wp-json\/wp\/v2\/comments?post=4319"}],"version-history":[{"count":4,"href":"https:\/\/elliberador.com\/index.php\/wp-json\/wp\/v2\/posts\/4319\/revisions"}],"predecessor-version":[{"id":4324,"href":"https:\/\/elliberador.com\/index.php\/wp-json\/wp\/v2\/posts\/4319\/revisions\/4324"}],"wp:featuredmedia":[{"embeddable":true,"href":"https:\/\/elliberador.com\/index.php\/wp-json\/wp\/v2\/media\/4321"}],"wp:attachment":[{"href":"https:\/\/elliberador.com\/index.php\/wp-json\/wp\/v2\/media?parent=4319"}],"wp:term":[{"taxonomy":"category","embeddable":true,"href":"https:\/\/elliberador.com\/index.php\/wp-json\/wp\/v2\/categories?post=4319"},{"taxonomy":"post_tag","embeddable":true,"href":"https:\/\/elliberador.com\/index.php\/wp-json\/wp\/v2\/tags?post=4319"}],"curies":[{"name":"wp","href":"https:\/\/api.w.org\/{rel}","templated":true}]}}