{"id":4333,"date":"2025-10-30T20:03:28","date_gmt":"2025-10-30T23:03:28","guid":{"rendered":"https:\/\/elliberador.com\/?p=4333"},"modified":"2025-10-30T20:40:57","modified_gmt":"2025-10-30T23:40:57","slug":"salen-a-la-luz-nuevos-detalles-del-desfalco-peronista-tepp-cachi-con-plata-de-la-tragedia-un-concejal-involucrado","status":"publish","type":"post","link":"https:\/\/elliberador.com\/index.php\/2025\/10\/30\/salen-a-la-luz-nuevos-detalles-del-desfalco-peronista-tepp-cachi-con-plata-de-la-tragedia-un-concejal-involucrado\/","title":{"rendered":"Salen a la luz nuevos detalles del desfalco peronista Tepp\u2013Cachi con plata de la tragedia: un concejal involucrado"},"content":{"rendered":"\n<p>El esc\u00e1ndalo que sacude al peronismo santafesino dej\u00f3 de ser solo una denuncia administrativa. Lo que emerge ahora es un entramado obsceno de <strong>corrupci\u00f3n, apropiaci\u00f3n pol\u00edtica de la solidaridad y uso de una tragedia como fachada para acumular poder y dinero dentro del Estado<\/strong>.<\/p>\n\n\n\n<p>Los n\u00fameros hablan solos: m\u00e1s de <strong>$21 millones<\/strong> destinados originalmente a ayudar a las v\u00edctimas de la inundaci\u00f3n del 29 de abril de 2003 \u2014una de las tragedias m\u00e1s profundas de la provincia\u2014 terminaron financiando campa\u00f1as pol\u00edticas. Y no campa\u00f1as cualquiera: <strong>la de Caren Tepp para el Congreso y la de Pedro \u201cProfe\u201d Medei para el Concejo de Santa Fe<\/strong>.<\/p>\n\n\n\n<h3 class=\"wp-block-heading\"><strong>Pedro Medei: el tesorero se financi\u00f3 a s\u00ed mismo<\/strong><\/h3>\n\n\n\n<p>La Asociaci\u00f3n Civil <em>29 de Abril<\/em> ten\u00eda un objetivo noble: asistir a damnificados.<br>Pero su <strong>tesorero actual<\/strong>, el concejal peronista <strong>Pedro Medei<\/strong>, habr\u00eda utilizado la caja de la ONG para <strong>financiar su propia campa\u00f1a electoral<\/strong>.<\/p>\n\n\n\n<p>El que controlaba el dinero era el beneficiario directo.<br>No hay eufemismo posible: <strong>es un manual de corrupci\u00f3n<\/strong>.<\/p>\n\n\n\n<p>Medei, que encabez\u00f3 la lista a concejales por <em>Fuerza Patria<\/em>, aparece como responsable de manejar la cuenta de una ONG creada por la solidaridad ciudadana\u2026 y redirigirla a su campa\u00f1a personal. Una escena grotesca incluso para los est\u00e1ndares del peronismo local.<\/p>\n\n\n\n<h3 class=\"wp-block-heading\"><strong>La presidente de la ONG, puente con Cachi Mart\u00ednez<\/strong><\/h3>\n\n\n\n<p>Pero el caso toma a\u00fan m\u00e1s forma cuando aparece el segundo nombre clave: <strong>Miriam Hayd\u00e9e Reibel<\/strong>, presidente de la ONG desde 2019.<br>Un nombre desconocido para la mayor\u00eda, salvo por un detalle decisivo: Reibel es <strong>la segunda responsable econ\u00f3mica del partido <em>100% Santafesino<\/em><\/strong>.<\/p>\n\n\n\n<p>\u00bfQui\u00e9n cre\u00f3 ese partido?<br><strong>Oscar \u201cCachi\u201d Mart\u00ednez.<\/strong><\/p>\n\n\n\n<p>\u00bfPara qu\u00e9 naci\u00f3?<br>Para construir poder territorial peronista desde 2009, participando en alianzas con el massismo, el PJ y distintos sellos provinciales siempre con el mismo objetivo: <strong>poder, cargos, presupuesto estatal<\/strong>.<\/p>\n\n\n\n<p>Es decir, la persona que administraba la econom\u00eda del partido pol\u00edtico de Cachi tambi\u00e9n administraba la ONG que termin\u00f3 financiando a dirigentes vinculados a ese mismo espacio. <strong>Todo cierra.<\/strong><\/p>\n\n\n\n<h3 class=\"wp-block-heading\"><strong>El mecanismo<\/strong><\/h3>\n\n\n\n<ul class=\"wp-block-list\">\n<li>ONG creada para asistir a v\u00edctimas \u2192 \u2705<\/li>\n\n\n\n<li>Justificaci\u00f3n emocional: una tragedia santafesina \u2192 \u2705<\/li>\n\n\n\n<li>Dirigentes peronistas toman control de la entidad \u2192 \u2705<\/li>\n\n\n\n<li>La convierten en caja para financiar campa\u00f1as propias \u2192 \u2705<\/li>\n\n\n\n<li>El tesorero se financia a s\u00ed mismo \u2192 \u2705<\/li>\n\n\n\n<li>La presidenta es la responsable financiera del partido de Cachi \u2192 \u2705<\/li>\n<\/ul>\n\n\n\n<p>No es solidaridad.<br>No es militancia social.<br>Es <strong>robarle a la tragedia<\/strong>.<\/p>\n\n\n\n<p>Es usar el dolor de miles para <strong>comprar poder pol\u00edtico y vivir del Estado<\/strong>.<\/p>\n\n\n\n<h3 class=\"wp-block-heading\"><strong>El final del relato<\/strong><\/h3>\n\n\n\n<p>El peronismo santafesino, que se envuelve en discursos de \u201cempat\u00eda\u201d y \u201cjusticia social\u201d, vuelve a mostrar su ADN: <strong>ONGs como usinas de plata<\/strong>, pobreza administrada como capital pol\u00edtico y tragedias convertidas en oportunidades de caja partidaria.<\/p>\n\n\n\n<p>Mientras los inundados esperaban ayuda, <strong>la plata iba a Google Ads, Facebook Ads, Instagram y afiches electorales<\/strong>.<br>Mientras el discurso progresista hablaba de \u201cderechos\u201d, en los libros contables <strong>aparec\u00edan gastos de campa\u00f1a<\/strong>.<\/p>\n\n\n\n<figure class=\"wp-block-video\"><video height=\"816\" style=\"aspect-ratio: 400 \/ 816;\" width=\"400\" controls src=\"https:\/\/elliberador.com\/wp-content\/uploads\/2025\/10\/29-de-abril-ONG.mp4\"><\/video><\/figure>\n\n\n\n<p>El esc\u00e1ndalo no es solo legal.<br>Es moral.<br>Es cultural.<br>Es el programa hist\u00f3rico del peronismo:<\/p>\n\n\n\n<blockquote class=\"wp-block-quote is-layout-flow wp-block-quote-is-layout-flow\">\n<p><strong>convertir la desgracia en negocio y la solidaridad en kirchnerismo de caja.<\/strong><\/p>\n<\/blockquote>\n\n\n\n<p>Hoy Santa Fe ve la trama completa:<br>ONGs fantasmas, militantes profesionales, campa\u00f1as financiadas con dolor ajeno, y siempre los mismos nombres alrededor de la maquinaria: <strong>Tepp, Medei, Reibel y Mart\u00ednez<\/strong>.<\/p>\n\n\n\n<p>No se trata de una grieta ideol\u00f3gica.<br>Se trata de una l\u00ednea \u00e9tica: <strong>o est\u00e1s del lado de la gente o del lado de los que la usan<\/strong>.<\/p>\n","protected":false},"excerpt":{"rendered":"<p>Una ONG creada para ayudar a las v\u00edctimas de la hist\u00f3rica inundaci\u00f3n del 29 de abril termin\u00f3 financiando campa\u00f1as del peronismo santafesino. Fondos solidarios desviados, el tesorero benefici\u00e1ndose a s\u00ed mismo y v\u00ednculos directos con el partido de Cachi Mart\u00ednez revelan el uso del dolor social como caja pol\u00edtica.<\/p>\n","protected":false},"author":2,"featured_media":4334,"comment_status":"open","ping_status":"open","sticky":false,"template":"","format":"standard","meta":{"_acf_changed":false,"advanced_seo_description":"","jetpack_seo_html_title":"","jetpack_seo_noindex":false,"_jetpack_memberships_contains_paid_content":false,"footnotes":""},"categories":[4],"tags":[202,20,205,204,66],"class_list":["post-4333","post","type-post","status-publish","format-standard","has-post-thumbnail","hentry","category-politica","tag-cachi-martinez","tag-destacados","tag-medei","tag-pedro-medei","tag-santa-fe"],"acf":[],"jetpack_featured_media_url":"https:\/\/elliberador.com\/wp-content\/uploads\/2025\/10\/Captura-de-pantalla-2025-10-30-195603.png","jetpack_sharing_enabled":true,"_links":{"self":[{"href":"https:\/\/elliberador.com\/index.php\/wp-json\/wp\/v2\/posts\/4333","targetHints":{"allow":["GET"]}}],"collection":[{"href":"https:\/\/elliberador.com\/index.php\/wp-json\/wp\/v2\/posts"}],"about":[{"href":"https:\/\/elliberador.com\/index.php\/wp-json\/wp\/v2\/types\/post"}],"author":[{"embeddable":true,"href":"https:\/\/elliberador.com\/index.php\/wp-json\/wp\/v2\/users\/2"}],"replies":[{"embeddable":true,"href":"https:\/\/elliberador.com\/index.php\/wp-json\/wp\/v2\/comments?post=4333"}],"version-history":[{"count":3,"href":"https:\/\/elliberador.com\/index.php\/wp-json\/wp\/v2\/posts\/4333\/revisions"}],"predecessor-version":[{"id":4339,"href":"https:\/\/elliberador.com\/index.php\/wp-json\/wp\/v2\/posts\/4333\/revisions\/4339"}],"wp:featuredmedia":[{"embeddable":true,"href":"https:\/\/elliberador.com\/index.php\/wp-json\/wp\/v2\/media\/4334"}],"wp:attachment":[{"href":"https:\/\/elliberador.com\/index.php\/wp-json\/wp\/v2\/media?parent=4333"}],"wp:term":[{"taxonomy":"category","embeddable":true,"href":"https:\/\/elliberador.com\/index.php\/wp-json\/wp\/v2\/categories?post=4333"},{"taxonomy":"post_tag","embeddable":true,"href":"https:\/\/elliberador.com\/index.php\/wp-json\/wp\/v2\/tags?post=4333"}],"curies":[{"name":"wp","href":"https:\/\/api.w.org\/{rel}","templated":true}]}}