{"id":4340,"date":"2025-10-30T17:48:23","date_gmt":"2025-10-30T20:48:23","guid":{"rendered":"https:\/\/elliberador.com\/?p=4340"},"modified":"2025-11-02T17:52:00","modified_gmt":"2025-11-02T20:52:00","slug":"milei-y-los-gobernadores-del-dialogo-federal-al-mandato-de-la-libertad","status":"publish","type":"post","link":"https:\/\/elliberador.com\/index.php\/2025\/10\/30\/milei-y-los-gobernadores-del-dialogo-federal-al-mandato-de-la-libertad\/","title":{"rendered":"Milei y los gobernadores: del di\u00e1logo federal al mandato de la libertad"},"content":{"rendered":"\n<p>El presidente <strong>Javier Milei<\/strong> reuni\u00f3 este jueves en la <strong>Casa Rosada<\/strong> a los gobernadores del pa\u00eds en una cumbre clave para consolidar su proyecto de gobierno. No fue una foto, fue un mensaje: <em>la libertad necesita orden, y el orden se construye con coraje pol\u00edtico<\/em>.<\/p>\n\n\n\n<p>Desde las 17:30, uno a uno fue llegando los mandatarios provinciales \u2014Ignacio Torres (Chubut), Claudio Vidal (Santa Cruz), Mart\u00edn Llaryora (C\u00f3rdoba), Maximiliano Pullaro (Santa Fe)\u2014 y varios m\u00e1s, convocados a un encuentro donde el <strong>Presidente pidi\u00f3 compromisos concretos<\/strong>. La agenda fue clara: <em>presupuesto 2026, reforma laboral y reforma tributaria<\/em>.<br>Milei habl\u00f3 sin eufemismos: el d\u00e9ficit cero <strong>no es negociable<\/strong>. El pa\u00eds que vot\u00f3 el 26 de octubre eligi\u00f3 terminar con el despilfarro y comenzar la reconstrucci\u00f3n desde la eficiencia, la responsabilidad y la libertad.<\/p>\n\n\n\n<p>En el Sal\u00f3n Eva Per\u00f3n se respiraba un clima distinto. Los gobernadores escucharon a un Milei que no solo convoca: <strong>marca el rumbo<\/strong>. Ya no hay promesas de campa\u00f1a, hay objetivos medibles. La presencia de <strong>Luis Caputo<\/strong> (Econom\u00eda), <strong>Lisandro Catal\u00e1n<\/strong> (Interior) y <strong>Patricia Bullrich<\/strong> (Seguridad) reforz\u00f3 el tono: <em>la gesti\u00f3n se federaliza, pero no se diluye<\/em>.<\/p>\n\n\n\n<hr class=\"wp-block-separator has-alpha-channel-opacity\"\/>\n\n\n\n<h3 class=\"wp-block-heading\"><strong>La voz oficial: Adorni y la hoja de ruta<\/strong><\/h3>\n\n\n\n<p>En la conferencia de prensa posterior, el vocero presidencial <strong>Manuel Adorni<\/strong> ampli\u00f3 los detalles del encuentro y dej\u00f3 frases que sintetizan la filosof\u00eda de esta gesti\u00f3n.<br>Confirm\u00f3 que el <strong>gasto p\u00fablico<\/strong> se redujo un <strong>32 %<\/strong> en los primeros meses del gobierno \u2014una poda sin precedentes en democracia\u2014 y que cualquier <strong>nueva ley con impacto fiscal deber\u00e1 especificar qu\u00e9 partida se reduce<\/strong> para compensar el gasto. Fue contundente: <\/p>\n\n\n\n<blockquote class=\"wp-block-quote is-layout-flow wp-block-quote-is-layout-flow\">\n<p><em>\u201cEl d\u00e9ficit cero no se negocia.\u201d<\/em><\/p>\n<\/blockquote>\n\n\n\n<div class=\"wp-block-group is-content-justification-center is-nowrap is-layout-flex wp-container-core-group-is-layout-23441af8 wp-block-group-is-layout-flex\">\n<div class=\"wp-block-media-text is-stacked-on-mobile is-image-fill-element\" style=\"grid-template-columns:40% auto\"><figure class=\"wp-block-media-text__media\"><img fetchpriority=\"high\" decoding=\"async\" width=\"1024\" height=\"576\" src=\"https:\/\/elliberador.com\/wp-content\/uploads\/2025\/11\/imagen_2025-11-02_173734406-1024x576.png\" alt=\"\" class=\"wp-image-4346 size-full\" style=\"object-position:50% 50%\" srcset=\"https:\/\/elliberador.com\/wp-content\/uploads\/2025\/11\/imagen_2025-11-02_173734406-1024x576.png 1024w, https:\/\/elliberador.com\/wp-content\/uploads\/2025\/11\/imagen_2025-11-02_173734406-300x169.png 300w, https:\/\/elliberador.com\/wp-content\/uploads\/2025\/11\/imagen_2025-11-02_173734406-768x432.png 768w, https:\/\/elliberador.com\/wp-content\/uploads\/2025\/11\/imagen_2025-11-02_173734406-1536x864.png 1536w, https:\/\/elliberador.com\/wp-content\/uploads\/2025\/11\/imagen_2025-11-02_173734406.png 1920w\" sizes=\"(max-width: 1024px) 100vw, 1024px\" \/><\/figure><div class=\"wp-block-media-text__content\">\n<p>Adorni tambi\u00e9n abord\u00f3 el frente laboral, asegurando que las reformas buscan <strong>\u201cempleo en blanco, inversi\u00f3n privada y salarios dignos\u201d<\/strong>, denunciando que las viejas regulaciones solo defendieron \u201c<strong>salarios miserables y empleos precarios<\/strong>\u201d.<br>En su tono calmo pero firme, el vocero tradujo a lenguaje t\u00e9cnico la visi\u00f3n de Milei: <em>orden, responsabilidad, productividad<\/em>.<\/p>\n<\/div><\/div>\n<\/div>\n\n\n\n<p><br>Mientras en el pasado los portavoces justificaban el descontrol, hoy explican el equilibrio.<\/p>\n\n\n\n<hr class=\"wp-block-separator has-alpha-channel-opacity\"\/>\n\n\n\n<h3 class=\"wp-block-heading\"><strong>Kicillof: pasado versus futuro<\/strong><\/h3>\n\n\n\n<div class=\"wp-block-media-text is-stacked-on-mobile is-image-fill-element\" style=\"grid-template-columns:40% auto\"><figure class=\"wp-block-media-text__media\"><img decoding=\"async\" width=\"1024\" height=\"576\" src=\"https:\/\/elliberador.com\/wp-content\/uploads\/2025\/11\/imagen_2025-11-02_173246120-1024x576.png\" alt=\"\" class=\"wp-image-4345 size-full\" style=\"object-position:50% 50%\" srcset=\"https:\/\/elliberador.com\/wp-content\/uploads\/2025\/11\/imagen_2025-11-02_173246120-1024x576.png 1024w, https:\/\/elliberador.com\/wp-content\/uploads\/2025\/11\/imagen_2025-11-02_173246120-300x169.png 300w, https:\/\/elliberador.com\/wp-content\/uploads\/2025\/11\/imagen_2025-11-02_173246120-768x432.png 768w, https:\/\/elliberador.com\/wp-content\/uploads\/2025\/11\/imagen_2025-11-02_173246120.png 1200w\" sizes=\"(max-width: 1024px) 100vw, 1024px\" \/><\/figure><div class=\"wp-block-media-text__content\">\n<p>En contraste, <strong>Axel Kicillof<\/strong> \u2014gobernador de Buenos Aires\u2014 eligi\u00f3 ausentarse del debate pol\u00edtico profundo. Su discurso, atado a las consignas del estatismo y al relato del gasto perpetuo, lo deja fuera del nuevo paradigma.<br>Su agenda se detiene en la <strong>nostalgia del Estado paternalista<\/strong>, en lugar de mirar hacia el modelo de <strong>competitividad y libertad econ\u00f3mica<\/strong> que hoy impulsa la Naci\u00f3n.<br>El pa\u00eds, en cambio, vot\u00f3 <strong>emancipaci\u00f3n fiscal, reducci\u00f3n de impuestos, y m\u00e9rito<\/strong>.<br>Kicillof representa el manual del siglo XX: planillas, deuda, subsidios.<br>Milei propone el tablero del siglo XXI: innovaci\u00f3n, inversi\u00f3n, trabajo.<\/p>\n<\/div><\/div>\n\n\n\n<p>Mientras el gobernador bonaerense habla de \u201cresistir el ajuste\u201d, el resto del pa\u00eds habla de <em>liberar el crecimiento<\/em>.<br>La reuni\u00f3n de gobernadores fue, en ese sentido, m\u00e1s que institucional: fue simb\u00f3lica. Mostr\u00f3 el contraste entre <strong>el pasado que se agota y el futuro que ya empez\u00f3<\/strong>.<\/p>\n\n\n\n<figure class=\"wp-block-image size-large\"><img decoding=\"async\" width=\"1024\" height=\"682\" src=\"https:\/\/elliberador.com\/wp-content\/uploads\/2025\/11\/WhatsApp-Image-2025-10-30-at-8.16.40-PM-1-1024x682.jpeg\" alt=\"\" class=\"wp-image-4341\" srcset=\"https:\/\/elliberador.com\/wp-content\/uploads\/2025\/11\/WhatsApp-Image-2025-10-30-at-8.16.40-PM-1-1024x682.jpeg 1024w, https:\/\/elliberador.com\/wp-content\/uploads\/2025\/11\/WhatsApp-Image-2025-10-30-at-8.16.40-PM-1-300x200.jpeg 300w, https:\/\/elliberador.com\/wp-content\/uploads\/2025\/11\/WhatsApp-Image-2025-10-30-at-8.16.40-PM-1-768x512.jpeg 768w, https:\/\/elliberador.com\/wp-content\/uploads\/2025\/11\/WhatsApp-Image-2025-10-30-at-8.16.40-PM-1-1536x1023.jpeg 1536w, https:\/\/elliberador.com\/wp-content\/uploads\/2025\/11\/WhatsApp-Image-2025-10-30-at-8.16.40-PM-1.jpeg 1600w\" sizes=\"(max-width: 1024px) 100vw, 1024px\" \/><\/figure>\n\n\n\n<h3 class=\"wp-block-heading\"><strong>El nuevo contrato federal<\/strong><\/h3>\n\n\n\n<p>Milei no busca subordinaci\u00f3n: busca <strong>alianzas productivas<\/strong>. El Presidente sabe que para transformar el pa\u00eds necesita que cada provincia deje de mendigar y empiece a generar.<br>La federalizaci\u00f3n liberal implica <strong>responsabilidad compartida<\/strong>: cada distrito debe administrar su presupuesto con criterio, sin clientelismo, sin d\u00e9ficit, sin privilegios.<\/p>\n\n\n\n<p>El mensaje es simple y poderoso: <\/p>\n\n\n\n<blockquote class=\"wp-block-quote is-layout-flow wp-block-quote-is-layout-flow\">\n<p><em>La libertad no se delega, se asume<\/em>.<\/p>\n<\/blockquote>\n\n\n\n<p>Argentina se encamina a un nuevo orden donde el m\u00e9rito, la eficiencia y la propiedad privada son el eje del progreso.<\/p>\n\n\n\n<p>Adornis lo resumi\u00f3 con precisi\u00f3n: <\/p>\n\n\n\n<blockquote class=\"wp-block-quote is-layout-flow wp-block-quote-is-layout-flow\">\n<p>\u201cEstamos abiertos a la discusi\u00f3n, pero <strong>no a retroceder en principios<\/strong>.\u201d<\/p>\n<\/blockquote>\n\n\n\n<p><br>Esa frase, m\u00e1s que un anuncio, fue una advertencia a la vieja pol\u00edtica: la era del gasto sin consecuencias termin\u00f3.<br>El cambio no pide permiso. Ya gobierna.<\/p>\n\n\n\n<h4 class=\"wp-block-heading\">\u2014 Ecus<br><em>La libertad no se mendiga, se ejerce<\/em><\/h4>\n","protected":false},"excerpt":{"rendered":"<p>La reuni\u00f3n en Casa Rosada marca el inicio de una nueva era liberal. Mientras Milei convoca al futuro, Kicillof se aferra al pasado.<\/p>\n","protected":false},"author":2,"featured_media":0,"comment_status":"open","ping_status":"open","sticky":false,"template":"","format":"standard","meta":{"_acf_changed":false,"advanced_seo_description":"La reuni\u00f3n en Casa Rosada marca el inicio de una nueva era liberal. Mientras Milei convoca al futuro, Kicillof se aferra al pasado.","jetpack_seo_html_title":"Milei y los gobernadores: del di\u00e1logo federal al mandato de la libertad","jetpack_seo_noindex":false,"_jetpack_memberships_contains_paid_content":false,"footnotes":""},"categories":[4],"tags":[20,119,47,56,126],"class_list":["post-4340","post","type-post","status-publish","format-standard","hentry","category-politica","tag-destacados","tag-javier-milei","tag-la-libertad-avanza","tag-milei","tag-politica-argentina"],"acf":[],"jetpack_featured_media_url":"","jetpack_sharing_enabled":true,"_links":{"self":[{"href":"https:\/\/elliberador.com\/index.php\/wp-json\/wp\/v2\/posts\/4340","targetHints":{"allow":["GET"]}}],"collection":[{"href":"https:\/\/elliberador.com\/index.php\/wp-json\/wp\/v2\/posts"}],"about":[{"href":"https:\/\/elliberador.com\/index.php\/wp-json\/wp\/v2\/types\/post"}],"author":[{"embeddable":true,"href":"https:\/\/elliberador.com\/index.php\/wp-json\/wp\/v2\/users\/2"}],"replies":[{"embeddable":true,"href":"https:\/\/elliberador.com\/index.php\/wp-json\/wp\/v2\/comments?post=4340"}],"version-history":[{"count":11,"href":"https:\/\/elliberador.com\/index.php\/wp-json\/wp\/v2\/posts\/4340\/revisions"}],"predecessor-version":[{"id":4354,"href":"https:\/\/elliberador.com\/index.php\/wp-json\/wp\/v2\/posts\/4340\/revisions\/4354"}],"wp:attachment":[{"href":"https:\/\/elliberador.com\/index.php\/wp-json\/wp\/v2\/media?parent=4340"}],"wp:term":[{"taxonomy":"category","embeddable":true,"href":"https:\/\/elliberador.com\/index.php\/wp-json\/wp\/v2\/categories?post=4340"},{"taxonomy":"post_tag","embeddable":true,"href":"https:\/\/elliberador.com\/index.php\/wp-json\/wp\/v2\/tags?post=4340"}],"curies":[{"name":"wp","href":"https:\/\/api.w.org\/{rel}","templated":true}]}}